{"id":7180,"date":"2020-08-28T14:06:49","date_gmt":"2020-08-28T17:06:49","guid":{"rendered":"http:\/\/www.caritasne2.org.br\/?p=7180"},"modified":"2020-09-08T21:13:13","modified_gmt":"2020-09-09T00:13:13","slug":"campanha-emergencial-atende-grupos-de-mulheres-assessorados-pela-caritas-diocesana-de-pesqueira","status":"publish","type":"post","link":"https:\/\/www.caritasne2.org.br\/site\/campanha-emergencial-atende-grupos-de-mulheres-assessorados-pela-caritas-diocesana-de-pesqueira\/","title":{"rendered":"Campanha Emergencial atende grupos de mulheres assessorados pela C\u00e1ritas Diocesana de Pesqueira"},"content":{"rendered":"<div>\n<div>\n<p style=\"text-align: justify;\">Ao longo dos cinco meses de pandemia, a rede C\u00e1ritas de forma mundial, est\u00e1 promovendo iniciativas no intuito de amenizar os impactos causados com a chegada da covid-19. Desta vez, a C\u00e1ritas Diocesana de Pesqueira participou da Campanha Emergencial para o Nordeste, realizada pela C\u00e1ritas Brasileira Regional Nordeste 2 (AL, PE, PB, RN), a Regional Cear\u00e1 e a C\u00e1ritas Brasileira Regional Nordeste 3 (BA), em parceria com a C\u00e1ritas Su\u00ed\u00e7a e com o Consulado Geral da Alemanha em Recife, que atender\u00e1 diretamente 3.000 fam\u00edlias.<\/p>\n<p style=\"text-align: justify;\">Enquanto rede C\u00e1ritas Diocesana de Pesqueira, a campanha atendeu 111 mulheres e suas fam\u00edlias, beneficiando diretamente mais de 440 pessoas. Essas mulheres s\u00e3o integrantes de grupos de Economia Popular Solid\u00e1ria (EPS), assessorados pela C\u00e1ritas. As entregas aconteceram nos dias 20 e 21 deste m\u00eas, para os grupos:\u00a0Associa\u00e7\u00e3o Mista de Moradores e Produtores Rurais do distrito de Salobro, em Pesqueira; Grupo Mulheres Costurando Sonhos, em Bu\u00edque; No munic\u00edpio de Po\u00e7\u00e3o, o Grupo Mulheres de Renda; o Grupo Mulheres de Novo Cajueiro, em Pesqueira; e o Grupo Mulheres Angelicais, na cidade de Bu\u00edque.<\/p>\n<p class=\"x_MsoNormal\" style=\"text-align: justify;\">O diferencial nesta a\u00e7\u00e3o foram os produtos, as cestas tiveram todos os itens provenientes da agricultura familiar. A maioria dos alimentos\u00a0foi produzida pelas\u00a0pr\u00f3prias mulheres beneficiadas, com o principal objetivo do cuidado com a vida de mulheres agricultoras, quilombolas e ind\u00edgenas, bem como o incentivo e fomento a produ\u00e7\u00e3o do homem e da mulher do campo. Al\u00e9m disto, tamb\u00e9m foram entregues kits de higiene e limpeza para ajudar na conscientiza\u00e7\u00e3o dos cuidados com a higieniza\u00e7\u00e3o nesse per\u00edodo de pandemia.<\/p>\n<p class=\"x_MsoNormal\" style=\"text-align: justify;\">&#8220;Durante a pandemia realizamos muitas doa\u00e7\u00f5es, mas essa, de forma especial, foi uma experi\u00eancia nova. Ficamos muito felizes com a aquisi\u00e7\u00e3o total dos alimentos da agricultura familiar\u00a0e dos grupos de mulheres, pois conhecemos de perto o quanto \u00e9 importante o trabalho das agricultoras e dos agricultores, e com esta a\u00e7\u00e3o, al\u00e9m de doarmos alimentos, tamb\u00e9m conseguimos ajudar esse p\u00fablico a comercializar os seus produtos em um momento t\u00e3o dif\u00edcil&#8221;, comentou Magna Pollyana, secret\u00e1ria executiva da C\u00e1ritas Diocesana de Pesqueira.<\/p>\n<p class=\"x_MsoNormal\" style=\"text-align: justify;\">Esta a\u00e7\u00e3o foi pensada em duas etapas, estimulando o esp\u00edrito de solidariedade e partilha numa troca solid\u00e1ria, onde, no primeiro momento, as mulheres beneficiadas ficaram com o compromisso de indicar outras mulheres para tamb\u00e9m receberem as cestas na pr\u00f3xima entrega que ocorrer\u00e1 no m\u00eas de setembro.<\/p>\n<\/div>\n<\/div>\n<p style=\"text-align: justify;\">\u00a0&#8220;Gostaria de agradecer a todos os parceiros que ajudaram com essa a\u00e7\u00e3o aqui para o nosso grupo. Com toda certeza esses produtos v\u00e3o nos ajudar, principalmente com uma alimenta\u00e7\u00e3o mais saud\u00e1vel. Estou muito feliz e agradecida&#8221;, finalizou Wellita da Silva, moradora do distrito de Salobro.<\/p>\n<p style=\"text-align: justify;\"><a href=\"http:\/\/www.caritasne2.org.br\/campanha-emergencial-atende-grupos-de-mulheres-assessorados-pela-caritas-diocesana-de-pesqueira\/mulherers-de-renda-pocao-pesqueira-2\/\" rel=\"attachment wp-att-7187\"><img decoding=\"async\" loading=\"lazy\" class=\"aligncenter  wp-image-7187\" src=\"http:\/\/www.caritasne2.org.br\/wp-content\/uploads\/2020\/09\/Mulherers-de-renda-Po\u00e7\u00e3o-Pesqueira-2.jpg\" alt=\"\" width=\"456\" height=\"341\" srcset=\"https:\/\/www.caritasne2.org.br\/site\/wp-content\/uploads\/2020\/09\/Mulherers-de-renda-Po\u00e7\u00e3o-Pesqueira-2.jpg 1148w, https:\/\/www.caritasne2.org.br\/site\/wp-content\/uploads\/2020\/09\/Mulherers-de-renda-Po\u00e7\u00e3o-Pesqueira-2-300x224.jpg 300w, https:\/\/www.caritasne2.org.br\/site\/wp-content\/uploads\/2020\/09\/Mulherers-de-renda-Po\u00e7\u00e3o-Pesqueira-2-768x575.jpg 768w, https:\/\/www.caritasne2.org.br\/site\/wp-content\/uploads\/2020\/09\/Mulherers-de-renda-Po\u00e7\u00e3o-Pesqueira-2-1024x766.jpg 1024w\" sizes=\"(max-width: 456px) 100vw, 456px\" \/><\/a><\/p>\n<p style=\"text-align: justify;\"><a href=\"http:\/\/www.caritasne2.org.br\/campanha-emergencial-atende-grupos-de-mulheres-assessorados-pela-caritas-diocesana-de-pesqueira\/costurando-sonhos-buique-pe4\/\" rel=\"attachment wp-att-7185\"><img decoding=\"async\" loading=\"lazy\" class=\"aligncenter  wp-image-7185\" src=\"http:\/\/www.caritasne2.org.br\/wp-content\/uploads\/2020\/09\/Costurando-SOnhos-Buique-PE4.jpg\" alt=\"\" width=\"443\" height=\"304\" srcset=\"https:\/\/www.caritasne2.org.br\/site\/wp-content\/uploads\/2020\/09\/Costurando-SOnhos-Buique-PE4.jpg 1204w, https:\/\/www.caritasne2.org.br\/site\/wp-content\/uploads\/2020\/09\/Costurando-SOnhos-Buique-PE4-300x206.jpg 300w, https:\/\/www.caritasne2.org.br\/site\/wp-content\/uploads\/2020\/09\/Costurando-SOnhos-Buique-PE4-768x528.jpg 768w, https:\/\/www.caritasne2.org.br\/site\/wp-content\/uploads\/2020\/09\/Costurando-SOnhos-Buique-PE4-1024x703.jpg 1024w\" sizes=\"(max-width: 443px) 100vw, 443px\" \/><\/a><\/p>\n<p style=\"text-align: justify;\"><a href=\"http:\/\/www.caritasne2.org.br\/campanha-emergencial-atende-grupos-de-mulheres-assessorados-pela-caritas-diocesana-de-pesqueira\/salobro-pesqueira-pe4\/\" rel=\"attachment wp-att-7181\"><img decoding=\"async\" loading=\"lazy\" class=\"aligncenter  wp-image-7181\" src=\"http:\/\/www.caritasne2.org.br\/wp-content\/uploads\/2020\/09\/Salobro-Pesqueira-PE4.jpg\" alt=\"\" width=\"448\" height=\"301\" srcset=\"https:\/\/www.caritasne2.org.br\/site\/wp-content\/uploads\/2020\/09\/Salobro-Pesqueira-PE4.jpg 4668w, https:\/\/www.caritasne2.org.br\/site\/wp-content\/uploads\/2020\/09\/Salobro-Pesqueira-PE4-300x201.jpg 300w, https:\/\/www.caritasne2.org.br\/site\/wp-content\/uploads\/2020\/09\/Salobro-Pesqueira-PE4-768x515.jpg 768w, https:\/\/www.caritasne2.org.br\/site\/wp-content\/uploads\/2020\/09\/Salobro-Pesqueira-PE4-1024x687.jpg 1024w\" sizes=\"(max-width: 448px) 100vw, 448px\" \/><\/a><\/p>\n<p style=\"text-align: justify;\">\n<ul class=\"ssb_list_wrapper\"><li class=\"fb2\" style=\"width:135px\"><iframe src=\"\/\/www.facebook.com\/plugins\/like.php?href=https%3A%2F%2Fwww.caritasne2.org.br%2Fsite%2Fcampanha-emergencial-atende-grupos-de-mulheres-assessorados-pela-caritas-diocesana-de-pesqueira%2F&amp;layout=button_count&amp;action=like&amp;show_faces=false&amp;share=true&amp;width=135&amp;height=21&amp;appId=307091639398582\" scrolling=\"no\" frameborder=\"0\" style=\"border:none; overflow:hidden;  width:150px; height:21px;\" allowTransparency=\"true\"><\/iframe><\/li><li class=\"twtr\" style=\"width:90px\"><a href=\"https:\/\/twitter.com\/share\" class=\"twitter-share-button\" data-url=\"https:\/\/www.caritasne2.org.br\/site\/campanha-emergencial-atende-grupos-de-mulheres-assessorados-pela-caritas-diocesana-de-pesqueira\/\">&nbsp;<\/a><script>!function(d,s,id){var js,fjs=d.getElementsByTagName(s)[0],p=\/^http:\/.test(d.location)?'http':'https';if(!d.getElementById(id)){js=d.createElement(s);js.id=id;js.src=p+':\/\/platform.twitter.com\/widgets.js';fjs.parentNode.insertBefore(js,fjs);}}(document, 'script', 'twitter-wjs');<\/script><\/li><li class=\"gplus\" style=\"width:68px\"><div class=\"g-plusone\" data-size=\"medium\" data-href=\"https:\/\/www.caritasne2.org.br\/site\/campanha-emergencial-atende-grupos-de-mulheres-assessorados-pela-caritas-diocesana-de-pesqueira\/\"><\/div><\/li><li class=\"ssb_linkedin\" style=\"width:64px\"><script src=\"\/\/platform.linkedin.com\/in.js\" type=\"text\/javascript\">lang: en_US<\/script><script type=\"IN\/Share\" data-url=\"https:\/\/www.caritasne2.org.br\/site\/campanha-emergencial-atende-grupos-de-mulheres-assessorados-pela-caritas-diocesana-de-pesqueira\/\" data-counter=\"right\"><\/script><\/li><\/ul>","protected":false},"excerpt":{"rendered":"<p>Ao longo dos cinco meses de pandemia, a rede C\u00e1ritas de forma mundial, est\u00e1 promovendo iniciativas no intuito de amenizar os impactos causados com a chegada da covid-19. Desta vez, a C\u00e1ritas Diocesana de Pesqueira participou da Campanha Emergencial para o Nordeste, realizada pela C\u00e1ritas Brasileira Regional Nordeste 2 (AL, PE, PB, RN), a Regional Cear\u00e1 e a C\u00e1ritas Brasileira Regional Nordeste 3 (BA), em [&hellip;]<\/p>\n<ul class=\"ssb_list_wrapper\"><li class=\"fb2\" style=\"width:135px\"><iframe src=\"\/\/www.facebook.com\/plugins\/like.php?href=https%3A%2F%2Fwww.caritasne2.org.br%2Fsite%2Fcampanha-emergencial-atende-grupos-de-mulheres-assessorados-pela-caritas-diocesana-de-pesqueira%2F&amp;layout=button_count&amp;action=like&amp;show_faces=false&amp;share=true&amp;width=135&amp;height=21&amp;appId=307091639398582\" scrolling=\"no\" frameborder=\"0\" style=\"border:none; overflow:hidden;  width:150px; height:21px;\" allowTransparency=\"true\"><\/iframe><\/li><li class=\"twtr\" style=\"width:90px\"><a href=\"https:\/\/twitter.com\/share\" class=\"twitter-share-button\" data-url=\"https:\/\/www.caritasne2.org.br\/site\/campanha-emergencial-atende-grupos-de-mulheres-assessorados-pela-caritas-diocesana-de-pesqueira\/\">&nbsp;<\/a><script>!function(d,s,id){var js,fjs=d.getElementsByTagName(s)[0],p=\/^http:\/.test(d.location)?'http':'https';if(!d.getElementById(id)){js=d.createElement(s);js.id=id;js.src=p+':\/\/platform.twitter.com\/widgets.js';fjs.parentNode.insertBefore(js,fjs);}}(document, 'script', 'twitter-wjs');<\/script><\/li><li class=\"gplus\" style=\"width:68px\"><div class=\"g-plusone\" data-size=\"medium\" data-href=\"https:\/\/www.caritasne2.org.br\/site\/campanha-emergencial-atende-grupos-de-mulheres-assessorados-pela-caritas-diocesana-de-pesqueira\/\"><\/div><\/li><li class=\"ssb_linkedin\" style=\"width:64px\"><script src=\"\/\/platform.linkedin.com\/in.js\" type=\"text\/javascript\">lang: en_US<\/script><script type=\"IN\/Share\" data-url=\"https:\/\/www.caritasne2.org.br\/site\/campanha-emergencial-atende-grupos-de-mulheres-assessorados-pela-caritas-diocesana-de-pesqueira\/\" data-counter=\"right\"><\/script><\/li><\/ul>","protected":false},"author":4,"featured_media":7182,"comment_status":"open","ping_status":"open","sticky":false,"template":"","format":"standard","meta":[],"categories":[20],"tags":[],"_links":{"self":[{"href":"https:\/\/www.caritasne2.org.br\/site\/wp-json\/wp\/v2\/posts\/7180"}],"collection":[{"href":"https:\/\/www.caritasne2.org.br\/site\/wp-json\/wp\/v2\/posts"}],"about":[{"href":"https:\/\/www.caritasne2.org.br\/site\/wp-json\/wp\/v2\/types\/post"}],"author":[{"embeddable":true,"href":"https:\/\/www.caritasne2.org.br\/site\/wp-json\/wp\/v2\/users\/4"}],"replies":[{"embeddable":true,"href":"https:\/\/www.caritasne2.org.br\/site\/wp-json\/wp\/v2\/comments?post=7180"}],"version-history":[{"count":0,"href":"https:\/\/www.caritasne2.org.br\/site\/wp-json\/wp\/v2\/posts\/7180\/revisions"}],"wp:featuredmedia":[{"embeddable":true,"href":"https:\/\/www.caritasne2.org.br\/site\/wp-json\/wp\/v2\/media\/7182"}],"wp:attachment":[{"href":"https:\/\/www.caritasne2.org.br\/site\/wp-json\/wp\/v2\/media?parent=7180"}],"wp:term":[{"taxonomy":"category","embeddable":true,"href":"https:\/\/www.caritasne2.org.br\/site\/wp-json\/wp\/v2\/categories?post=7180"},{"taxonomy":"post_tag","embeddable":true,"href":"https:\/\/www.caritasne2.org.br\/site\/wp-json\/wp\/v2\/tags?post=7180"}],"curies":[{"name":"wp","href":"https:\/\/api.w.org\/{rel}","templated":true}]}}