{"id":7041,"date":"2020-07-14T08:36:10","date_gmt":"2020-07-14T11:36:10","guid":{"rendered":"http:\/\/www.caritasne2.org.br\/?p=7041"},"modified":"2020-07-24T09:31:24","modified_gmt":"2020-07-24T12:31:24","slug":"acao-emergencial-da-caritas-brasileira-ne2-beneficiara-3000-familias-em-6-estados-do-nordeste","status":"publish","type":"post","link":"https:\/\/www.caritasne2.org.br\/site\/acao-emergencial-da-caritas-brasileira-ne2-beneficiara-3000-familias-em-6-estados-do-nordeste\/","title":{"rendered":"A\u00e7\u00e3o emergencial da C\u00e1ritas Brasileira NE2  beneficiar\u00e1 3000 fam\u00edlias em 6 estados do Nordeste"},"content":{"rendered":"<p style=\"text-align: justify;\">Enquanto a pandemia do novo coronav\u00edrus avan\u00e7a em todas as partes do mundo e afeta especialmente as popula\u00e7\u00f5es mais vulner\u00e1veis, no nordeste do pa\u00eds as desigualdades sociais fragilizam a resist\u00eancia ao v\u00edrus, especialmente nas comunidades rurais, tradicionais, quilombolas, ind\u00edgenas e periferias, levando milhares de fam\u00edlias \u00e0 mortalidade ou letalidade pela covid-19.<\/p>\n<p style=\"text-align: justify;\">Diante deste cen\u00e1rio, a C\u00e1ritas Brasileira Regional Nordeste2 (AL, PE, PB, RN),\u00a0 a Regional Cear\u00e1, e a C\u00e1ritas Brasileira Regional Nordeste3 (Bahia), em parceria com a C\u00e1ritas Sui\u00e7a e com o Consulado Geral da Alemanha em Recife, desenvolveram a Campanha Emergencial para o Nordeste, que atender\u00e1 diretamente 3.000 fam\u00edlias.<\/p>\n<p style=\"text-align: justify;\">Ser\u00e3o doados kits de higiene e limpeza, equipamentos de prote\u00e7\u00e3o e cestas b\u00e1sicas, al\u00e9m de produtos provenientes da agricultura familiar. O fortalecimento da seguran\u00e7a alimentar e nutricional das fam\u00edlias beneficiadas tamb\u00e9m serve como aux\u00edlio aos grupos de mulheres agricultoras que em tempos de pandemia da Covid-19 encontram dificuldades para escoar a produ\u00e7\u00e3o.<\/p>\n<p style=\"text-align: justify;\">A a\u00e7\u00e3o tem como objetivo o incentivo ao consumo do pequeno produtor, assim como a conscientiza\u00e7\u00e3o sobre os cuidados de higieniza\u00e7\u00e3o, manuseio e comercializa\u00e7\u00e3o dos produtos diante da Covid 19.<\/p>\n<p style=\"text-align: justify;\">Para Neida Pereira, Secret\u00e1ria Regional da C\u00e1ritas Brasileira NE2, \u201cesse projeto tem como p\u00fablico principal mulheres, catadoras, quilombolas e ind\u00edgenas acompanhadas pela rede C\u00e1ritas. Al\u00e9m de garantir o acesso aos alimentos e material de higiene e limpeza, o projeto emergencial deve trazer mais informa\u00e7\u00f5es de forma contextualizada que favorecer\u00e3o o combate a propaga\u00e7\u00e3o do COVID-19\u201d, comenta.<\/p>\n<p style=\"text-align: justify;\">Indiretamente estima-se que 18.000 pessoas sejam atingidas com as iniciativas de forma\u00e7\u00e3o cidad\u00e3 e sensibiliza\u00e7\u00e3o contra propaga\u00e7\u00e3o da COVID-19 para mulheres, agricultoras, quilombolas, e ind\u00edgenas que a campanha ir\u00e1 abordar.<\/p>\n<p style=\"text-align: justify;\">\u00a0De acordo com a C\u00f4nsul do Consulado Geral da Alemanha em Recife, Martina Bock de Oliveira, a parceria com os escrit\u00f3rios regionais da C\u00e1ritas Brasil no Nordeste e com a C\u00e1ritas Sui\u00e7a surge do desejo em combater as consequ\u00eancias da crise do COVID-19 no Nordeste, especialmente nas parcelas mais vulner\u00e1veis da popula\u00e7\u00e3o. O financiamento do projeto acontece atrav\u00e9s do fundo de ajuda humanit\u00e1ria do Minist\u00e9rio das Rela\u00e7\u00f5es Externas da Alemanha.<\/p>\n<p style=\"text-align: justify;\">Nos estados de AL, PE, PB e RN que comp\u00f5em a C\u00e1ritas Brasileira NE2, 1.071 fam\u00edlias ser\u00e3o beneficiadas. Na Para\u00edba, 385 mulheres ser\u00e3o atendidas; no Rio Grande do Norte, ser\u00e3o 371 ; em Alagoas 145 e em Pernambuco, um total de 170.<\/p>\n<p style=\"text-align: justify;\">Segundo a representante da C\u00e1ritas Su\u00ed\u00e7a no Brasil, Rebekka Reischmann, \u201c\u00e9 fundamental fortalecer as a\u00e7\u00f5es e parcerias para garantir que as pessoas mais vulner\u00e1veis e exclu\u00eddas possam cobrir suas necessidades b\u00e1sicas e viver de forma digna nesse momento. A dissemina\u00e7\u00e3o r\u00e1pida do v\u00edrus e os impactos socioecon\u00f4micos da pandemia trazem uma preocupa\u00e7\u00e3o grande que requer a\u00e7\u00e3o da comunidade nacional e internacional para garantir os direitos b\u00e1sicos de cada cidad\u00e3 e cidad\u00e3o no Brasil\u201d.<\/p>\n<p style=\"text-align: justify;\">O lan\u00e7amento ocorreu no \u00faltimo dia 11 de julho, atrav\u00e9s da\u00a0 plataforma Microsoft Teams e contou com a presen\u00e7a do nosso bispo referencial Dom Manoel Delson, \u00a0dos representantes das organiza\u00e7\u00f5es parceiras , \u00a0e das entidades membros do Regional NE2.<\/p>\n<p style=\"text-align: justify;\"><a href=\"http:\/\/www.caritasne2.org.br\/?attachment_id=7037\" rel=\"attachment wp-att-7037\"><img decoding=\"async\" loading=\"lazy\" class=\"aligncenter wp-image-7037\" src=\"http:\/\/www.caritasne2.org.br\/wp-content\/uploads\/2020\/07\/2-300x156.png\" alt=\"\" width=\"446\" height=\"232\" srcset=\"https:\/\/www.caritasne2.org.br\/site\/wp-content\/uploads\/2020\/07\/2-300x156.png 300w, https:\/\/www.caritasne2.org.br\/site\/wp-content\/uploads\/2020\/07\/2.png 543w\" sizes=\"(max-width: 446px) 100vw, 446px\" \/><\/a><\/p>\n<p>&nbsp;<\/p>\n<p><a href=\"http:\/\/www.caritasne2.org.br\/?attachment_id=7039\" rel=\"attachment wp-att-7039\"><img decoding=\"async\" loading=\"lazy\" class=\"aligncenter wp-image-7039\" src=\"http:\/\/www.caritasne2.org.br\/wp-content\/uploads\/2020\/07\/6-300x154.png\" alt=\"\" width=\"440\" height=\"226\" srcset=\"https:\/\/www.caritasne2.org.br\/site\/wp-content\/uploads\/2020\/07\/6-300x154.png 300w, https:\/\/www.caritasne2.org.br\/site\/wp-content\/uploads\/2020\/07\/6.png 543w\" sizes=\"(max-width: 440px) 100vw, 440px\" \/><\/a><\/p>\n<p><a href=\"http:\/\/www.caritasne2.org.br\/?attachment_id=7040\" rel=\"attachment wp-att-7040\"><img decoding=\"async\" loading=\"lazy\" class=\"aligncenter wp-image-7040\" src=\"http:\/\/www.caritasne2.org.br\/wp-content\/uploads\/2020\/07\/7-300x157.png\" alt=\"\" width=\"443\" height=\"232\" srcset=\"https:\/\/www.caritasne2.org.br\/site\/wp-content\/uploads\/2020\/07\/7-300x157.png 300w, https:\/\/www.caritasne2.org.br\/site\/wp-content\/uploads\/2020\/07\/7.png 542w\" sizes=\"(max-width: 443px) 100vw, 443px\" \/><\/a><\/p>\n<ul class=\"ssb_list_wrapper\"><li class=\"fb2\" style=\"width:135px\"><iframe src=\"\/\/www.facebook.com\/plugins\/like.php?href=https%3A%2F%2Fwww.caritasne2.org.br%2Fsite%2Facao-emergencial-da-caritas-brasileira-ne2-beneficiara-3000-familias-em-6-estados-do-nordeste%2F&amp;layout=button_count&amp;action=like&amp;show_faces=false&amp;share=true&amp;width=135&amp;height=21&amp;appId=307091639398582\" scrolling=\"no\" frameborder=\"0\" style=\"border:none; overflow:hidden;  width:150px; height:21px;\" allowTransparency=\"true\"><\/iframe><\/li><li class=\"twtr\" style=\"width:90px\"><a href=\"https:\/\/twitter.com\/share\" class=\"twitter-share-button\" data-url=\"https:\/\/www.caritasne2.org.br\/site\/acao-emergencial-da-caritas-brasileira-ne2-beneficiara-3000-familias-em-6-estados-do-nordeste\/\">&nbsp;<\/a><script>!function(d,s,id){var js,fjs=d.getElementsByTagName(s)[0],p=\/^http:\/.test(d.location)?'http':'https';if(!d.getElementById(id)){js=d.createElement(s);js.id=id;js.src=p+':\/\/platform.twitter.com\/widgets.js';fjs.parentNode.insertBefore(js,fjs);}}(document, 'script', 'twitter-wjs');<\/script><\/li><li class=\"gplus\" style=\"width:68px\"><div class=\"g-plusone\" data-size=\"medium\" data-href=\"https:\/\/www.caritasne2.org.br\/site\/acao-emergencial-da-caritas-brasileira-ne2-beneficiara-3000-familias-em-6-estados-do-nordeste\/\"><\/div><\/li><li class=\"ssb_linkedin\" style=\"width:64px\"><script src=\"\/\/platform.linkedin.com\/in.js\" type=\"text\/javascript\">lang: en_US<\/script><script type=\"IN\/Share\" data-url=\"https:\/\/www.caritasne2.org.br\/site\/acao-emergencial-da-caritas-brasileira-ne2-beneficiara-3000-familias-em-6-estados-do-nordeste\/\" data-counter=\"right\"><\/script><\/li><\/ul>","protected":false},"excerpt":{"rendered":"<p>Enquanto a pandemia do novo coronav\u00edrus avan\u00e7a em todas as partes do mundo e afeta especialmente as popula\u00e7\u00f5es mais vulner\u00e1veis, no nordeste do pa\u00eds as desigualdades sociais fragilizam a resist\u00eancia ao v\u00edrus, especialmente nas comunidades rurais, tradicionais, quilombolas, ind\u00edgenas e periferias, levando milhares de fam\u00edlias \u00e0 mortalidade ou letalidade pela covid-19. Diante deste cen\u00e1rio, a C\u00e1ritas Brasileira Regional Nordeste2 (AL, PE, PB, RN),\u00a0 a Regional [&hellip;]<\/p>\n<ul class=\"ssb_list_wrapper\"><li class=\"fb2\" style=\"width:135px\"><iframe src=\"\/\/www.facebook.com\/plugins\/like.php?href=https%3A%2F%2Fwww.caritasne2.org.br%2Fsite%2Facao-emergencial-da-caritas-brasileira-ne2-beneficiara-3000-familias-em-6-estados-do-nordeste%2F&amp;layout=button_count&amp;action=like&amp;show_faces=false&amp;share=true&amp;width=135&amp;height=21&amp;appId=307091639398582\" scrolling=\"no\" frameborder=\"0\" style=\"border:none; overflow:hidden;  width:150px; height:21px;\" allowTransparency=\"true\"><\/iframe><\/li><li class=\"twtr\" style=\"width:90px\"><a href=\"https:\/\/twitter.com\/share\" class=\"twitter-share-button\" data-url=\"https:\/\/www.caritasne2.org.br\/site\/acao-emergencial-da-caritas-brasileira-ne2-beneficiara-3000-familias-em-6-estados-do-nordeste\/\">&nbsp;<\/a><script>!function(d,s,id){var js,fjs=d.getElementsByTagName(s)[0],p=\/^http:\/.test(d.location)?'http':'https';if(!d.getElementById(id)){js=d.createElement(s);js.id=id;js.src=p+':\/\/platform.twitter.com\/widgets.js';fjs.parentNode.insertBefore(js,fjs);}}(document, 'script', 'twitter-wjs');<\/script><\/li><li class=\"gplus\" style=\"width:68px\"><div class=\"g-plusone\" data-size=\"medium\" data-href=\"https:\/\/www.caritasne2.org.br\/site\/acao-emergencial-da-caritas-brasileira-ne2-beneficiara-3000-familias-em-6-estados-do-nordeste\/\"><\/div><\/li><li class=\"ssb_linkedin\" style=\"width:64px\"><script src=\"\/\/platform.linkedin.com\/in.js\" type=\"text\/javascript\">lang: en_US<\/script><script type=\"IN\/Share\" data-url=\"https:\/\/www.caritasne2.org.br\/site\/acao-emergencial-da-caritas-brasileira-ne2-beneficiara-3000-familias-em-6-estados-do-nordeste\/\" data-counter=\"right\"><\/script><\/li><\/ul>","protected":false},"author":4,"featured_media":7037,"comment_status":"open","ping_status":"open","sticky":false,"template":"","format":"standard","meta":[],"categories":[21,20],"tags":[],"_links":{"self":[{"href":"https:\/\/www.caritasne2.org.br\/site\/wp-json\/wp\/v2\/posts\/7041"}],"collection":[{"href":"https:\/\/www.caritasne2.org.br\/site\/wp-json\/wp\/v2\/posts"}],"about":[{"href":"https:\/\/www.caritasne2.org.br\/site\/wp-json\/wp\/v2\/types\/post"}],"author":[{"embeddable":true,"href":"https:\/\/www.caritasne2.org.br\/site\/wp-json\/wp\/v2\/users\/4"}],"replies":[{"embeddable":true,"href":"https:\/\/www.caritasne2.org.br\/site\/wp-json\/wp\/v2\/comments?post=7041"}],"version-history":[{"count":0,"href":"https:\/\/www.caritasne2.org.br\/site\/wp-json\/wp\/v2\/posts\/7041\/revisions"}],"wp:featuredmedia":[{"embeddable":true,"href":"https:\/\/www.caritasne2.org.br\/site\/wp-json\/wp\/v2\/media\/7037"}],"wp:attachment":[{"href":"https:\/\/www.caritasne2.org.br\/site\/wp-json\/wp\/v2\/media?parent=7041"}],"wp:term":[{"taxonomy":"category","embeddable":true,"href":"https:\/\/www.caritasne2.org.br\/site\/wp-json\/wp\/v2\/categories?post=7041"},{"taxonomy":"post_tag","embeddable":true,"href":"https:\/\/www.caritasne2.org.br\/site\/wp-json\/wp\/v2\/tags?post=7041"}],"curies":[{"name":"wp","href":"https:\/\/api.w.org\/{rel}","templated":true}]}}