{"id":7023,"date":"2020-07-20T15:34:17","date_gmt":"2020-07-20T18:34:17","guid":{"rendered":"http:\/\/www.caritasne2.org.br\/?p=7023"},"modified":"2020-07-20T15:34:18","modified_gmt":"2020-07-20T18:34:18","slug":"3-000-cestas-basicas-transformam-a-vida-de-familias-carentes-no-rio-grande-do-norte","status":"publish","type":"post","link":"https:\/\/www.caritasne2.org.br\/site\/3-000-cestas-basicas-transformam-a-vida-de-familias-carentes-no-rio-grande-do-norte\/","title":{"rendered":"3.000 cestas b\u00e1sicas transformam a vida de fam\u00edlias carentes no Rio Grande do Norte"},"content":{"rendered":"<p style=\"text-align: justify;\">Desde que a pandemia chegou no Brasil diversas a\u00e7\u00f5es para ajudar fam\u00edlias em situa\u00e7\u00e3o de vulnerabilidade que est\u00e3o sofrendo os impactos da crise gerada pelo Coronav\u00edrus, est\u00e3o sendo realizadas. Dentre elas, a A\u00e7\u00e3o Emergencial da Igreja no Brasil \u201c\u00c9 tempo de cuidar\u201d, promovida pela C\u00e1ritas Brasileira Nordeste 2 (CBNE2) em parceria com a \u00a0 Adveniat, institui\u00e7\u00e3o cat\u00f3lica alem\u00e3, que incentiva projetos de Evangeliza\u00e7\u00e3o e a\u00e7\u00f5es pastorais junto \u00e0s comunidades mais carentes na Am\u00e9rica Latina e no Caribe.<\/p>\n<p style=\"text-align: justify;\">\u00a0No Rio Grande do Norte, um dos estados de atua\u00e7\u00e3o da CBNE2, mais de 3.000 fam\u00edlias foram beneficiadas com doa\u00e7\u00f5es de alimentos, itens de higiene e limpeza, e m\u00e1scaras.<\/p>\n<p style=\"text-align: justify;\">Na capital Natal, 1.908 cestas b\u00e1sicas e kits de higiene foram entregues em comunidades vulner\u00e1veis. A iniciativa motivou 17 par\u00f3quias da regi\u00e3o a participar complementando os itens das cestas b\u00e1sicas com produtos regionais das localidade como\u00a0 cortes de frango, peixe, batata, mel de abelha, e at\u00e9\u00a0 camar\u00e3o. A C\u00e1ritas Arquidiocesana de Natal em parceria com o Governo do Estado conseguiu a doa\u00e7\u00e3o de 5.000 m\u00e1scaras.<\/p>\n<p style=\"text-align: justify;\">Para Kilza Gomes, integrante da diretoria da C\u00e1ritas Arquidiocesana de Natal, e do Conselho Regional da CBNE 2, \u201c foi uma experi\u00eancia de uma verdadeira a\u00e7\u00e3o em rede, onde todas as entidades se mobilizaram, e engajaram volunt\u00e1rios em prol do pr\u00f3ximo.\u00a0 Tivemos 17 par\u00f3quias envolvidas que deram seu toque pessoal em cada cesta, colocando seus \u00a0produtos regionais para que as fam\u00edlias ao receber a cesta se sentissem acolhidas e amadas\u201d.<\/p>\n<p style=\"text-align: justify;\">Na regi\u00e3o do Serid\u00f3 e Oeste Potiguar, nos munic\u00edpios de Caic\u00f3 e Mossor\u00f3, as comunidades rurais, assentamentos, grupo de mulheres, e distritos receberam 1.200 cestas b\u00e1sicas , al\u00e9m de kits de higiene e limpeza. Em Mossor\u00f3, a C\u00e1ritas Paroquial de Mossor\u00f3, distribuiu em toda a Diocese cerca de 990 cestas b\u00e1sicas, num total de quase 15 toneladas de alimentos. Estas cestas foram distribu\u00eddas nas 37 Par\u00f3quia, e 2 \u00c1reas Pastorais Aut\u00f4nomas da Diocese, onde cada par\u00f3quia recebeu 25 cestas para distribuir entre as fam\u00edlias carentes da regi\u00e3o.<\/p>\n<p style=\"text-align: justify;\">Francisco Canind\u00e9, conhecido como Chiquito, volunt\u00e1rio da Paroquial de Cear\u00e1-Mirim, contou sua experi\u00eancia em participar da a\u00e7\u00e3o emergencial. \u201c Participei de v\u00e1rias etapas desde o cadastro das fam\u00edlias at\u00e9 a entrega das cestas. E em cada entrega enxerguei nas fam\u00edlias carentes que o pouco que doamos apenas com as cestas, para eles representava \u00a0uma imensid\u00e3o de amor, e cuidado\u201d.<\/p>\n<p style=\"text-align: justify;\">Ele ainda finaliza. \u201cEsta a\u00e7\u00e3o para mim foi uma experi\u00eancia incr\u00edvel pois pude contemplar naquelas fam\u00edlias o Cristo Jesus, quando distribui as 30 cestas na comunidade de Mineiros, no Cear\u00e1 Mirim\u201d.<\/p>\n<p style=\"text-align: justify;\">\u201cPara n\u00f3s da Diocese de Caic\u00f3 o projeto chegou num momento muito prop\u00edcio, uma vez que na regi\u00e3o do Serid\u00f3 a C\u00e1ritas Diocesana de Caic\u00f3 \u00e9 uma das poucas organiza\u00e7\u00f5es que tem feito a\u00e7\u00f5es solid\u00e1rias, com doa\u00e7\u00e3o de cestas b\u00e1sicas, produtos de higiene e limpeza, e medicamentos que chegaram as fam\u00edlias que mais precisavam em tempos de novo coronav\u00edrus. Essa a\u00e7\u00e3o tamb\u00e9m nos permitiu incentivar o com\u00e9rcio local, do pequeno produtor, agricultores, e grupos de mulheres permitindo assim gerar renda e ajudar estes empreendimentos solid\u00e1rios\u201d, comenta Jos\u00e9 Carlos, diretor executivo da C\u00e1ritas Diocesana de Caic\u00f3.<\/p>\n<p><a href=\"http:\/\/www.caritasne2.org.br\/3-000-cestas-basicas-transformam-a-vida-de-familias-carentes-no-rio-grande-do-norte\/rn4\/\" rel=\"attachment wp-att-7027\"><img decoding=\"async\" loading=\"lazy\" class=\"aligncenter  wp-image-7027\" src=\"http:\/\/www.caritasne2.org.br\/wp-content\/uploads\/2020\/07\/RN4-225x300.jpg\" alt=\"\" width=\"299\" height=\"399\" srcset=\"https:\/\/www.caritasne2.org.br\/site\/wp-content\/uploads\/2020\/07\/RN4-225x300.jpg 225w, https:\/\/www.caritasne2.org.br\/site\/wp-content\/uploads\/2020\/07\/RN4-768x1024.jpg 768w, https:\/\/www.caritasne2.org.br\/site\/wp-content\/uploads\/2020\/07\/RN4.jpg 960w\" sizes=\"(max-width: 299px) 100vw, 299px\" \/><\/a><\/p>\n<p><a href=\"http:\/\/www.caritasne2.org.br\/3-000-cestas-basicas-transformam-a-vida-de-familias-carentes-no-rio-grande-do-norte\/rn3\/\" rel=\"attachment wp-att-7026\"><img decoding=\"async\" loading=\"lazy\" class=\"aligncenter  wp-image-7026\" src=\"http:\/\/www.caritasne2.org.br\/wp-content\/uploads\/2020\/07\/RN3-300x200.jpg\" alt=\"\" width=\"375\" height=\"250\" srcset=\"https:\/\/www.caritasne2.org.br\/site\/wp-content\/uploads\/2020\/07\/RN3-300x200.jpg 300w, https:\/\/www.caritasne2.org.br\/site\/wp-content\/uploads\/2020\/07\/RN3-768x512.jpg 768w, https:\/\/www.caritasne2.org.br\/site\/wp-content\/uploads\/2020\/07\/RN3-1024x682.jpg 1024w, https:\/\/www.caritasne2.org.br\/site\/wp-content\/uploads\/2020\/07\/RN3.jpg 1280w\" sizes=\"(max-width: 375px) 100vw, 375px\" \/><\/a><\/p>\n<p><a href=\"http:\/\/www.caritasne2.org.br\/3-000-cestas-basicas-transformam-a-vida-de-familias-carentes-no-rio-grande-do-norte\/rn5\/\" rel=\"attachment wp-att-7028\"><img decoding=\"async\" loading=\"lazy\" class=\"aligncenter  wp-image-7028\" src=\"http:\/\/www.caritasne2.org.br\/wp-content\/uploads\/2020\/07\/RN5-208x300.jpg\" alt=\"\" width=\"282\" height=\"407\" srcset=\"https:\/\/www.caritasne2.org.br\/site\/wp-content\/uploads\/2020\/07\/RN5-208x300.jpg 208w, https:\/\/www.caritasne2.org.br\/site\/wp-content\/uploads\/2020\/07\/RN5-768x1107.jpg 768w, https:\/\/www.caritasne2.org.br\/site\/wp-content\/uploads\/2020\/07\/RN5-710x1024.jpg 710w, https:\/\/www.caritasne2.org.br\/site\/wp-content\/uploads\/2020\/07\/RN5.jpg 888w\" sizes=\"(max-width: 282px) 100vw, 282px\" \/><\/a><\/p>\n<p>&nbsp;<\/p>\n<p><a href=\"http:\/\/www.caritasne2.org.br\/3-000-cestas-basicas-transformam-a-vida-de-familias-carentes-no-rio-grande-do-norte\/rn2\/\" rel=\"attachment wp-att-7025\"><img decoding=\"async\" loading=\"lazy\" class=\"aligncenter  wp-image-7025\" src=\"http:\/\/www.caritasne2.org.br\/wp-content\/uploads\/2020\/07\/RN2-300x225.png\" alt=\"\" width=\"364\" height=\"273\" srcset=\"https:\/\/www.caritasne2.org.br\/site\/wp-content\/uploads\/2020\/07\/RN2-300x225.png 300w, https:\/\/www.caritasne2.org.br\/site\/wp-content\/uploads\/2020\/07\/RN2-768x576.png 768w, https:\/\/www.caritasne2.org.br\/site\/wp-content\/uploads\/2020\/07\/RN2-1024x768.png 1024w, https:\/\/www.caritasne2.org.br\/site\/wp-content\/uploads\/2020\/07\/RN2.png 1280w\" sizes=\"(max-width: 364px) 100vw, 364px\" \/><\/a><\/p>\n<p><a href=\"http:\/\/www.caritasne2.org.br\/3-000-cestas-basicas-transformam-a-vida-de-familias-carentes-no-rio-grande-do-norte\/rn6\/\" rel=\"attachment wp-att-7029\"><img decoding=\"async\" loading=\"lazy\" class=\"aligncenter  wp-image-7029\" src=\"http:\/\/www.caritasne2.org.br\/wp-content\/uploads\/2020\/07\/RN6-169x300.jpg\" alt=\"\" width=\"274\" height=\"486\" srcset=\"https:\/\/www.caritasne2.org.br\/site\/wp-content\/uploads\/2020\/07\/RN6-169x300.jpg 169w, https:\/\/www.caritasne2.org.br\/site\/wp-content\/uploads\/2020\/07\/RN6-576x1024.jpg 576w, https:\/\/www.caritasne2.org.br\/site\/wp-content\/uploads\/2020\/07\/RN6.jpg 581w\" sizes=\"(max-width: 274px) 100vw, 274px\" \/><\/a><\/p>\n<p><a href=\"http:\/\/www.caritasne2.org.br\/3-000-cestas-basicas-transformam-a-vida-de-familias-carentes-no-rio-grande-do-norte\/rn9\/\" rel=\"attachment wp-att-7032\"><img decoding=\"async\" loading=\"lazy\" class=\"aligncenter  wp-image-7032\" src=\"http:\/\/www.caritasne2.org.br\/wp-content\/uploads\/2020\/07\/RN9-300x225.png\" alt=\"\" width=\"350\" height=\"262\" srcset=\"https:\/\/www.caritasne2.org.br\/site\/wp-content\/uploads\/2020\/07\/RN9-300x225.png 300w, https:\/\/www.caritasne2.org.br\/site\/wp-content\/uploads\/2020\/07\/RN9-768x576.png 768w, https:\/\/www.caritasne2.org.br\/site\/wp-content\/uploads\/2020\/07\/RN9-1024x768.png 1024w, https:\/\/www.caritasne2.org.br\/site\/wp-content\/uploads\/2020\/07\/RN9.png 1280w\" sizes=\"(max-width: 350px) 100vw, 350px\" \/><\/a><\/p>\n<p>&nbsp;<\/p>\n<ul class=\"ssb_list_wrapper\"><li class=\"fb2\" style=\"width:135px\"><iframe src=\"\/\/www.facebook.com\/plugins\/like.php?href=https%3A%2F%2Fwww.caritasne2.org.br%2Fsite%2F3-000-cestas-basicas-transformam-a-vida-de-familias-carentes-no-rio-grande-do-norte%2F&amp;layout=button_count&amp;action=like&amp;show_faces=false&amp;share=true&amp;width=135&amp;height=21&amp;appId=307091639398582\" scrolling=\"no\" frameborder=\"0\" style=\"border:none; overflow:hidden;  width:150px; height:21px;\" allowTransparency=\"true\"><\/iframe><\/li><li class=\"twtr\" style=\"width:90px\"><a href=\"https:\/\/twitter.com\/share\" class=\"twitter-share-button\" data-url=\"https:\/\/www.caritasne2.org.br\/site\/3-000-cestas-basicas-transformam-a-vida-de-familias-carentes-no-rio-grande-do-norte\/\">&nbsp;<\/a><script>!function(d,s,id){var js,fjs=d.getElementsByTagName(s)[0],p=\/^http:\/.test(d.location)?'http':'https';if(!d.getElementById(id)){js=d.createElement(s);js.id=id;js.src=p+':\/\/platform.twitter.com\/widgets.js';fjs.parentNode.insertBefore(js,fjs);}}(document, 'script', 'twitter-wjs');<\/script><\/li><li class=\"gplus\" style=\"width:68px\"><div class=\"g-plusone\" data-size=\"medium\" data-href=\"https:\/\/www.caritasne2.org.br\/site\/3-000-cestas-basicas-transformam-a-vida-de-familias-carentes-no-rio-grande-do-norte\/\"><\/div><\/li><li class=\"ssb_linkedin\" style=\"width:64px\"><script src=\"\/\/platform.linkedin.com\/in.js\" type=\"text\/javascript\">lang: en_US<\/script><script type=\"IN\/Share\" data-url=\"https:\/\/www.caritasne2.org.br\/site\/3-000-cestas-basicas-transformam-a-vida-de-familias-carentes-no-rio-grande-do-norte\/\" data-counter=\"right\"><\/script><\/li><\/ul>","protected":false},"excerpt":{"rendered":"<p>Desde que a pandemia chegou no Brasil diversas a\u00e7\u00f5es para ajudar fam\u00edlias em situa\u00e7\u00e3o de vulnerabilidade que est\u00e3o sofrendo os impactos da crise gerada pelo Coronav\u00edrus, est\u00e3o sendo realizadas. Dentre elas, a A\u00e7\u00e3o Emergencial da Igreja no Brasil \u201c\u00c9 tempo de cuidar\u201d, promovida pela C\u00e1ritas Brasileira Nordeste 2 (CBNE2) em parceria com a \u00a0 Adveniat, institui\u00e7\u00e3o cat\u00f3lica alem\u00e3, que incentiva projetos de Evangeliza\u00e7\u00e3o e a\u00e7\u00f5es [&hellip;]<\/p>\n<ul class=\"ssb_list_wrapper\"><li class=\"fb2\" style=\"width:135px\"><iframe src=\"\/\/www.facebook.com\/plugins\/like.php?href=https%3A%2F%2Fwww.caritasne2.org.br%2Fsite%2F3-000-cestas-basicas-transformam-a-vida-de-familias-carentes-no-rio-grande-do-norte%2F&amp;layout=button_count&amp;action=like&amp;show_faces=false&amp;share=true&amp;width=135&amp;height=21&amp;appId=307091639398582\" scrolling=\"no\" frameborder=\"0\" style=\"border:none; overflow:hidden;  width:150px; height:21px;\" allowTransparency=\"true\"><\/iframe><\/li><li class=\"twtr\" style=\"width:90px\"><a href=\"https:\/\/twitter.com\/share\" class=\"twitter-share-button\" data-url=\"https:\/\/www.caritasne2.org.br\/site\/3-000-cestas-basicas-transformam-a-vida-de-familias-carentes-no-rio-grande-do-norte\/\">&nbsp;<\/a><script>!function(d,s,id){var js,fjs=d.getElementsByTagName(s)[0],p=\/^http:\/.test(d.location)?'http':'https';if(!d.getElementById(id)){js=d.createElement(s);js.id=id;js.src=p+':\/\/platform.twitter.com\/widgets.js';fjs.parentNode.insertBefore(js,fjs);}}(document, 'script', 'twitter-wjs');<\/script><\/li><li class=\"gplus\" style=\"width:68px\"><div class=\"g-plusone\" data-size=\"medium\" data-href=\"https:\/\/www.caritasne2.org.br\/site\/3-000-cestas-basicas-transformam-a-vida-de-familias-carentes-no-rio-grande-do-norte\/\"><\/div><\/li><li class=\"ssb_linkedin\" style=\"width:64px\"><script src=\"\/\/platform.linkedin.com\/in.js\" type=\"text\/javascript\">lang: en_US<\/script><script type=\"IN\/Share\" data-url=\"https:\/\/www.caritasne2.org.br\/site\/3-000-cestas-basicas-transformam-a-vida-de-familias-carentes-no-rio-grande-do-norte\/\" data-counter=\"right\"><\/script><\/li><\/ul>","protected":false},"author":4,"featured_media":7024,"comment_status":"open","ping_status":"open","sticky":false,"template":"","format":"standard","meta":[],"categories":[21,20],"tags":[],"_links":{"self":[{"href":"https:\/\/www.caritasne2.org.br\/site\/wp-json\/wp\/v2\/posts\/7023"}],"collection":[{"href":"https:\/\/www.caritasne2.org.br\/site\/wp-json\/wp\/v2\/posts"}],"about":[{"href":"https:\/\/www.caritasne2.org.br\/site\/wp-json\/wp\/v2\/types\/post"}],"author":[{"embeddable":true,"href":"https:\/\/www.caritasne2.org.br\/site\/wp-json\/wp\/v2\/users\/4"}],"replies":[{"embeddable":true,"href":"https:\/\/www.caritasne2.org.br\/site\/wp-json\/wp\/v2\/comments?post=7023"}],"version-history":[{"count":0,"href":"https:\/\/www.caritasne2.org.br\/site\/wp-json\/wp\/v2\/posts\/7023\/revisions"}],"wp:featuredmedia":[{"embeddable":true,"href":"https:\/\/www.caritasne2.org.br\/site\/wp-json\/wp\/v2\/media\/7024"}],"wp:attachment":[{"href":"https:\/\/www.caritasne2.org.br\/site\/wp-json\/wp\/v2\/media?parent=7023"}],"wp:term":[{"taxonomy":"category","embeddable":true,"href":"https:\/\/www.caritasne2.org.br\/site\/wp-json\/wp\/v2\/categories?post=7023"},{"taxonomy":"post_tag","embeddable":true,"href":"https:\/\/www.caritasne2.org.br\/site\/wp-json\/wp\/v2\/tags?post=7023"}],"curies":[{"name":"wp","href":"https:\/\/api.w.org\/{rel}","templated":true}]}}