{"id":7014,"date":"2020-06-22T09:27:28","date_gmt":"2020-06-22T12:27:28","guid":{"rendered":"http:\/\/www.caritasne2.org.br\/?p=7014"},"modified":"2020-07-11T08:33:13","modified_gmt":"2020-07-11T11:33:13","slug":"durante-35a-semana-do-migrante-caritas-brasileira-ne2-e-entidades-oficializam-comite-para-atuar-com-migrantes-e-refugiados-em-pernambuco","status":"publish","type":"post","link":"https:\/\/www.caritasne2.org.br\/site\/durante-35a-semana-do-migrante-caritas-brasileira-ne2-e-entidades-oficializam-comite-para-atuar-com-migrantes-e-refugiados-em-pernambuco\/","title":{"rendered":"Durante 35\u00aa Semana do Migrante C\u00e1ritas Brasileira NE2 e entidades oficializam Comit\u00ea para atuar com migrantes e refugiados em Pernambuco"},"content":{"rendered":"<p style=\"text-align: justify;\">Fortalecer e apoiar o trabalho em rede para a promo\u00e7\u00e3o e a defesa dos direitos das pessoas em situa\u00e7\u00e3o de ref\u00fagio, migra\u00e7\u00e3o e apatridia \u00a0\u00e9 o objetivo do COMIGRAR\/PE, um comit\u00ea composto por diversas entidades\u00a0 p\u00fablicas, privadas, sociedade civil, e \u00a0organiza\u00e7\u00f5es sem fins lucrativos, dentre elas a C\u00e1ritas Brasileira Regional NE2, que foi oficializado na sexta-feira (19), durante o Congresso Pernambucano de Direitos do Refugiados,\u00a0evento organizado pela OAB PE\u00a0um dos eventos \u00a0realizados em alus\u00e3o ao dia Mundial do Refugiado.<\/p>\n<p style=\"text-align: justify;\">\u00a0\u00a0Iniciado com a articula\u00e7\u00e3o de algumas institui\u00e7\u00f5es para aux\u00edlio a migrantes e refugiados de pa\u00edses africanos, o Comit\u00ea potencializou suas a\u00e7\u00f5es no Estado com o in\u00edcio do fluxo de migrantes venezuelanos oriundos do processo de interioriza\u00e7\u00e3o da Opera\u00e7\u00e3o Acolhida. Neste sentido, com o aumento dos fluxos migrat\u00f3rios, a crise social e a pandemia da Covid-19, o Comit\u00ea pretende atuar diretamente na sensibiliza\u00e7\u00e3o da sociedade, inclus\u00e3o social e prote\u00e7\u00e3o junto aos\u00a0munic\u00edpios Pernambucanos; al\u00e9m de orientar, acolher ou defender os direitos dessas pessoas, dentre outras a\u00e7\u00f5es.<\/p>\n<p style=\"text-align: justify;\">\u00a0<strong>&#8220;<\/strong>A formaliza\u00e7\u00e3o do Comit\u00ea \u00e9 mais uma conquista para a popula\u00e7\u00e3o ind\u00edgena warao, e os migrantes e refugiados no estado de Pernambuco.\u00a0O\u00a0di\u00e1logo entre as entidades ir\u00e1 influenciar de forma positiva e preventiva nas pol\u00edticas p\u00fablicas a serem constru\u00eddas, e para a C\u00e1ritas Brasileira Regional NE2 fazer parte desse espa\u00e7o \u00e9 perceber que o nosso papel enquanto assessoria vem dando frutos&#8221;, declara a secret\u00e1ria regional da CBNE2, Neilda Pereira.<\/p>\n<p style=\"text-align: justify;\"><strong>\u00a0<\/strong>A 35\u00aa Semana do Migrante\u00a0da CB\u00a0ocorreu de 14 a 21 de junho e trouxe como tema\/ lema\u00a0&#8220;Migra\u00e7\u00e3o e Acolhida: Onde est\u00e1 o teu irm\u00e3o, tua irm\u00e3? &#8220;, um apelo\u00a0 em comunh\u00e3o com a Campanha da Fraternidade. Neste contexto, a CBNE2 promoveu e participou de diversas atividades em reflex\u00e3o \u00e0 Semana.<\/p>\n<p style=\"text-align: justify;\">\u00a0Para David Ramos, integrante da equipe de Migra\u00e7\u00e3o e Ref\u00fagio da CBNE2, &#8221; o COMIGRA \u00e9 um grande ganho do estado na \u00a0luta em favor do migrante , porque tem poder pol\u00edtico para incidir no impulso de pol\u00edticas p\u00fablicas regionais e nacionais, em favor da comunidade migrante e refugiada em geral.\u00a0 Tamb\u00e9m ser\u00e1 um espa\u00e7o para dar for\u00e7a e voz ao migrante, ou seja, visibilidade aquele que e invis\u00edvel&#8221;, comenta.<\/p>\n<p style=\"text-align: justify;\">\u00a0Em parceria com o Servi\u00e7o Pastoral dos Migrantes do Nordeste (SPMNE) realizaram uma programa\u00e7\u00e3o regional com o objetivo de apresentar as experi\u00eancias com migrantes venezuelanos acolhidos pela Igreja nesta regi\u00e3o. \u00a0No dia 16, uma live transmitida pelo instagram abordou\u00a0sobre\u00a0a redes de prote\u00e7\u00e3o e acolhida, e no dia 18, um semin\u00e1rio (online), apresentou os desafios dos ind\u00edgenas waraos do NE.<\/p>\n<p style=\"text-align: justify;\">Ainda durante a Semana os integrantes da equipe de migra\u00e7\u00e3o e ref\u00fagio da CBNE2\u00a0participaram das \u00a0atividades como: \u00a0uma live com a Universidade Cat\u00f3lica de PE \/ Instituto Humanitas\u00a0 apresentando a experi\u00eancia da Casa de Direitos; al\u00e9m de um apresenta\u00e7\u00e3o sobre migrantes e refugiados aos estudantes do ensino m\u00e9dio, do estado de Alagoas.<\/p>\n<p style=\"text-align: justify;\">\u00a0\u00a0<a href=\"http:\/\/www.caritasne2.org.br\/durante-35a-semana-do-migrante-caritas-brasileira-ne2-e-entidades-oficializam-comite-para-atuar-com-migrantes-e-refugiados-em-pernambuco\/img-20200617-wa0015\/\" rel=\"attachment wp-att-7015\"><img decoding=\"async\" loading=\"lazy\" class=\"aligncenter  wp-image-7015\" src=\"http:\/\/www.caritasne2.org.br\/wp-content\/uploads\/2020\/07\/IMG-20200617-WA0015-300x133.jpg\" alt=\"\" width=\"388\" height=\"172\" srcset=\"https:\/\/www.caritasne2.org.br\/site\/wp-content\/uploads\/2020\/07\/IMG-20200617-WA0015-300x133.jpg 300w, https:\/\/www.caritasne2.org.br\/site\/wp-content\/uploads\/2020\/07\/IMG-20200617-WA0015-768x341.jpg 768w, https:\/\/www.caritasne2.org.br\/site\/wp-content\/uploads\/2020\/07\/IMG-20200617-WA0015-1024x454.jpg 1024w, https:\/\/www.caritasne2.org.br\/site\/wp-content\/uploads\/2020\/07\/IMG-20200617-WA0015.jpg 1280w\" sizes=\"(max-width: 388px) 100vw, 388px\" \/><\/a><\/p>\n<p style=\"text-align: justify;\"><a href=\"http:\/\/www.caritasne2.org.br\/durante-35a-semana-do-migrante-caritas-brasileira-ne2-e-entidades-oficializam-comite-para-atuar-com-migrantes-e-refugiados-em-pernambuco\/whatsapp-image-2020-06-18-at-19-05-16\/\" rel=\"attachment wp-att-7016\"><img decoding=\"async\" loading=\"lazy\" class=\"aligncenter  wp-image-7016\" src=\"http:\/\/www.caritasne2.org.br\/wp-content\/uploads\/2020\/07\/WhatsApp-Image-2020-06-18-at-19.05.16-300x169.jpeg\" alt=\"\" width=\"389\" height=\"219\" srcset=\"https:\/\/www.caritasne2.org.br\/site\/wp-content\/uploads\/2020\/07\/WhatsApp-Image-2020-06-18-at-19.05.16-300x169.jpeg 300w, https:\/\/www.caritasne2.org.br\/site\/wp-content\/uploads\/2020\/07\/WhatsApp-Image-2020-06-18-at-19.05.16-768x431.jpeg 768w, https:\/\/www.caritasne2.org.br\/site\/wp-content\/uploads\/2020\/07\/WhatsApp-Image-2020-06-18-at-19.05.16-1024x575.jpeg 1024w, https:\/\/www.caritasne2.org.br\/site\/wp-content\/uploads\/2020\/07\/WhatsApp-Image-2020-06-18-at-19.05.16-588x330.jpeg 588w, https:\/\/www.caritasne2.org.br\/site\/wp-content\/uploads\/2020\/07\/WhatsApp-Image-2020-06-18-at-19.05.16.jpeg 1280w\" sizes=\"(max-width: 389px) 100vw, 389px\" \/><\/a><\/p>\n<p style=\"text-align: justify;\"><a href=\"http:\/\/www.caritasne2.org.br\/durante-35a-semana-do-migrante-caritas-brasileira-ne2-e-entidades-oficializam-comite-para-atuar-com-migrantes-e-refugiados-em-pernambuco\/whatsapp-image-2020-06-18-at-19-05-16-2\/\" rel=\"attachment wp-att-7017\"><img decoding=\"async\" loading=\"lazy\" class=\"aligncenter  wp-image-7017\" src=\"http:\/\/www.caritasne2.org.br\/wp-content\/uploads\/2020\/07\/WhatsApp-Image-2020-06-18-at-19.05.16-2-300x169.jpeg\" alt=\"\" width=\"394\" height=\"222\" srcset=\"https:\/\/www.caritasne2.org.br\/site\/wp-content\/uploads\/2020\/07\/WhatsApp-Image-2020-06-18-at-19.05.16-2-300x169.jpeg 300w, https:\/\/www.caritasne2.org.br\/site\/wp-content\/uploads\/2020\/07\/WhatsApp-Image-2020-06-18-at-19.05.16-2-768x431.jpeg 768w, https:\/\/www.caritasne2.org.br\/site\/wp-content\/uploads\/2020\/07\/WhatsApp-Image-2020-06-18-at-19.05.16-2-1024x575.jpeg 1024w, https:\/\/www.caritasne2.org.br\/site\/wp-content\/uploads\/2020\/07\/WhatsApp-Image-2020-06-18-at-19.05.16-2-588x330.jpeg 588w, https:\/\/www.caritasne2.org.br\/site\/wp-content\/uploads\/2020\/07\/WhatsApp-Image-2020-06-18-at-19.05.16-2.jpeg 1280w\" sizes=\"(max-width: 394px) 100vw, 394px\" \/><\/a><\/p>\n<p style=\"text-align: justify;\"><a href=\"http:\/\/www.caritasne2.org.br\/durante-35a-semana-do-migrante-caritas-brasileira-ne2-e-entidades-oficializam-comite-para-atuar-com-migrantes-e-refugiados-em-pernambuco\/screenshot_20200616-174841\/\" rel=\"attachment wp-att-7018\"><img decoding=\"async\" loading=\"lazy\" class=\"aligncenter  wp-image-7018\" src=\"http:\/\/www.caritasne2.org.br\/wp-content\/uploads\/2020\/07\/Screenshot_20200616-174841-169x300.png\" alt=\"\" width=\"221\" height=\"392\" srcset=\"https:\/\/www.caritasne2.org.br\/site\/wp-content\/uploads\/2020\/07\/Screenshot_20200616-174841-169x300.png 169w, https:\/\/www.caritasne2.org.br\/site\/wp-content\/uploads\/2020\/07\/Screenshot_20200616-174841-768x1365.png 768w, https:\/\/www.caritasne2.org.br\/site\/wp-content\/uploads\/2020\/07\/Screenshot_20200616-174841-576x1024.png 576w, https:\/\/www.caritasne2.org.br\/site\/wp-content\/uploads\/2020\/07\/Screenshot_20200616-174841.png 1080w\" sizes=\"(max-width: 221px) 100vw, 221px\" \/><\/a><\/p>\n<p>&nbsp;<\/p>\n<ul class=\"ssb_list_wrapper\"><li class=\"fb2\" style=\"width:135px\"><iframe src=\"\/\/www.facebook.com\/plugins\/like.php?href=https%3A%2F%2Fwww.caritasne2.org.br%2Fsite%2Fdurante-35a-semana-do-migrante-caritas-brasileira-ne2-e-entidades-oficializam-comite-para-atuar-com-migrantes-e-refugiados-em-pernambuco%2F&amp;layout=button_count&amp;action=like&amp;show_faces=false&amp;share=true&amp;width=135&amp;height=21&amp;appId=307091639398582\" scrolling=\"no\" frameborder=\"0\" style=\"border:none; overflow:hidden;  width:150px; height:21px;\" allowTransparency=\"true\"><\/iframe><\/li><li class=\"twtr\" style=\"width:90px\"><a href=\"https:\/\/twitter.com\/share\" class=\"twitter-share-button\" data-url=\"https:\/\/www.caritasne2.org.br\/site\/durante-35a-semana-do-migrante-caritas-brasileira-ne2-e-entidades-oficializam-comite-para-atuar-com-migrantes-e-refugiados-em-pernambuco\/\">&nbsp;<\/a><script>!function(d,s,id){var js,fjs=d.getElementsByTagName(s)[0],p=\/^http:\/.test(d.location)?'http':'https';if(!d.getElementById(id)){js=d.createElement(s);js.id=id;js.src=p+':\/\/platform.twitter.com\/widgets.js';fjs.parentNode.insertBefore(js,fjs);}}(document, 'script', 'twitter-wjs');<\/script><\/li><li class=\"gplus\" style=\"width:68px\"><div class=\"g-plusone\" data-size=\"medium\" data-href=\"https:\/\/www.caritasne2.org.br\/site\/durante-35a-semana-do-migrante-caritas-brasileira-ne2-e-entidades-oficializam-comite-para-atuar-com-migrantes-e-refugiados-em-pernambuco\/\"><\/div><\/li><li class=\"ssb_linkedin\" style=\"width:64px\"><script src=\"\/\/platform.linkedin.com\/in.js\" type=\"text\/javascript\">lang: en_US<\/script><script type=\"IN\/Share\" data-url=\"https:\/\/www.caritasne2.org.br\/site\/durante-35a-semana-do-migrante-caritas-brasileira-ne2-e-entidades-oficializam-comite-para-atuar-com-migrantes-e-refugiados-em-pernambuco\/\" data-counter=\"right\"><\/script><\/li><\/ul>","protected":false},"excerpt":{"rendered":"<p>Fortalecer e apoiar o trabalho em rede para a promo\u00e7\u00e3o e a defesa dos direitos das pessoas em situa\u00e7\u00e3o de ref\u00fagio, migra\u00e7\u00e3o e apatridia \u00a0\u00e9 o objetivo do COMIGRAR\/PE, um comit\u00ea composto por diversas entidades\u00a0 p\u00fablicas, privadas, sociedade civil, e \u00a0organiza\u00e7\u00f5es sem fins lucrativos, dentre elas a C\u00e1ritas Brasileira Regional NE2, que foi oficializado na sexta-feira (19), durante o Congresso Pernambucano de Direitos do Refugiados,\u00a0evento [&hellip;]<\/p>\n<ul class=\"ssb_list_wrapper\"><li class=\"fb2\" style=\"width:135px\"><iframe src=\"\/\/www.facebook.com\/plugins\/like.php?href=https%3A%2F%2Fwww.caritasne2.org.br%2Fsite%2Fdurante-35a-semana-do-migrante-caritas-brasileira-ne2-e-entidades-oficializam-comite-para-atuar-com-migrantes-e-refugiados-em-pernambuco%2F&amp;layout=button_count&amp;action=like&amp;show_faces=false&amp;share=true&amp;width=135&amp;height=21&amp;appId=307091639398582\" scrolling=\"no\" frameborder=\"0\" style=\"border:none; overflow:hidden;  width:150px; height:21px;\" allowTransparency=\"true\"><\/iframe><\/li><li class=\"twtr\" style=\"width:90px\"><a href=\"https:\/\/twitter.com\/share\" class=\"twitter-share-button\" data-url=\"https:\/\/www.caritasne2.org.br\/site\/durante-35a-semana-do-migrante-caritas-brasileira-ne2-e-entidades-oficializam-comite-para-atuar-com-migrantes-e-refugiados-em-pernambuco\/\">&nbsp;<\/a><script>!function(d,s,id){var js,fjs=d.getElementsByTagName(s)[0],p=\/^http:\/.test(d.location)?'http':'https';if(!d.getElementById(id)){js=d.createElement(s);js.id=id;js.src=p+':\/\/platform.twitter.com\/widgets.js';fjs.parentNode.insertBefore(js,fjs);}}(document, 'script', 'twitter-wjs');<\/script><\/li><li class=\"gplus\" style=\"width:68px\"><div class=\"g-plusone\" data-size=\"medium\" data-href=\"https:\/\/www.caritasne2.org.br\/site\/durante-35a-semana-do-migrante-caritas-brasileira-ne2-e-entidades-oficializam-comite-para-atuar-com-migrantes-e-refugiados-em-pernambuco\/\"><\/div><\/li><li class=\"ssb_linkedin\" style=\"width:64px\"><script src=\"\/\/platform.linkedin.com\/in.js\" type=\"text\/javascript\">lang: en_US<\/script><script type=\"IN\/Share\" data-url=\"https:\/\/www.caritasne2.org.br\/site\/durante-35a-semana-do-migrante-caritas-brasileira-ne2-e-entidades-oficializam-comite-para-atuar-com-migrantes-e-refugiados-em-pernambuco\/\" data-counter=\"right\"><\/script><\/li><\/ul>","protected":false},"author":4,"featured_media":7016,"comment_status":"open","ping_status":"open","sticky":false,"template":"","format":"standard","meta":[],"categories":[21,20],"tags":[],"_links":{"self":[{"href":"https:\/\/www.caritasne2.org.br\/site\/wp-json\/wp\/v2\/posts\/7014"}],"collection":[{"href":"https:\/\/www.caritasne2.org.br\/site\/wp-json\/wp\/v2\/posts"}],"about":[{"href":"https:\/\/www.caritasne2.org.br\/site\/wp-json\/wp\/v2\/types\/post"}],"author":[{"embeddable":true,"href":"https:\/\/www.caritasne2.org.br\/site\/wp-json\/wp\/v2\/users\/4"}],"replies":[{"embeddable":true,"href":"https:\/\/www.caritasne2.org.br\/site\/wp-json\/wp\/v2\/comments?post=7014"}],"version-history":[{"count":0,"href":"https:\/\/www.caritasne2.org.br\/site\/wp-json\/wp\/v2\/posts\/7014\/revisions"}],"wp:featuredmedia":[{"embeddable":true,"href":"https:\/\/www.caritasne2.org.br\/site\/wp-json\/wp\/v2\/media\/7016"}],"wp:attachment":[{"href":"https:\/\/www.caritasne2.org.br\/site\/wp-json\/wp\/v2\/media?parent=7014"}],"wp:term":[{"taxonomy":"category","embeddable":true,"href":"https:\/\/www.caritasne2.org.br\/site\/wp-json\/wp\/v2\/categories?post=7014"},{"taxonomy":"post_tag","embeddable":true,"href":"https:\/\/www.caritasne2.org.br\/site\/wp-json\/wp\/v2\/tags?post=7014"}],"curies":[{"name":"wp","href":"https:\/\/api.w.org\/{rel}","templated":true}]}}