{"id":6997,"date":"2020-06-30T11:33:53","date_gmt":"2020-06-30T14:33:53","guid":{"rendered":"http:\/\/www.caritasne2.org.br\/?p=6997"},"modified":"2020-06-30T11:34:29","modified_gmt":"2020-06-30T14:34:29","slug":"caritas-diocesana-de-pesqueira-e-advenit-realizarao-a-entrega-de-mais-de-300-cestas-basicas-e-kits-de-limpeza-em-3-cidades-do-agreste","status":"publish","type":"post","link":"https:\/\/www.caritasne2.org.br\/site\/caritas-diocesana-de-pesqueira-e-advenit-realizarao-a-entrega-de-mais-de-300-cestas-basicas-e-kits-de-limpeza-em-3-cidades-do-agreste\/","title":{"rendered":"C\u00e1ritas Diocesana de Pesqueira e Advenit realizar\u00e3o a entrega de mais de 300 cestas b\u00e1sicas e kits de limpeza em 3 cidades do Agreste"},"content":{"rendered":"<p style=\"text-align: justify;\">Nos \u00faltimos meses, in\u00fameras a\u00e7\u00f5es est\u00e3o acontecendo com o prop\u00f3sito de ajudar pessoas durante a pandemia do novo coronav\u00edrus. Nesta perspectiva, e tamb\u00e9m motivados pela A\u00e7\u00e3o Emergencial da Igreja no Brasil &#8220;\u00c9 tempo de cuidar&#8221;, a C\u00e1ritas Diocesana de Pesqueira e\u00a0a\u00a0<a href=\"https:\/\/www.adveniat.de\/\">Adveniat<\/a>\u00a0(institui\u00e7\u00e3o cat\u00f3lica alem\u00e3)\u00a0est\u00e3o realizando entregas de cestas b\u00e1sicas e kits de\u00a0higiene e\u00a0limpeza para fam\u00edlias em situa\u00e7\u00e3o de vulnerabilidade social.<\/p>\n<p style=\"text-align: justify;\">A iniciativa surgiu atrav\u00e9s da articula\u00e7\u00e3o realizada pela\u00a0C\u00e1ritas Brasileira Regional Nordeste 2, onde, a C\u00e1ritas Diocesana de Pesqueira est\u00e1 fazendo a gest\u00e3o do projeto, junto com 6 entidades membros do estado de Pernambuco que\u00a0possibilitar\u00e1 atender cerca de 2.300 fam\u00edlias. Al\u00e9m dos munic\u00edpios que\u00a0est\u00e3o sendo atendidos\u00a0pelas demais entidades\u00a0membros, a C\u00e1ritas Diocesana de Pesqueira atender\u00e1 as cidades de Tupanatinga, Pesqueira e Arcoverde, com a entrega de mais de 300 cestas b\u00e1sicas, com o apoio das par\u00f3quias locais.<\/p>\n<p style=\"text-align: justify;\">&#8220;Essa parceria junto com a Adveniat, fortalece a nossa a\u00e7\u00e3o, n\u00e3o apenas enquanto rede C\u00e1ritas, mas tamb\u00e9m, com a Igreja, para que possamos caminhar juntos em um \u00fanico prop\u00f3sito. Sabemos que n\u00e3o podemos resolver todos os problemas, mas com alguns gestos, podemos amenizar as dificuldades encontradas&#8221;, comenta a secret\u00e1ria executiva da C\u00e1ritas Diocesana de Pesqueira, Magna Pollyana.<\/p>\n<p style=\"text-align: justify;\">Na \u00faltima quinta-feira (25), aconteceu a entrega na cidade de Tupanatinga. Foram beneficiadas 41 fam\u00edlias que s\u00e3o assistidas pelo projeto &#8220;Crescendo com Cidadania&#8221; da C\u00e1ritas Paroquial Santa Clara de Assis, que atende crian\u00e7as de 5 a 12 anos. Foram entregues 41 cestas b\u00e1sicas e 41 kits de higiene e limpeza na sede do projeto, com o apoio dos (as) educadores (as), dos agentes C\u00e1ritas e do p\u00e1roco Pedro Jos\u00e9 de Lima. Todas as medidas de seguran\u00e7a foram adotadas, distanciamento social, sem contato f\u00edsico, sem aglomera\u00e7\u00e3o, o uso de m\u00e1scaras e \u00e1lcool em gel.<\/p>\n<p style=\"text-align: justify;\">&#8220;Conhecemos de perto a realidade e as dificuldades dessas fam\u00edlias. Nossas atividades foram pausadas aqui no projeto depois da pandemia, mas essa a\u00e7\u00e3o mostrou que continuamos aqui, nos importando com todos eles e mostrando que eles n\u00e3o est\u00e3o esquecidos&#8221;, relata a coordenadora do projeto, Roseane Souza.<\/p>\n<p style=\"text-align: center;\"><a href=\"http:\/\/www.caritasne2.org.br\/caritas-diocesana-de-pesqueira-e-advenit-realizarao-a-entrega-de-mais-de-300-cestas-basicas-e-kits-de-limpeza-em-3-cidades-do-agreste\/whatsapp-image-2020-06-29-at-10-05-41\/\" rel=\"attachment wp-att-7001\"><img decoding=\"async\" loading=\"lazy\" class=\"aligncenter wp-image-7001\" src=\"http:\/\/www.caritasne2.org.br\/wp-content\/uploads\/2020\/06\/WhatsApp-Image-2020-06-29-at-10.05.41-300x208.jpeg\" alt=\"\" width=\"444\" height=\"308\" srcset=\"https:\/\/www.caritasne2.org.br\/site\/wp-content\/uploads\/2020\/06\/WhatsApp-Image-2020-06-29-at-10.05.41-300x208.jpeg 300w, https:\/\/www.caritasne2.org.br\/site\/wp-content\/uploads\/2020\/06\/WhatsApp-Image-2020-06-29-at-10.05.41-768x532.jpeg 768w, https:\/\/www.caritasne2.org.br\/site\/wp-content\/uploads\/2020\/06\/WhatsApp-Image-2020-06-29-at-10.05.41-1024x709.jpeg 1024w, https:\/\/www.caritasne2.org.br\/site\/wp-content\/uploads\/2020\/06\/WhatsApp-Image-2020-06-29-at-10.05.41.jpeg 1280w\" sizes=\"(max-width: 444px) 100vw, 444px\" \/><\/a><\/p>\n<p style=\"text-align: center;\"><a href=\"http:\/\/www.caritasne2.org.br\/caritas-diocesana-de-pesqueira-e-advenit-realizarao-a-entrega-de-mais-de-300-cestas-basicas-e-kits-de-limpeza-em-3-cidades-do-agreste\/whatsapp-image-2020-06-29-at-10-05-41-3\/\" rel=\"attachment wp-att-7000\"><img decoding=\"async\" loading=\"lazy\" class=\"aligncenter wp-image-7000\" src=\"http:\/\/www.caritasne2.org.br\/wp-content\/uploads\/2020\/06\/WhatsApp-Image-2020-06-29-at-10.05.41-3-300x197.jpeg\" alt=\"\" width=\"404\" height=\"265\" srcset=\"https:\/\/www.caritasne2.org.br\/site\/wp-content\/uploads\/2020\/06\/WhatsApp-Image-2020-06-29-at-10.05.41-3-300x197.jpeg 300w, https:\/\/www.caritasne2.org.br\/site\/wp-content\/uploads\/2020\/06\/WhatsApp-Image-2020-06-29-at-10.05.41-3-768x504.jpeg 768w, https:\/\/www.caritasne2.org.br\/site\/wp-content\/uploads\/2020\/06\/WhatsApp-Image-2020-06-29-at-10.05.41-3-1024x672.jpeg 1024w, https:\/\/www.caritasne2.org.br\/site\/wp-content\/uploads\/2020\/06\/WhatsApp-Image-2020-06-29-at-10.05.41-3.jpeg 1280w\" sizes=\"(max-width: 404px) 100vw, 404px\" \/><\/a><\/p>\n<p style=\"text-align: center;\"><a href=\"http:\/\/www.caritasne2.org.br\/caritas-diocesana-de-pesqueira-e-advenit-realizarao-a-entrega-de-mais-de-300-cestas-basicas-e-kits-de-limpeza-em-3-cidades-do-agreste\/whatsapp-image-2020-06-29-at-10-05-41-2\/\" rel=\"attachment wp-att-6999\"><img decoding=\"async\" loading=\"lazy\" class=\"aligncenter wp-image-6999\" src=\"http:\/\/www.caritasne2.org.br\/wp-content\/uploads\/2020\/06\/WhatsApp-Image-2020-06-29-at-10.05.41-2-300x194.jpeg\" alt=\"\" width=\"419\" height=\"271\" srcset=\"https:\/\/www.caritasne2.org.br\/site\/wp-content\/uploads\/2020\/06\/WhatsApp-Image-2020-06-29-at-10.05.41-2-300x194.jpeg 300w, https:\/\/www.caritasne2.org.br\/site\/wp-content\/uploads\/2020\/06\/WhatsApp-Image-2020-06-29-at-10.05.41-2-768x496.jpeg 768w, https:\/\/www.caritasne2.org.br\/site\/wp-content\/uploads\/2020\/06\/WhatsApp-Image-2020-06-29-at-10.05.41-2-1024x661.jpeg 1024w, https:\/\/www.caritasne2.org.br\/site\/wp-content\/uploads\/2020\/06\/WhatsApp-Image-2020-06-29-at-10.05.41-2.jpeg 1280w\" sizes=\"(max-width: 419px) 100vw, 419px\" \/><\/a><\/p>\n<p style=\"text-align: center;\"><a href=\"http:\/\/www.caritasne2.org.br\/caritas-diocesana-de-pesqueira-e-advenit-realizarao-a-entrega-de-mais-de-300-cestas-basicas-e-kits-de-limpeza-em-3-cidades-do-agreste\/whatsapp-image-2020-06-29-at-10-05-41-1\/\" rel=\"attachment wp-att-6998\"><img decoding=\"async\" loading=\"lazy\" class=\"aligncenter wp-image-6998\" src=\"http:\/\/www.caritasne2.org.br\/wp-content\/uploads\/2020\/06\/WhatsApp-Image-2020-06-29-at-10.05.41-1-300x198.jpeg\" alt=\"\" width=\"427\" height=\"282\" srcset=\"https:\/\/www.caritasne2.org.br\/site\/wp-content\/uploads\/2020\/06\/WhatsApp-Image-2020-06-29-at-10.05.41-1-300x198.jpeg 300w, https:\/\/www.caritasne2.org.br\/site\/wp-content\/uploads\/2020\/06\/WhatsApp-Image-2020-06-29-at-10.05.41-1-768x507.jpeg 768w, https:\/\/www.caritasne2.org.br\/site\/wp-content\/uploads\/2020\/06\/WhatsApp-Image-2020-06-29-at-10.05.41-1-1024x676.jpeg 1024w, https:\/\/www.caritasne2.org.br\/site\/wp-content\/uploads\/2020\/06\/WhatsApp-Image-2020-06-29-at-10.05.41-1.jpeg 1280w\" sizes=\"(max-width: 427px) 100vw, 427px\" \/><\/a><\/p>\n<ul class=\"ssb_list_wrapper\"><li class=\"fb2\" style=\"width:135px\"><iframe src=\"\/\/www.facebook.com\/plugins\/like.php?href=https%3A%2F%2Fwww.caritasne2.org.br%2Fsite%2Fcaritas-diocesana-de-pesqueira-e-advenit-realizarao-a-entrega-de-mais-de-300-cestas-basicas-e-kits-de-limpeza-em-3-cidades-do-agreste%2F&amp;layout=button_count&amp;action=like&amp;show_faces=false&amp;share=true&amp;width=135&amp;height=21&amp;appId=307091639398582\" scrolling=\"no\" frameborder=\"0\" style=\"border:none; overflow:hidden;  width:150px; height:21px;\" allowTransparency=\"true\"><\/iframe><\/li><li class=\"twtr\" style=\"width:90px\"><a href=\"https:\/\/twitter.com\/share\" class=\"twitter-share-button\" data-url=\"https:\/\/www.caritasne2.org.br\/site\/caritas-diocesana-de-pesqueira-e-advenit-realizarao-a-entrega-de-mais-de-300-cestas-basicas-e-kits-de-limpeza-em-3-cidades-do-agreste\/\">&nbsp;<\/a><script>!function(d,s,id){var js,fjs=d.getElementsByTagName(s)[0],p=\/^http:\/.test(d.location)?'http':'https';if(!d.getElementById(id)){js=d.createElement(s);js.id=id;js.src=p+':\/\/platform.twitter.com\/widgets.js';fjs.parentNode.insertBefore(js,fjs);}}(document, 'script', 'twitter-wjs');<\/script><\/li><li class=\"gplus\" style=\"width:68px\"><div class=\"g-plusone\" data-size=\"medium\" data-href=\"https:\/\/www.caritasne2.org.br\/site\/caritas-diocesana-de-pesqueira-e-advenit-realizarao-a-entrega-de-mais-de-300-cestas-basicas-e-kits-de-limpeza-em-3-cidades-do-agreste\/\"><\/div><\/li><li class=\"ssb_linkedin\" style=\"width:64px\"><script src=\"\/\/platform.linkedin.com\/in.js\" type=\"text\/javascript\">lang: en_US<\/script><script type=\"IN\/Share\" data-url=\"https:\/\/www.caritasne2.org.br\/site\/caritas-diocesana-de-pesqueira-e-advenit-realizarao-a-entrega-de-mais-de-300-cestas-basicas-e-kits-de-limpeza-em-3-cidades-do-agreste\/\" data-counter=\"right\"><\/script><\/li><\/ul>","protected":false},"excerpt":{"rendered":"<p>Nos \u00faltimos meses, in\u00fameras a\u00e7\u00f5es est\u00e3o acontecendo com o prop\u00f3sito de ajudar pessoas durante a pandemia do novo coronav\u00edrus. Nesta perspectiva, e tamb\u00e9m motivados pela A\u00e7\u00e3o Emergencial da Igreja no Brasil &#8220;\u00c9 tempo de cuidar&#8221;, a C\u00e1ritas Diocesana de Pesqueira e\u00a0a\u00a0Adveniat\u00a0(institui\u00e7\u00e3o cat\u00f3lica alem\u00e3)\u00a0est\u00e3o realizando entregas de cestas b\u00e1sicas e kits de\u00a0higiene e\u00a0limpeza para fam\u00edlias em situa\u00e7\u00e3o de vulnerabilidade social. A iniciativa surgiu atrav\u00e9s da articula\u00e7\u00e3o [&hellip;]<\/p>\n<ul class=\"ssb_list_wrapper\"><li class=\"fb2\" style=\"width:135px\"><iframe src=\"\/\/www.facebook.com\/plugins\/like.php?href=https%3A%2F%2Fwww.caritasne2.org.br%2Fsite%2Fcaritas-diocesana-de-pesqueira-e-advenit-realizarao-a-entrega-de-mais-de-300-cestas-basicas-e-kits-de-limpeza-em-3-cidades-do-agreste%2F&amp;layout=button_count&amp;action=like&amp;show_faces=false&amp;share=true&amp;width=135&amp;height=21&amp;appId=307091639398582\" scrolling=\"no\" frameborder=\"0\" style=\"border:none; overflow:hidden;  width:150px; height:21px;\" allowTransparency=\"true\"><\/iframe><\/li><li class=\"twtr\" style=\"width:90px\"><a href=\"https:\/\/twitter.com\/share\" class=\"twitter-share-button\" data-url=\"https:\/\/www.caritasne2.org.br\/site\/caritas-diocesana-de-pesqueira-e-advenit-realizarao-a-entrega-de-mais-de-300-cestas-basicas-e-kits-de-limpeza-em-3-cidades-do-agreste\/\">&nbsp;<\/a><script>!function(d,s,id){var js,fjs=d.getElementsByTagName(s)[0],p=\/^http:\/.test(d.location)?'http':'https';if(!d.getElementById(id)){js=d.createElement(s);js.id=id;js.src=p+':\/\/platform.twitter.com\/widgets.js';fjs.parentNode.insertBefore(js,fjs);}}(document, 'script', 'twitter-wjs');<\/script><\/li><li class=\"gplus\" style=\"width:68px\"><div class=\"g-plusone\" data-size=\"medium\" data-href=\"https:\/\/www.caritasne2.org.br\/site\/caritas-diocesana-de-pesqueira-e-advenit-realizarao-a-entrega-de-mais-de-300-cestas-basicas-e-kits-de-limpeza-em-3-cidades-do-agreste\/\"><\/div><\/li><li class=\"ssb_linkedin\" style=\"width:64px\"><script src=\"\/\/platform.linkedin.com\/in.js\" type=\"text\/javascript\">lang: en_US<\/script><script type=\"IN\/Share\" data-url=\"https:\/\/www.caritasne2.org.br\/site\/caritas-diocesana-de-pesqueira-e-advenit-realizarao-a-entrega-de-mais-de-300-cestas-basicas-e-kits-de-limpeza-em-3-cidades-do-agreste\/\" data-counter=\"right\"><\/script><\/li><\/ul>","protected":false},"author":4,"featured_media":7003,"comment_status":"open","ping_status":"open","sticky":false,"template":"","format":"standard","meta":[],"categories":[21,20],"tags":[],"_links":{"self":[{"href":"https:\/\/www.caritasne2.org.br\/site\/wp-json\/wp\/v2\/posts\/6997"}],"collection":[{"href":"https:\/\/www.caritasne2.org.br\/site\/wp-json\/wp\/v2\/posts"}],"about":[{"href":"https:\/\/www.caritasne2.org.br\/site\/wp-json\/wp\/v2\/types\/post"}],"author":[{"embeddable":true,"href":"https:\/\/www.caritasne2.org.br\/site\/wp-json\/wp\/v2\/users\/4"}],"replies":[{"embeddable":true,"href":"https:\/\/www.caritasne2.org.br\/site\/wp-json\/wp\/v2\/comments?post=6997"}],"version-history":[{"count":0,"href":"https:\/\/www.caritasne2.org.br\/site\/wp-json\/wp\/v2\/posts\/6997\/revisions"}],"wp:featuredmedia":[{"embeddable":true,"href":"https:\/\/www.caritasne2.org.br\/site\/wp-json\/wp\/v2\/media\/7003"}],"wp:attachment":[{"href":"https:\/\/www.caritasne2.org.br\/site\/wp-json\/wp\/v2\/media?parent=6997"}],"wp:term":[{"taxonomy":"category","embeddable":true,"href":"https:\/\/www.caritasne2.org.br\/site\/wp-json\/wp\/v2\/categories?post=6997"},{"taxonomy":"post_tag","embeddable":true,"href":"https:\/\/www.caritasne2.org.br\/site\/wp-json\/wp\/v2\/tags?post=6997"}],"curies":[{"name":"wp","href":"https:\/\/api.w.org\/{rel}","templated":true}]}}