{"id":6995,"date":"2020-06-27T13:38:45","date_gmt":"2020-06-27T16:38:45","guid":{"rendered":"http:\/\/www.caritasne2.org.br\/?p=6995"},"modified":"2020-06-27T13:38:45","modified_gmt":"2020-06-27T16:38:45","slug":"comunidades-carentes-da-paraiba-sao-beneficiadas-por-acao-solidaria-e-emergencia-e-tempo-de-cuidar","status":"publish","type":"post","link":"https:\/\/www.caritasne2.org.br\/site\/comunidades-carentes-da-paraiba-sao-beneficiadas-por-acao-solidaria-e-emergencia-e-tempo-de-cuidar\/","title":{"rendered":"Comunidades carentes da Para\u00edba s\u00e3o beneficiadas por a\u00e7\u00e3o solid\u00e1ria e emerg\u00eancia \u201c\u00c9 Tempo de Cuidar&#8221;"},"content":{"rendered":"<p style=\"text-align: justify;\">No Domingo de P\u00e1scoa, a Igreja Cat\u00f3lica lan\u00e7ou a Campanha &#8220;\u00c9 Tempo de Cuidar&#8221; uma iniciativa da Confer\u00eancia Nacional dos Bispos do Brasil (CNBB) e C\u00e1ritas Brasileira, que diante da pandemia do Coronav\u00edrus trabalha o est\u00edmulo da solidariedade por meio de doa\u00e7\u00f5es as pessoas em situa\u00e7\u00e3o de vulnerabilidade e exclus\u00e3o social.<\/p>\n<p style=\"text-align: justify;\">Sens\u00edvel a esta situa\u00e7\u00e3o, as entidades membros entre elas a A\u00e7\u00e3o Social Diocesana de Patos apresentou um projeto a Adveniat, institui\u00e7\u00e3o mantida pela Confer\u00eancia episcopal Alem\u00e3, que subsidia projetos de Evangeliza\u00e7\u00e3o e a\u00e7\u00f5es pastorais junto \u00e0s comunidades mais carentes na Am\u00e9rica Latina e no Caribe. Chamado de &#8220;Covid 19: Doa\u00e7\u00e3o para a aquisi\u00e7\u00e3o de produtos de emerg\u00eancia vinculados a alimenta\u00e7\u00e3o, medicamentos e higiene nas Dioceses da Para\u00edba&#8221;, o projeto tem atua\u00e7\u00e3o em todas as Dioceses da Para\u00edba; como Campina Grande, Cajazeiras, Guarabira, Patos e Arquidiocese de Jo\u00e3o Pessoa, e pretende doar cestas b\u00e1sicas e kits com produtos de higiene e limpeza.<\/p>\n<p style=\"text-align: justify;\">Ao todo, 1.125 fam\u00edlias ser\u00e3o beneficiadas pela a\u00e7\u00e3o e\u00a0 contempladas da seguinte forma: na Arquidiocese da Para\u00edba (JP),\u00a0 200 fam\u00edlias atendidas; na Diocese de Campina Grande (Campina Grande),\u00a0 175 fam\u00edlias; na Diocese de Cajazeiras, nos munic\u00edpios de Sousa e Pombal, 250 fam\u00edlias ao todo ; na Diocese de Guarabira, nos munic\u00edpios de Ara\u00e7agi, Cacimba de Dentro, Guarabira e Tacima,\u00a0 300 fam\u00edlias atendidas; e por fim, na Diocese de Patos, nos munic\u00edpios de Condado e Patos, 200 fam\u00edlias ser\u00e3o contempladas.<\/p>\n<p style=\"text-align: justify;\">A A\u00e7\u00e3o Social Diocesana de Patos, por meio da equipe do PROPAC, ficou respons\u00e1vel pela entrega das cestas e kits de higiene e limpeza, e contou com a colabora\u00e7\u00e3o de outras organiza\u00e7\u00f5es no ato da entrega, assim como representantes das comiss\u00f5es comunit\u00e1rias, p\u00e1rocos, Pastorais Sociais \u00b8 agente caritas e volunt\u00e1rios.<\/p>\n<p style=\"text-align: justify;\">Segundo Dom Eraldo Bispo, bispo da Diocese de Patos. &#8221; Temos muitas fam\u00edlias sem acesso \u00e0 renda suficiente para a sustenta\u00e7\u00e3o b\u00e1sica das suas necessidades. Neste momento as situa\u00e7\u00f5es de car\u00eancia se agravaram, faltam alimentos, rem\u00e9dios, e outras necessidades b\u00e1sicas. A ajuda da Adveniat em parceria com a C\u00e1ritas Brasileira Regional NE2 trouxe grande al\u00edvio para as fam\u00edlias carentes beneficiadas. Na prov\u00edncia da Para\u00edba em nossas cinco Dioceses 1.125 fam\u00edlias contempladas&#8221;, comenta.<\/p>\n<p style=\"text-align: justify;\">Ele finaliza. &#8221; Na Diocese de Patos 200 fam\u00edlias foram ajudadas, uma a\u00e7\u00e3o articulada com a A\u00e7\u00e3o Social Diocesana e equipe do Propac. A\u00e7\u00f5es importantes diante de uma pandemia onde precisamos globalizar a solidariedade. Agradecemos por todos os gestos de partilha e fraternidade&#8221;.<\/p>\n<p style=\"text-align: justify;\">Para o presidente da A\u00e7\u00e3o Social Diocesana de Patos e do Conselho Regional da CBNE2, Padre Jo\u00e3o Saturnino, &#8221; &#8220;viu, compadeceu e cuidou dele&#8221;, com estas palavras\u00a0\u00a0 eu quero agradecer louvando a Deus, todo esfor\u00e7o feito e trabalho realizado neste momento de pandemia a C\u00e1ritas aqui no Regional NE2, as bispos dos quatro estados em\u00a0 que atuamos pelo apoio que nos deram e continuam dando, para que juntos possamos recuperar a autoestima e dignidade dos mais necessitados. E em especial agradecer a Adveniat, que neste momento t\u00e3o dif\u00edcil com sua parceria tantas fam\u00edlias nos quatro estados receberam ajuda para alimenta\u00e7\u00e3o, higiene pessoal, e medica\u00e7\u00e3o. \u00c9 o nosso momento de a\u00e7\u00e3o de gra\u00e7as, onde rogamos ao Pai que continue a promover nos irm\u00e3os financiadores e parceiros para que aconte\u00e7a entre n\u00f3s o reino de Deus&#8221;, declara.<\/p>\n<p style=\"text-align: justify;\">Na Diocese de Campina Grande, a C\u00e1ritas Diocesana beneficiou 175 fam\u00edlias do munic\u00edpio, com doa\u00e7\u00e3o de cestas b\u00e1sicas e produtos de higiene e limpeza.\u00a0 A par\u00f3quia de S\u00e3o Pedro, localizada no bairro Severino Cabral, foi contemplada com 95 cestas e kits de higiene e limpeza; e 80 fam\u00edlias foram assistidas pela Sociedade de S\u00e3o Vicente de Paulo (Vicentinos), atendendo assim, diversos bairros do munic\u00edpio.<\/p>\n<p style=\"text-align: justify;\">Al\u00e9m das cestas de kits de higiene e limpeza, a Par\u00f3quia S\u00e3o Pedro e Vicentinos tamb\u00e9m receberam equipamentos de prote\u00e7\u00e3o individual (EPI\u00b4s) como luvas, \u00e1lcool gel e m\u00e1scaras, para os volunt\u00e1rios que realizaram a distribui\u00e7\u00e3o dos itens.<\/p>\n<p style=\"text-align: justify;\">Para o di\u00e1cono e presidente da C\u00e1ritas Diocesana de Campina Grande, Ricardo Sores, &#8220;\u00e9 de grande import\u00e2ncia este projeto desenvolvido pela C\u00e1ritas em parceria com a Adveniat, em particular aqui na nossa Diocese de Campina Grande. Atendemos cerca de 200 fam\u00edlias que est\u00e3o em situa\u00e7\u00e3o de vulnerabilidade social e\/ou financeira, com esta ajuda aliviamos um pouco o sofrimento de tantos irm\u00e3os e irm\u00e3s que sofrem, por causa dessa atual conjuntura da pandemia causada pela Covid- 19, e tamb\u00e9m, pela &#8220;pandemia&#8221; causada pela injusti\u00e7a social, pelo ego\u00edsmo, e pela falta de amor ao pr\u00f3ximo&#8221;, finaliza.<\/p>\n<p style=\"text-align: justify;\">\n<p><a href=\"http:\/\/www.caritasne2.org.br\/?attachment_id=6992\" rel=\"attachment wp-att-6992\"><img decoding=\"async\" loading=\"lazy\" class=\"aligncenter  wp-image-6992\" src=\"http:\/\/www.caritasne2.org.br\/wp-content\/uploads\/2020\/06\/WhatsApp-Image-2020-06-25-at-18.06.27-1-300x225.jpeg\" alt=\"\" width=\"375\" height=\"281\" srcset=\"https:\/\/www.caritasne2.org.br\/site\/wp-content\/uploads\/2020\/06\/WhatsApp-Image-2020-06-25-at-18.06.27-1-300x225.jpeg 300w, https:\/\/www.caritasne2.org.br\/site\/wp-content\/uploads\/2020\/06\/WhatsApp-Image-2020-06-25-at-18.06.27-1-768x576.jpeg 768w, https:\/\/www.caritasne2.org.br\/site\/wp-content\/uploads\/2020\/06\/WhatsApp-Image-2020-06-25-at-18.06.27-1-1024x768.jpeg 1024w, https:\/\/www.caritasne2.org.br\/site\/wp-content\/uploads\/2020\/06\/WhatsApp-Image-2020-06-25-at-18.06.27-1.jpeg 1040w\" sizes=\"(max-width: 375px) 100vw, 375px\" \/><\/a><\/p>\n<p><a href=\"http:\/\/www.caritasne2.org.br\/?attachment_id=6994\" rel=\"attachment wp-att-6994\"><img decoding=\"async\" loading=\"lazy\" class=\"aligncenter  wp-image-6994\" src=\"http:\/\/www.caritasne2.org.br\/wp-content\/uploads\/2020\/06\/WhatsApp-Image-2020-06-17-at-09.32.52-300x225.jpeg\" alt=\"\" width=\"361\" height=\"271\" srcset=\"https:\/\/www.caritasne2.org.br\/site\/wp-content\/uploads\/2020\/06\/WhatsApp-Image-2020-06-17-at-09.32.52-300x225.jpeg 300w, https:\/\/www.caritasne2.org.br\/site\/wp-content\/uploads\/2020\/06\/WhatsApp-Image-2020-06-17-at-09.32.52-768x576.jpeg 768w, https:\/\/www.caritasne2.org.br\/site\/wp-content\/uploads\/2020\/06\/WhatsApp-Image-2020-06-17-at-09.32.52-1024x768.jpeg 1024w, https:\/\/www.caritasne2.org.br\/site\/wp-content\/uploads\/2020\/06\/WhatsApp-Image-2020-06-17-at-09.32.52.jpeg 1280w\" sizes=\"(max-width: 361px) 100vw, 361px\" \/><\/a><\/p>\n<p><a href=\"http:\/\/www.caritasne2.org.br\/?attachment_id=6993\" rel=\"attachment wp-att-6993\"><img decoding=\"async\" loading=\"lazy\" class=\"aligncenter  wp-image-6993\" src=\"http:\/\/www.caritasne2.org.br\/wp-content\/uploads\/2020\/06\/WhatsApp-Image-2020-06-17-at-09.32.51-300x225.jpeg\" alt=\"\" width=\"366\" height=\"274\" srcset=\"https:\/\/www.caritasne2.org.br\/site\/wp-content\/uploads\/2020\/06\/WhatsApp-Image-2020-06-17-at-09.32.51-300x225.jpeg 300w, https:\/\/www.caritasne2.org.br\/site\/wp-content\/uploads\/2020\/06\/WhatsApp-Image-2020-06-17-at-09.32.51-768x576.jpeg 768w, https:\/\/www.caritasne2.org.br\/site\/wp-content\/uploads\/2020\/06\/WhatsApp-Image-2020-06-17-at-09.32.51-1024x768.jpeg 1024w, https:\/\/www.caritasne2.org.br\/site\/wp-content\/uploads\/2020\/06\/WhatsApp-Image-2020-06-17-at-09.32.51.jpeg 1040w\" sizes=\"(max-width: 366px) 100vw, 366px\" \/><\/a><\/p>\n<p>&nbsp;<\/p>\n<p><a href=\"http:\/\/www.caritasne2.org.br\/?attachment_id=6990\" rel=\"attachment wp-att-6990\"><img decoding=\"async\" loading=\"lazy\" class=\"aligncenter  wp-image-6990\" src=\"http:\/\/www.caritasne2.org.br\/wp-content\/uploads\/2020\/06\/WhatsApp-Image-2020-06-25-at-18.19.13-300x225.jpeg\" alt=\"\" width=\"349\" height=\"262\" srcset=\"https:\/\/www.caritasne2.org.br\/site\/wp-content\/uploads\/2020\/06\/WhatsApp-Image-2020-06-25-at-18.19.13-300x225.jpeg 300w, https:\/\/www.caritasne2.org.br\/site\/wp-content\/uploads\/2020\/06\/WhatsApp-Image-2020-06-25-at-18.19.13-768x576.jpeg 768w, https:\/\/www.caritasne2.org.br\/site\/wp-content\/uploads\/2020\/06\/WhatsApp-Image-2020-06-25-at-18.19.13-1024x768.jpeg 1024w, https:\/\/www.caritasne2.org.br\/site\/wp-content\/uploads\/2020\/06\/WhatsApp-Image-2020-06-25-at-18.19.13.jpeg 1280w\" sizes=\"(max-width: 349px) 100vw, 349px\" \/><\/a><\/p>\n<p><a href=\"http:\/\/www.caritasne2.org.br\/?attachment_id=6989\" rel=\"attachment wp-att-6989\"><img decoding=\"async\" loading=\"lazy\" class=\"aligncenter  wp-image-6989\" src=\"http:\/\/www.caritasne2.org.br\/wp-content\/uploads\/2020\/06\/WhatsApp-Image-2020-06-25-at-18.19.13-2-300x225.jpeg\" alt=\"\" width=\"345\" height=\"259\" srcset=\"https:\/\/www.caritasne2.org.br\/site\/wp-content\/uploads\/2020\/06\/WhatsApp-Image-2020-06-25-at-18.19.13-2-300x225.jpeg 300w, https:\/\/www.caritasne2.org.br\/site\/wp-content\/uploads\/2020\/06\/WhatsApp-Image-2020-06-25-at-18.19.13-2-768x576.jpeg 768w, https:\/\/www.caritasne2.org.br\/site\/wp-content\/uploads\/2020\/06\/WhatsApp-Image-2020-06-25-at-18.19.13-2-1024x768.jpeg 1024w, https:\/\/www.caritasne2.org.br\/site\/wp-content\/uploads\/2020\/06\/WhatsApp-Image-2020-06-25-at-18.19.13-2.jpeg 1280w\" sizes=\"(max-width: 345px) 100vw, 345px\" \/><\/a><\/p>\n<p><a href=\"http:\/\/www.caritasne2.org.br\/?attachment_id=6991\" rel=\"attachment wp-att-6991\"><img decoding=\"async\" loading=\"lazy\" class=\"aligncenter  wp-image-6991\" src=\"http:\/\/www.caritasne2.org.br\/wp-content\/uploads\/2020\/06\/WhatsApp-Image-2020-06-25-at-18.06.26-300x225.jpeg\" alt=\"\" width=\"355\" height=\"266\" srcset=\"https:\/\/www.caritasne2.org.br\/site\/wp-content\/uploads\/2020\/06\/WhatsApp-Image-2020-06-25-at-18.06.26-300x225.jpeg 300w, https:\/\/www.caritasne2.org.br\/site\/wp-content\/uploads\/2020\/06\/WhatsApp-Image-2020-06-25-at-18.06.26-768x576.jpeg 768w, https:\/\/www.caritasne2.org.br\/site\/wp-content\/uploads\/2020\/06\/WhatsApp-Image-2020-06-25-at-18.06.26-1024x768.jpeg 1024w, https:\/\/www.caritasne2.org.br\/site\/wp-content\/uploads\/2020\/06\/WhatsApp-Image-2020-06-25-at-18.06.26.jpeg 1040w\" sizes=\"(max-width: 355px) 100vw, 355px\" \/><\/a><\/p>\n<p><a href=\"http:\/\/www.caritasne2.org.br\/?attachment_id=6988\" rel=\"attachment wp-att-6988\"><img decoding=\"async\" loading=\"lazy\" class=\"aligncenter  wp-image-6988\" src=\"http:\/\/www.caritasne2.org.br\/wp-content\/uploads\/2020\/06\/8-300x200.jpg\" alt=\"\" width=\"353\" height=\"235\" srcset=\"https:\/\/www.caritasne2.org.br\/site\/wp-content\/uploads\/2020\/06\/8-300x200.jpg 300w, https:\/\/www.caritasne2.org.br\/site\/wp-content\/uploads\/2020\/06\/8-768x511.jpg 768w, https:\/\/www.caritasne2.org.br\/site\/wp-content\/uploads\/2020\/06\/8.jpg 960w\" sizes=\"(max-width: 353px) 100vw, 353px\" \/><\/a><\/p>\n<p><a href=\"http:\/\/www.caritasne2.org.br\/?attachment_id=6987\" rel=\"attachment wp-att-6987\"><img decoding=\"async\" loading=\"lazy\" class=\"aligncenter  wp-image-6987\" src=\"http:\/\/www.caritasne2.org.br\/wp-content\/uploads\/2020\/06\/9-300x200.jpg\" alt=\"\" width=\"342\" height=\"228\" srcset=\"https:\/\/www.caritasne2.org.br\/site\/wp-content\/uploads\/2020\/06\/9-300x200.jpg 300w, https:\/\/www.caritasne2.org.br\/site\/wp-content\/uploads\/2020\/06\/9-768x511.jpg 768w, https:\/\/www.caritasne2.org.br\/site\/wp-content\/uploads\/2020\/06\/9.jpg 960w\" sizes=\"(max-width: 342px) 100vw, 342px\" \/><\/a><\/p>\n<p><a href=\"http:\/\/www.caritasne2.org.br\/?attachment_id=6986\" rel=\"attachment wp-att-6986\"><img decoding=\"async\" loading=\"lazy\" class=\"aligncenter  wp-image-6986\" src=\"http:\/\/www.caritasne2.org.br\/wp-content\/uploads\/2020\/06\/6-300x200.jpg\" alt=\"\" width=\"350\" height=\"233\" srcset=\"https:\/\/www.caritasne2.org.br\/site\/wp-content\/uploads\/2020\/06\/6-300x200.jpg 300w, https:\/\/www.caritasne2.org.br\/site\/wp-content\/uploads\/2020\/06\/6-768x511.jpg 768w, https:\/\/www.caritasne2.org.br\/site\/wp-content\/uploads\/2020\/06\/6.jpg 960w\" sizes=\"(max-width: 350px) 100vw, 350px\" \/><\/a><\/p>\n<p>&nbsp;<\/p>\n<ul class=\"ssb_list_wrapper\"><li class=\"fb2\" style=\"width:135px\"><iframe src=\"\/\/www.facebook.com\/plugins\/like.php?href=https%3A%2F%2Fwww.caritasne2.org.br%2Fsite%2Fcomunidades-carentes-da-paraiba-sao-beneficiadas-por-acao-solidaria-e-emergencia-e-tempo-de-cuidar%2F&amp;layout=button_count&amp;action=like&amp;show_faces=false&amp;share=true&amp;width=135&amp;height=21&amp;appId=307091639398582\" scrolling=\"no\" frameborder=\"0\" style=\"border:none; overflow:hidden;  width:150px; height:21px;\" allowTransparency=\"true\"><\/iframe><\/li><li class=\"twtr\" style=\"width:90px\"><a href=\"https:\/\/twitter.com\/share\" class=\"twitter-share-button\" data-url=\"https:\/\/www.caritasne2.org.br\/site\/comunidades-carentes-da-paraiba-sao-beneficiadas-por-acao-solidaria-e-emergencia-e-tempo-de-cuidar\/\">&nbsp;<\/a><script>!function(d,s,id){var js,fjs=d.getElementsByTagName(s)[0],p=\/^http:\/.test(d.location)?'http':'https';if(!d.getElementById(id)){js=d.createElement(s);js.id=id;js.src=p+':\/\/platform.twitter.com\/widgets.js';fjs.parentNode.insertBefore(js,fjs);}}(document, 'script', 'twitter-wjs');<\/script><\/li><li class=\"gplus\" style=\"width:68px\"><div class=\"g-plusone\" data-size=\"medium\" data-href=\"https:\/\/www.caritasne2.org.br\/site\/comunidades-carentes-da-paraiba-sao-beneficiadas-por-acao-solidaria-e-emergencia-e-tempo-de-cuidar\/\"><\/div><\/li><li class=\"ssb_linkedin\" style=\"width:64px\"><script src=\"\/\/platform.linkedin.com\/in.js\" type=\"text\/javascript\">lang: en_US<\/script><script type=\"IN\/Share\" data-url=\"https:\/\/www.caritasne2.org.br\/site\/comunidades-carentes-da-paraiba-sao-beneficiadas-por-acao-solidaria-e-emergencia-e-tempo-de-cuidar\/\" data-counter=\"right\"><\/script><\/li><\/ul>","protected":false},"excerpt":{"rendered":"<p>No Domingo de P\u00e1scoa, a Igreja Cat\u00f3lica lan\u00e7ou a Campanha &#8220;\u00c9 Tempo de Cuidar&#8221; uma iniciativa da Confer\u00eancia Nacional dos Bispos do Brasil (CNBB) e C\u00e1ritas Brasileira, que diante da pandemia do Coronav\u00edrus trabalha o est\u00edmulo da solidariedade por meio de doa\u00e7\u00f5es as pessoas em situa\u00e7\u00e3o de vulnerabilidade e exclus\u00e3o social. Sens\u00edvel a esta situa\u00e7\u00e3o, as entidades membros entre elas a A\u00e7\u00e3o Social Diocesana de [&hellip;]<\/p>\n<ul class=\"ssb_list_wrapper\"><li class=\"fb2\" style=\"width:135px\"><iframe src=\"\/\/www.facebook.com\/plugins\/like.php?href=https%3A%2F%2Fwww.caritasne2.org.br%2Fsite%2Fcomunidades-carentes-da-paraiba-sao-beneficiadas-por-acao-solidaria-e-emergencia-e-tempo-de-cuidar%2F&amp;layout=button_count&amp;action=like&amp;show_faces=false&amp;share=true&amp;width=135&amp;height=21&amp;appId=307091639398582\" scrolling=\"no\" frameborder=\"0\" style=\"border:none; overflow:hidden;  width:150px; height:21px;\" allowTransparency=\"true\"><\/iframe><\/li><li class=\"twtr\" style=\"width:90px\"><a href=\"https:\/\/twitter.com\/share\" class=\"twitter-share-button\" data-url=\"https:\/\/www.caritasne2.org.br\/site\/comunidades-carentes-da-paraiba-sao-beneficiadas-por-acao-solidaria-e-emergencia-e-tempo-de-cuidar\/\">&nbsp;<\/a><script>!function(d,s,id){var js,fjs=d.getElementsByTagName(s)[0],p=\/^http:\/.test(d.location)?'http':'https';if(!d.getElementById(id)){js=d.createElement(s);js.id=id;js.src=p+':\/\/platform.twitter.com\/widgets.js';fjs.parentNode.insertBefore(js,fjs);}}(document, 'script', 'twitter-wjs');<\/script><\/li><li class=\"gplus\" style=\"width:68px\"><div class=\"g-plusone\" data-size=\"medium\" data-href=\"https:\/\/www.caritasne2.org.br\/site\/comunidades-carentes-da-paraiba-sao-beneficiadas-por-acao-solidaria-e-emergencia-e-tempo-de-cuidar\/\"><\/div><\/li><li class=\"ssb_linkedin\" style=\"width:64px\"><script src=\"\/\/platform.linkedin.com\/in.js\" type=\"text\/javascript\">lang: en_US<\/script><script type=\"IN\/Share\" data-url=\"https:\/\/www.caritasne2.org.br\/site\/comunidades-carentes-da-paraiba-sao-beneficiadas-por-acao-solidaria-e-emergencia-e-tempo-de-cuidar\/\" data-counter=\"right\"><\/script><\/li><\/ul>","protected":false},"author":4,"featured_media":6983,"comment_status":"open","ping_status":"open","sticky":false,"template":"","format":"standard","meta":[],"categories":[21,20],"tags":[],"_links":{"self":[{"href":"https:\/\/www.caritasne2.org.br\/site\/wp-json\/wp\/v2\/posts\/6995"}],"collection":[{"href":"https:\/\/www.caritasne2.org.br\/site\/wp-json\/wp\/v2\/posts"}],"about":[{"href":"https:\/\/www.caritasne2.org.br\/site\/wp-json\/wp\/v2\/types\/post"}],"author":[{"embeddable":true,"href":"https:\/\/www.caritasne2.org.br\/site\/wp-json\/wp\/v2\/users\/4"}],"replies":[{"embeddable":true,"href":"https:\/\/www.caritasne2.org.br\/site\/wp-json\/wp\/v2\/comments?post=6995"}],"version-history":[{"count":0,"href":"https:\/\/www.caritasne2.org.br\/site\/wp-json\/wp\/v2\/posts\/6995\/revisions"}],"wp:featuredmedia":[{"embeddable":true,"href":"https:\/\/www.caritasne2.org.br\/site\/wp-json\/wp\/v2\/media\/6983"}],"wp:attachment":[{"href":"https:\/\/www.caritasne2.org.br\/site\/wp-json\/wp\/v2\/media?parent=6995"}],"wp:term":[{"taxonomy":"category","embeddable":true,"href":"https:\/\/www.caritasne2.org.br\/site\/wp-json\/wp\/v2\/categories?post=6995"},{"taxonomy":"post_tag","embeddable":true,"href":"https:\/\/www.caritasne2.org.br\/site\/wp-json\/wp\/v2\/tags?post=6995"}],"curies":[{"name":"wp","href":"https:\/\/api.w.org\/{rel}","templated":true}]}}