{"id":6964,"date":"2020-06-23T16:50:19","date_gmt":"2020-06-23T19:50:19","guid":{"rendered":"http:\/\/www.caritasne2.org.br\/?p=6964"},"modified":"2020-06-23T17:04:40","modified_gmt":"2020-06-23T20:04:40","slug":"fundacao-caritas-luxemburgo-fcl-e-a-caritas-suica-cach-lancam-edital-para-selecao-de-assistente-de-programa-para-ajuda-humanitaria","status":"publish","type":"post","link":"https:\/\/www.caritasne2.org.br\/site\/fundacao-caritas-luxemburgo-fcl-e-a-caritas-suica-cach-lancam-edital-para-selecao-de-assistente-de-programa-para-ajuda-humanitaria\/","title":{"rendered":"Funda\u00e7\u00e3o C\u00e1ritas Luxemburgo (FCL) e a C\u00e1ritas Su\u00ed\u00e7a (CACH) lan\u00e7am edital para sele\u00e7\u00e3o de Assistente de Programa para Ajuda Humanit\u00e1ria"},"content":{"rendered":"<p style=\"text-align: justify;\">Antecipando um poss\u00edvel financiamento de DG ECHO, a Caritas Luxemburgo e a C\u00e1ritas Su\u00ed\u00e7a, tornam p\u00fablico a realiza\u00e7\u00e3o do processo seletivo para contrata\u00e7\u00e3o de Assistente de Programa para uma a\u00e7\u00e3o Regional de Ajuda Humanit\u00e1ria, para apoiar a gest\u00e3o do programa regional &#8220;Promo\u00e7\u00e3o de Preven\u00e7\u00e3o e Resili\u00eancia ao COVID-19.<\/p>\n<p style=\"text-align: justify;\">O projeto busca promover a preven\u00e7\u00e3o e a resili\u00eancia do COVID-19 entre refugiados e migrantes vulner\u00e1veis, povos ind\u00edgenas e comunidades de acolhimento no Brasil, Col\u00f4mbia e Venezuela. As a\u00e7\u00f5es realizadas atrav\u00e9s do projeto respondem \u00e0s necessidades urgentes das popula\u00e7\u00f5es com alto risco de contrair a doen\u00e7a, bem como \u00e0 perda de oportunidades de gera\u00e7\u00e3o de renda em decorr\u00eancia das consequ\u00eancias sociais e econ\u00f4micas da pandemia. A contrata\u00e7\u00e3o da pessoa selecionada \u00e9 mediante a aprova\u00e7\u00e3o do projeto.<\/p>\n<p style=\"text-align: justify;\"><a href=\"http:\/\/www.caritasne2.org.br\/wp-content\/uploads\/2020\/06\/20200622_Assistente_Anuncio-Caritas-Suica.pdf\">Confira o edital completo aqui.<\/a><\/p>\n<p style=\"text-align: justify;\">Recife, 23 de junho de 2020.<\/p>\n<p style=\"text-align: justify;\">Comiss\u00e3o de Sele\u00e7\u00e3o<\/p>\n<p style=\"text-align: justify;\">Funda\u00e7\u00e3o C\u00e1ritas Luxemburgo (FCL) e a C\u00e1ritas Su\u00ed\u00e7a (CACH).<\/p>\n<p>&nbsp;<\/p>\n<ul class=\"ssb_list_wrapper\"><li class=\"fb2\" style=\"width:135px\"><iframe src=\"\/\/www.facebook.com\/plugins\/like.php?href=https%3A%2F%2Fwww.caritasne2.org.br%2Fsite%2Ffundacao-caritas-luxemburgo-fcl-e-a-caritas-suica-cach-lancam-edital-para-selecao-de-assistente-de-programa-para-ajuda-humanitaria%2F&amp;layout=button_count&amp;action=like&amp;show_faces=false&amp;share=true&amp;width=135&amp;height=21&amp;appId=307091639398582\" scrolling=\"no\" frameborder=\"0\" style=\"border:none; overflow:hidden;  width:150px; height:21px;\" allowTransparency=\"true\"><\/iframe><\/li><li class=\"twtr\" style=\"width:90px\"><a href=\"https:\/\/twitter.com\/share\" class=\"twitter-share-button\" data-url=\"https:\/\/www.caritasne2.org.br\/site\/fundacao-caritas-luxemburgo-fcl-e-a-caritas-suica-cach-lancam-edital-para-selecao-de-assistente-de-programa-para-ajuda-humanitaria\/\">&nbsp;<\/a><script>!function(d,s,id){var js,fjs=d.getElementsByTagName(s)[0],p=\/^http:\/.test(d.location)?'http':'https';if(!d.getElementById(id)){js=d.createElement(s);js.id=id;js.src=p+':\/\/platform.twitter.com\/widgets.js';fjs.parentNode.insertBefore(js,fjs);}}(document, 'script', 'twitter-wjs');<\/script><\/li><li class=\"gplus\" style=\"width:68px\"><div class=\"g-plusone\" data-size=\"medium\" data-href=\"https:\/\/www.caritasne2.org.br\/site\/fundacao-caritas-luxemburgo-fcl-e-a-caritas-suica-cach-lancam-edital-para-selecao-de-assistente-de-programa-para-ajuda-humanitaria\/\"><\/div><\/li><li class=\"ssb_linkedin\" style=\"width:64px\"><script src=\"\/\/platform.linkedin.com\/in.js\" type=\"text\/javascript\">lang: en_US<\/script><script type=\"IN\/Share\" data-url=\"https:\/\/www.caritasne2.org.br\/site\/fundacao-caritas-luxemburgo-fcl-e-a-caritas-suica-cach-lancam-edital-para-selecao-de-assistente-de-programa-para-ajuda-humanitaria\/\" data-counter=\"right\"><\/script><\/li><\/ul>","protected":false},"excerpt":{"rendered":"<p>Antecipando um poss\u00edvel financiamento de DG ECHO, a Caritas Luxemburgo e a C\u00e1ritas Su\u00ed\u00e7a, tornam p\u00fablico a realiza\u00e7\u00e3o do processo seletivo para contrata\u00e7\u00e3o de Assistente de Programa para uma a\u00e7\u00e3o Regional de Ajuda Humanit\u00e1ria, para apoiar a gest\u00e3o do programa regional &#8220;Promo\u00e7\u00e3o de Preven\u00e7\u00e3o e Resili\u00eancia ao COVID-19. O projeto busca promover a preven\u00e7\u00e3o e a resili\u00eancia do COVID-19 entre refugiados e migrantes vulner\u00e1veis, povos [&hellip;]<\/p>\n<ul class=\"ssb_list_wrapper\"><li class=\"fb2\" style=\"width:135px\"><iframe src=\"\/\/www.facebook.com\/plugins\/like.php?href=https%3A%2F%2Fwww.caritasne2.org.br%2Fsite%2Ffundacao-caritas-luxemburgo-fcl-e-a-caritas-suica-cach-lancam-edital-para-selecao-de-assistente-de-programa-para-ajuda-humanitaria%2F&amp;layout=button_count&amp;action=like&amp;show_faces=false&amp;share=true&amp;width=135&amp;height=21&amp;appId=307091639398582\" scrolling=\"no\" frameborder=\"0\" style=\"border:none; overflow:hidden;  width:150px; height:21px;\" allowTransparency=\"true\"><\/iframe><\/li><li class=\"twtr\" style=\"width:90px\"><a href=\"https:\/\/twitter.com\/share\" class=\"twitter-share-button\" data-url=\"https:\/\/www.caritasne2.org.br\/site\/fundacao-caritas-luxemburgo-fcl-e-a-caritas-suica-cach-lancam-edital-para-selecao-de-assistente-de-programa-para-ajuda-humanitaria\/\">&nbsp;<\/a><script>!function(d,s,id){var js,fjs=d.getElementsByTagName(s)[0],p=\/^http:\/.test(d.location)?'http':'https';if(!d.getElementById(id)){js=d.createElement(s);js.id=id;js.src=p+':\/\/platform.twitter.com\/widgets.js';fjs.parentNode.insertBefore(js,fjs);}}(document, 'script', 'twitter-wjs');<\/script><\/li><li class=\"gplus\" style=\"width:68px\"><div class=\"g-plusone\" data-size=\"medium\" data-href=\"https:\/\/www.caritasne2.org.br\/site\/fundacao-caritas-luxemburgo-fcl-e-a-caritas-suica-cach-lancam-edital-para-selecao-de-assistente-de-programa-para-ajuda-humanitaria\/\"><\/div><\/li><li class=\"ssb_linkedin\" style=\"width:64px\"><script src=\"\/\/platform.linkedin.com\/in.js\" type=\"text\/javascript\">lang: en_US<\/script><script type=\"IN\/Share\" data-url=\"https:\/\/www.caritasne2.org.br\/site\/fundacao-caritas-luxemburgo-fcl-e-a-caritas-suica-cach-lancam-edital-para-selecao-de-assistente-de-programa-para-ajuda-humanitaria\/\" data-counter=\"right\"><\/script><\/li><\/ul>","protected":false},"author":4,"featured_media":6965,"comment_status":"open","ping_status":"open","sticky":false,"template":"","format":"standard","meta":[],"categories":[21,20],"tags":[],"_links":{"self":[{"href":"https:\/\/www.caritasne2.org.br\/site\/wp-json\/wp\/v2\/posts\/6964"}],"collection":[{"href":"https:\/\/www.caritasne2.org.br\/site\/wp-json\/wp\/v2\/posts"}],"about":[{"href":"https:\/\/www.caritasne2.org.br\/site\/wp-json\/wp\/v2\/types\/post"}],"author":[{"embeddable":true,"href":"https:\/\/www.caritasne2.org.br\/site\/wp-json\/wp\/v2\/users\/4"}],"replies":[{"embeddable":true,"href":"https:\/\/www.caritasne2.org.br\/site\/wp-json\/wp\/v2\/comments?post=6964"}],"version-history":[{"count":0,"href":"https:\/\/www.caritasne2.org.br\/site\/wp-json\/wp\/v2\/posts\/6964\/revisions"}],"wp:featuredmedia":[{"embeddable":true,"href":"https:\/\/www.caritasne2.org.br\/site\/wp-json\/wp\/v2\/media\/6965"}],"wp:attachment":[{"href":"https:\/\/www.caritasne2.org.br\/site\/wp-json\/wp\/v2\/media?parent=6964"}],"wp:term":[{"taxonomy":"category","embeddable":true,"href":"https:\/\/www.caritasne2.org.br\/site\/wp-json\/wp\/v2\/categories?post=6964"},{"taxonomy":"post_tag","embeddable":true,"href":"https:\/\/www.caritasne2.org.br\/site\/wp-json\/wp\/v2\/tags?post=6964"}],"curies":[{"name":"wp","href":"https:\/\/api.w.org\/{rel}","templated":true}]}}