{"id":6934,"date":"2020-06-19T09:23:06","date_gmt":"2020-06-19T12:23:06","guid":{"rendered":"http:\/\/www.caritasne2.org.br\/?p=6934"},"modified":"2020-06-19T09:50:43","modified_gmt":"2020-06-19T12:50:43","slug":"familias-da-provincia-de-pernambuco-recebem-cestas-basicas-atraves-de-parceria-entre-a-caritas-brasileira-ne2-e-adveniat","status":"publish","type":"post","link":"https:\/\/www.caritasne2.org.br\/site\/familias-da-provincia-de-pernambuco-recebem-cestas-basicas-atraves-de-parceria-entre-a-caritas-brasileira-ne2-e-adveniat\/","title":{"rendered":"Fam\u00edlias da prov\u00edncia de Pernambuco recebem cestas b\u00e1sicas atrav\u00e9s de parceria entre a C\u00e1ritas Brasileira NE2 e Adveniat"},"content":{"rendered":"<p style=\"text-align: center;\"><em>Ao todo nos estados de AL, PE, PB e RN cerca de 10 mil cestas b\u00e1sicas contendo alimentos, produtos de higiene e limpeza ser\u00e3o doadas<\/em><\/p>\n<p style=\"text-align: justify;\">Como parte do plano emergencial para o combate a Covid-19, a C\u00e1ritas Brasileira Regional NE2 realiza nos quatro estados de atua\u00e7\u00e3o, AL, PB, PE e RN, em parceria com a Adveniat, institui\u00e7\u00e3o cat\u00f3lica alem\u00e3, a doa\u00e7\u00e3o de cestas b\u00e1sicas \u00e0s fam\u00edlias em situa\u00e7\u00e3o de vulnerabilidade social. As 18 entidades membros que comp\u00f5em a CBNE2 identificaram em seus respectivos estados, as fam\u00edlias que ir\u00e3o receber as mais de 10 mil cestas b\u00e1sicas contendo alimentos, produtos de higiene e limpeza.<\/p>\n<p style=\"text-align: justify;\">No estado de Pernambuco, a C\u00e1ritas Diocesana de Pesqueira foi escolhida no f\u00f3rum C\u00e1ritas do estado para fazer a gest\u00e3o do projeto, que tem a estimativa de entregar cerca de 2.184 cestas b\u00e1sicas indicadas pelas 6 entidades membros pernambucanas. A institui\u00e7\u00e3o Tecendo Cidadania, parceira da CBNE2 no munic\u00edpio de Palmares, finalizou as entregas das cestas esta semana, totalizando 11 par\u00f3quias beneficiadas na Diocese de Palmares, s\u00e3o mais de 364 cestas distribu\u00eddas para fam\u00edlias em situa\u00e7\u00e3o de vulnerabilidade e exclus\u00e3o social.<\/p>\n<p style=\"text-align: justify;\">A Funda\u00e7\u00e3o Monsenhor Petronilo Pedrosa, localizada no munic\u00edpio de Nazar\u00e9 da Mata, doou 250 cestas b\u00e1sicas para fam\u00edlias carentes no munic\u00edpio de Itamb\u00e9. Na cidade de Limoeiro, cerca de 150 cestas tamb\u00e9m foram doadas a Par\u00f3quia Nossa Senhora do Carmo, e Instituto Padre Luiz Cecchin. Dona Maria L\u00facia, moradora da cidade de Limoeiro, m\u00e3e de 3 filhos e respons\u00e1vel pelo sustento da casa recebeu atrav\u00e9s do Instituto Padre Luiz Cechin, a doa\u00e7\u00e3o de uma cesta b\u00e1sica. &#8221; Cuido sozinha dos meus tr\u00eas filhos e estou muito grata pela doa\u00e7\u00e3o do Instituto N\u00e3o tenho ningu\u00e9m por mim, e esta doa\u00e7\u00e3o \u00e9 muito importante para minha vida e dos meus filhos, chegou no momento certo&#8221;, comenta.<\/p>\n<p style=\"text-align: justify;\">No munic\u00edpio de Garanhuns, atrav\u00e9s da C\u00e1ritas Diocesana de Garanhuns, cerca de 360 cestas foram entregues na periferia da cidade, e em outras institui\u00e7\u00f5es como associa\u00e7\u00f5es, cadeia p\u00fablica, para a Fazenda da Esperan\u00e7a (masculina e feminina), movimentos dos desafios jovens, e tantos outros. A presidente da C\u00e1ritas Diocesana de Garanhuns, Aparecida Nascimento, que participou das entregas das doa\u00e7\u00f5es, uma delas na \u00c1rea Pastoral Sagrado Cora\u00e7\u00e3o de Jesus, na casa de Dona Ter\u00ea, relata o depoimento da moradora. &#8220;Obrigado, esta cesta chegou em boa hora. Meu arm\u00e1rio estava vazio, e Deus providenciou voc\u00eas neste dia t\u00e3o aben\u00e7oado. Muito obrigado a todos que se uniram para ajudar a gente&#8221;, declarou emocionada.<\/p>\n<p style=\"text-align: justify;\">Para Aparecida. &#8220;N\u00f3s enquanto Igreja queremos s\u00f3 agradecer a Adveniat por essa iniciativa e parceria com C\u00e1ritas Regional Nordeste 2, e demais parceiros que colaboraram para esta cesta b\u00e1sica chegasse aos mais necessitados em tempos de pandemia e incertezas&#8221;, finaliza.<\/p>\n<p style=\"text-align: justify;\">Para a secret\u00e1ria regional da C\u00e1ritas Brasileira Regional NE 2, Neilda Pereira, &#8220;esta campanha tem como objetivo fortalecer as diversas iniciativas em todo territ\u00f3rio nacional, par\u00f3quias e Dioceses. Em parceria com a Adveniat uma organiza\u00e7\u00e3o da Igreja Cat\u00f3lica alem\u00e3, conseguimos ampliar as parcerias nos estados de AL, PB, PE e RN, e dessa forma, vamos entregar as fam\u00edlias carentes cestas b\u00e1sicas, produtos de higiene e limpeza para mais de 30.000 fam\u00edlias carentes, em 120 munic\u00edpios nestes quatro estados. Importante refor\u00e7ar que alguns itens dessas cestas ter\u00e3o produtos da agricultura familiar, o que fortalece e valoriza ainda mais a renda desses agricultores e agricultoras em tempos de pandemia&#8221;. \u00a0Ela finaliza. &#8220;Quem quiser ajudar e ampliar essa rede de solidariedade pode procurar a par\u00f3quia mais pr\u00f3xima da sua resid\u00eancia, e doar alimentos e produtos de limpeza e higiene pessoal&#8221;.<\/p>\n<p style=\"text-align: justify;\">Em Caruaru, a C\u00e1ritas Diocesana atendeu 370 fam\u00edlias em situa\u00e7\u00e3o de vulnerabilidade dos munic\u00edpios de Caruaru, Bonito, Ch\u00e3 Grande, Riacho das Almas, S\u00e3o Caetano, Tacaimb\u00f3 e Ibirajuba, no Agreste de Pernambuco, com entrega de cestas b\u00e1sicas e produtos de higiene e limpeza. Os seminaristas diocesanos participaram ativamente das entregas, relatando a alegria e gratid\u00e3o das fam\u00edlias ao receberem os alimentos.<\/p>\n<p style=\"text-align: justify;\">No munic\u00edpio de Salo\u00e1, atrav\u00e9s da C\u00e1ritas Diocesana de Garanhuns, cerca de 50 cestas foram entregues na Par\u00f3quia S\u00e3o Vicente de Paulo para atender fam\u00edlias carentes da periferia da cidade. Tamb\u00e9m est\u00e3o na lista dos munic\u00edpios contemplados pelo projeto em Pernambuco; Caruaru, Riacho das Almas, S\u00e3o Caetano, Cachoeirinha, Jupi, Canhotinho, \u00c1gua Preta, Gameleira, dentre outros.<\/p>\n<p style=\"text-align: justify;\">Com milhares de agricultores pontuando sobre a dificuldade de comercializar seus produtos durante a pandemia do novo coronav\u00edrus, parte dos produtos das cestas b\u00e1sicas do munic\u00edpio de Garanhuns foram adquiridos da Agricultura Familiar. \u201cNesse momento de pandemia, n\u00f3s estamos garantindo que nosso agricultor n\u00e3o perca produ\u00e7\u00e3o, e que melhore a pr\u00f3pria alimenta\u00e7\u00e3o dele. Esses recursos est\u00e3o melhorando a economia local\u201d, destacou Edimilson Paulino, coordenador de projetos da C\u00e1ritas Brasileira Regional Nordeste 2.<\/p>\n<p style=\"text-align: justify;\"><strong><u>C\u00e1ritas Brasileira Regional Nordeste 2 e Adveniat<\/u><\/strong><\/p>\n<p style=\"text-align: justify;\">A C\u00e1ritas Brasileira Regional Nordeste 2 (CBNE2), organismo da Confer\u00eancia Nacional dos Bispos do Brasil (CNBB), com sede em Recife, e atua\u00e7\u00e3o nos estados de Alagoas, Para\u00edba, Pernambuco e Rio Grande do Norte, integra uma Rede de Solidariedade que no mundo desenvolve a\u00e7\u00f5es que transformam vidas, a partir da viv\u00eancia do Evangelho de Jesus Cristo.\u00a0 A Adveniat \u00e9 uma institui\u00e7\u00e3o mantida pela Confer\u00eancia episcopal Alem\u00e3 que arrecada fundos, junto \u00e0 popula\u00e7\u00e3o cat\u00f3lica da Alemanha, a fim de subsidiar projetos de Evangeliza\u00e7\u00e3o e de a\u00e7\u00f5es pastorais junto \u00e0s comunidades mais carentes na Am\u00e9rica Latina e no Caribe.<\/p>\n<p style=\"text-align: justify;\"><a href=\"http:\/\/www.caritasne2.org.br\/familias-da-provincia-de-pernambuco-recebem-cestas-basicas-atraves-de-parceria-entre-a-caritas-brasileira-ne2-e-adveniat\/nazare-da-mata-5\/\" rel=\"attachment wp-att-6945\"><img decoding=\"async\" loading=\"lazy\" class=\"aligncenter wp-image-6945\" src=\"http:\/\/www.caritasne2.org.br\/wp-content\/uploads\/2020\/06\/Nazare-da-mata-5-225x300.jpg\" alt=\"\" width=\"316\" height=\"421\" srcset=\"https:\/\/www.caritasne2.org.br\/site\/wp-content\/uploads\/2020\/06\/Nazare-da-mata-5-225x300.jpg 225w, https:\/\/www.caritasne2.org.br\/site\/wp-content\/uploads\/2020\/06\/Nazare-da-mata-5-768x1024.jpg 768w, https:\/\/www.caritasne2.org.br\/site\/wp-content\/uploads\/2020\/06\/Nazare-da-mata-5.jpg 780w\" sizes=\"(max-width: 316px) 100vw, 316px\" \/><\/a><\/p>\n<p style=\"text-align: justify;\"><a href=\"http:\/\/www.caritasne2.org.br\/familias-da-provincia-de-pernambuco-recebem-cestas-basicas-atraves-de-parceria-entre-a-caritas-brasileira-ne2-e-adveniat\/limoeiro\/\" rel=\"attachment wp-att-6941\"><img decoding=\"async\" loading=\"lazy\" class=\"aligncenter wp-image-6941\" src=\"http:\/\/www.caritasne2.org.br\/wp-content\/uploads\/2020\/06\/LImoeiro--225x300.jpeg\" alt=\"\" width=\"318\" height=\"424\" srcset=\"https:\/\/www.caritasne2.org.br\/site\/wp-content\/uploads\/2020\/06\/LImoeiro--225x300.jpeg 225w, https:\/\/www.caritasne2.org.br\/site\/wp-content\/uploads\/2020\/06\/LImoeiro--768x1024.jpeg 768w, https:\/\/www.caritasne2.org.br\/site\/wp-content\/uploads\/2020\/06\/LImoeiro-.jpeg 960w\" sizes=\"(max-width: 318px) 100vw, 318px\" \/><\/a><\/p>\n<p style=\"text-align: justify;\"><a href=\"http:\/\/www.caritasne2.org.br\/familias-da-provincia-de-pernambuco-recebem-cestas-basicas-atraves-de-parceria-entre-a-caritas-brasileira-ne2-e-adveniat\/nazare-da-mata-2\/\" rel=\"attachment wp-att-6946\"><img decoding=\"async\" loading=\"lazy\" class=\"aligncenter wp-image-6946\" src=\"http:\/\/www.caritasne2.org.br\/wp-content\/uploads\/2020\/06\/Nazare-da-mata-2-225x300.jpg\" alt=\"\" width=\"296\" height=\"395\" srcset=\"https:\/\/www.caritasne2.org.br\/site\/wp-content\/uploads\/2020\/06\/Nazare-da-mata-2-225x300.jpg 225w, https:\/\/www.caritasne2.org.br\/site\/wp-content\/uploads\/2020\/06\/Nazare-da-mata-2.jpg 768w\" sizes=\"(max-width: 296px) 100vw, 296px\" \/><\/a><\/p>\n<p style=\"text-align: justify;\"><a href=\"http:\/\/www.caritasne2.org.br\/familias-da-provincia-de-pernambuco-recebem-cestas-basicas-atraves-de-parceria-entre-a-caritas-brasileira-ne2-e-adveniat\/palmares-01\/\" rel=\"attachment wp-att-6949\"><img decoding=\"async\" loading=\"lazy\" class=\"aligncenter wp-image-6949\" src=\"http:\/\/www.caritasne2.org.br\/wp-content\/uploads\/2020\/06\/Palmares-01-300x229.jpg\" alt=\"\" width=\"400\" height=\"306\" srcset=\"https:\/\/www.caritasne2.org.br\/site\/wp-content\/uploads\/2020\/06\/Palmares-01-300x229.jpg 300w, https:\/\/www.caritasne2.org.br\/site\/wp-content\/uploads\/2020\/06\/Palmares-01-768x587.jpg 768w, https:\/\/www.caritasne2.org.br\/site\/wp-content\/uploads\/2020\/06\/Palmares-01-1024x783.jpg 1024w, https:\/\/www.caritasne2.org.br\/site\/wp-content\/uploads\/2020\/06\/Palmares-01-90x70.jpg 90w, https:\/\/www.caritasne2.org.br\/site\/wp-content\/uploads\/2020\/06\/Palmares-01.jpg 1207w\" sizes=\"(max-width: 400px) 100vw, 400px\" \/><\/a><\/p>\n<p style=\"text-align: justify;\"><a href=\"http:\/\/www.caritasne2.org.br\/familias-da-provincia-de-pernambuco-recebem-cestas-basicas-atraves-de-parceria-entre-a-caritas-brasileira-ne2-e-adveniat\/itambe1-2\/\" rel=\"attachment wp-att-6954\"><img decoding=\"async\" loading=\"lazy\" class=\"aligncenter wp-image-6954\" src=\"http:\/\/www.caritasne2.org.br\/wp-content\/uploads\/2020\/06\/Itambe1-2-300x225.jpeg\" alt=\"\" width=\"376\" height=\"282\" srcset=\"https:\/\/www.caritasne2.org.br\/site\/wp-content\/uploads\/2020\/06\/Itambe1-2-300x225.jpeg 300w, https:\/\/www.caritasne2.org.br\/site\/wp-content\/uploads\/2020\/06\/Itambe1-2-768x576.jpeg 768w, https:\/\/www.caritasne2.org.br\/site\/wp-content\/uploads\/2020\/06\/Itambe1-2.jpeg 1024w\" sizes=\"(max-width: 376px) 100vw, 376px\" \/><\/a><\/p>\n<ul class=\"ssb_list_wrapper\"><li class=\"fb2\" style=\"width:135px\"><iframe src=\"\/\/www.facebook.com\/plugins\/like.php?href=https%3A%2F%2Fwww.caritasne2.org.br%2Fsite%2Ffamilias-da-provincia-de-pernambuco-recebem-cestas-basicas-atraves-de-parceria-entre-a-caritas-brasileira-ne2-e-adveniat%2F&amp;layout=button_count&amp;action=like&amp;show_faces=false&amp;share=true&amp;width=135&amp;height=21&amp;appId=307091639398582\" scrolling=\"no\" frameborder=\"0\" style=\"border:none; overflow:hidden;  width:150px; height:21px;\" allowTransparency=\"true\"><\/iframe><\/li><li class=\"twtr\" style=\"width:90px\"><a href=\"https:\/\/twitter.com\/share\" class=\"twitter-share-button\" data-url=\"https:\/\/www.caritasne2.org.br\/site\/familias-da-provincia-de-pernambuco-recebem-cestas-basicas-atraves-de-parceria-entre-a-caritas-brasileira-ne2-e-adveniat\/\">&nbsp;<\/a><script>!function(d,s,id){var js,fjs=d.getElementsByTagName(s)[0],p=\/^http:\/.test(d.location)?'http':'https';if(!d.getElementById(id)){js=d.createElement(s);js.id=id;js.src=p+':\/\/platform.twitter.com\/widgets.js';fjs.parentNode.insertBefore(js,fjs);}}(document, 'script', 'twitter-wjs');<\/script><\/li><li class=\"gplus\" style=\"width:68px\"><div class=\"g-plusone\" data-size=\"medium\" data-href=\"https:\/\/www.caritasne2.org.br\/site\/familias-da-provincia-de-pernambuco-recebem-cestas-basicas-atraves-de-parceria-entre-a-caritas-brasileira-ne2-e-adveniat\/\"><\/div><\/li><li class=\"ssb_linkedin\" style=\"width:64px\"><script src=\"\/\/platform.linkedin.com\/in.js\" type=\"text\/javascript\">lang: en_US<\/script><script type=\"IN\/Share\" data-url=\"https:\/\/www.caritasne2.org.br\/site\/familias-da-provincia-de-pernambuco-recebem-cestas-basicas-atraves-de-parceria-entre-a-caritas-brasileira-ne2-e-adveniat\/\" data-counter=\"right\"><\/script><\/li><\/ul>","protected":false},"excerpt":{"rendered":"<p>Ao todo nos estados de AL, PE, PB e RN cerca de 10 mil cestas b\u00e1sicas contendo alimentos, produtos de higiene e limpeza ser\u00e3o doadas Como parte do plano emergencial para o combate a Covid-19, a C\u00e1ritas Brasileira Regional NE2 realiza nos quatro estados de atua\u00e7\u00e3o, AL, PB, PE e RN, em parceria com a Adveniat, institui\u00e7\u00e3o cat\u00f3lica alem\u00e3, a doa\u00e7\u00e3o de cestas b\u00e1sicas \u00e0s [&hellip;]<\/p>\n<ul class=\"ssb_list_wrapper\"><li class=\"fb2\" style=\"width:135px\"><iframe src=\"\/\/www.facebook.com\/plugins\/like.php?href=https%3A%2F%2Fwww.caritasne2.org.br%2Fsite%2Ffamilias-da-provincia-de-pernambuco-recebem-cestas-basicas-atraves-de-parceria-entre-a-caritas-brasileira-ne2-e-adveniat%2F&amp;layout=button_count&amp;action=like&amp;show_faces=false&amp;share=true&amp;width=135&amp;height=21&amp;appId=307091639398582\" scrolling=\"no\" frameborder=\"0\" style=\"border:none; overflow:hidden;  width:150px; height:21px;\" allowTransparency=\"true\"><\/iframe><\/li><li class=\"twtr\" style=\"width:90px\"><a href=\"https:\/\/twitter.com\/share\" class=\"twitter-share-button\" data-url=\"https:\/\/www.caritasne2.org.br\/site\/familias-da-provincia-de-pernambuco-recebem-cestas-basicas-atraves-de-parceria-entre-a-caritas-brasileira-ne2-e-adveniat\/\">&nbsp;<\/a><script>!function(d,s,id){var js,fjs=d.getElementsByTagName(s)[0],p=\/^http:\/.test(d.location)?'http':'https';if(!d.getElementById(id)){js=d.createElement(s);js.id=id;js.src=p+':\/\/platform.twitter.com\/widgets.js';fjs.parentNode.insertBefore(js,fjs);}}(document, 'script', 'twitter-wjs');<\/script><\/li><li class=\"gplus\" style=\"width:68px\"><div class=\"g-plusone\" data-size=\"medium\" data-href=\"https:\/\/www.caritasne2.org.br\/site\/familias-da-provincia-de-pernambuco-recebem-cestas-basicas-atraves-de-parceria-entre-a-caritas-brasileira-ne2-e-adveniat\/\"><\/div><\/li><li class=\"ssb_linkedin\" style=\"width:64px\"><script src=\"\/\/platform.linkedin.com\/in.js\" type=\"text\/javascript\">lang: en_US<\/script><script type=\"IN\/Share\" data-url=\"https:\/\/www.caritasne2.org.br\/site\/familias-da-provincia-de-pernambuco-recebem-cestas-basicas-atraves-de-parceria-entre-a-caritas-brasileira-ne2-e-adveniat\/\" data-counter=\"right\"><\/script><\/li><\/ul>","protected":false},"author":4,"featured_media":6955,"comment_status":"open","ping_status":"open","sticky":false,"template":"","format":"standard","meta":[],"categories":[21,20],"tags":[],"_links":{"self":[{"href":"https:\/\/www.caritasne2.org.br\/site\/wp-json\/wp\/v2\/posts\/6934"}],"collection":[{"href":"https:\/\/www.caritasne2.org.br\/site\/wp-json\/wp\/v2\/posts"}],"about":[{"href":"https:\/\/www.caritasne2.org.br\/site\/wp-json\/wp\/v2\/types\/post"}],"author":[{"embeddable":true,"href":"https:\/\/www.caritasne2.org.br\/site\/wp-json\/wp\/v2\/users\/4"}],"replies":[{"embeddable":true,"href":"https:\/\/www.caritasne2.org.br\/site\/wp-json\/wp\/v2\/comments?post=6934"}],"version-history":[{"count":0,"href":"https:\/\/www.caritasne2.org.br\/site\/wp-json\/wp\/v2\/posts\/6934\/revisions"}],"wp:featuredmedia":[{"embeddable":true,"href":"https:\/\/www.caritasne2.org.br\/site\/wp-json\/wp\/v2\/media\/6955"}],"wp:attachment":[{"href":"https:\/\/www.caritasne2.org.br\/site\/wp-json\/wp\/v2\/media?parent=6934"}],"wp:term":[{"taxonomy":"category","embeddable":true,"href":"https:\/\/www.caritasne2.org.br\/site\/wp-json\/wp\/v2\/categories?post=6934"},{"taxonomy":"post_tag","embeddable":true,"href":"https:\/\/www.caritasne2.org.br\/site\/wp-json\/wp\/v2\/tags?post=6934"}],"curies":[{"name":"wp","href":"https:\/\/api.w.org\/{rel}","templated":true}]}}