{"id":6920,"date":"2020-06-15T15:01:50","date_gmt":"2020-06-15T18:01:50","guid":{"rendered":"http:\/\/www.caritasne2.org.br\/?p=6920"},"modified":"2020-06-15T15:57:56","modified_gmt":"2020-06-15T18:57:56","slug":"caritas-brasileira-ne2-e-spm-ne-promovem-programacao-especial-em-alusao-a-35a-semana-do-migrante","status":"publish","type":"post","link":"https:\/\/www.caritasne2.org.br\/site\/caritas-brasileira-ne2-e-spm-ne-promovem-programacao-especial-em-alusao-a-35a-semana-do-migrante\/","title":{"rendered":"C\u00e1ritas Brasileira NE2 e SPM NE promovem programa\u00e7\u00e3o especial em alus\u00e3o a 35\u00aa Semana do Migrante"},"content":{"rendered":"<p style=\"text-align: justify;\">A 35\u00aa Semana do Migrante de 2020, cujo tema\/lema \u00e9 \u201cMigra\u00e7\u00e3o e Acolhida: Onde est\u00e1 o teu irm\u00e3o, tua irm\u00e3? \u201d, expressa a comunh\u00e3o com a Campanha da Fraternidade e principalmente com a Igreja, a qual se depara com um modelo econ\u00f4mico excludente, que explora, trafica pessoas e escraviza o ser humano na sua integralidade.<\/p>\n<p style=\"text-align: justify;\">No Regional Nordeste 2 que compreende os estados de Alagoas, Para\u00edba, Pernambuco e Rio Grande do Norte, o Servi\u00e7o Pastoral dos Migrantes do Nordeste \u2013SPM NE e a C\u00e1ritas Brasileira Regional Nordeste 2 preparou uma programa\u00e7\u00e3o regional que tem como objetivo apresentar as experi\u00eancias com migrantes venezuelanos acolhidos pela igreja nesta regi\u00e3o.<\/p>\n<p style=\"text-align: justify;\">Confira a programa\u00e7\u00e3o e participe conosco!<\/p>\n<ol style=\"text-align: justify;\">\n<li><strong> Live <\/strong><\/li>\n<\/ol>\n<p style=\"text-align: justify;\">Tema: Redes de Prote\u00e7\u00e3o e Experi\u00eancias de Acolhida<\/p>\n<p style=\"text-align: justify;\">Ter\u00e7a-feira (16), \u00e0s 17h<\/p>\n<p style=\"text-align: justify;\">Com participa\u00e7\u00e3o da Articuladora Local de Migra\u00e7\u00e3o e Ref\u00fagio da CBNE2, Mona Mirella, e o coordenador do SPMNE, Arivaldo Sezyshta e a Migrante Ana da Silva.<\/p>\n<p style=\"text-align: justify;\">Transmiss\u00e3o Instagram da C\u00e1ritas Brasileira Regional Nordeste 2- @caritasregionalnordeste2<\/p>\n<ol style=\"text-align: justify;\" start=\"2\">\n<li><strong> Webinar (Semin\u00e1rio)<\/strong><\/li>\n<\/ol>\n<p style=\"text-align: justify;\">Quinta-feira (18), 16 \u00e0s 18 h<\/p>\n<p style=\"text-align: justify;\">Webinar &#8211; Migra\u00e7\u00e3o e povos ind\u00edgenas: Os desafios com Waraos no Nordeste.<\/p>\n<p style=\"text-align: justify;\">\u00a0\u00a0\u00a0\u00a0\u00a0\u00a0\u00a0\u00a0\u00a0\u00a0\u00a0 Participa\u00e7\u00e3o:<\/p>\n<ul style=\"text-align: justify;\">\n<li>Dom Jos\u00e9 Luiz Ferreira &#8211; Presidente do SPM, bispo de Pesqueira (PE), e respons\u00e1vel pelo setor de Mobilidade Humana da Confer\u00eancia Nacional dos Bispos do Brasil (CNBB).<\/li>\n<li>Neilda Pereira- secret\u00e1ria regional da CBNE2<\/li>\n<li>Roberto Saraiva &#8211; Coordena\u00e7\u00e3o Colegiada do SPM Nacional<\/li>\n<li>Experi\u00eancias com migrantes dos estados da Para\u00edba, Pernambuco<\/li>\n<li>Experi\u00eancia de acolhimento do ind\u00edgena Warao, do RN<\/li>\n<li>Dom Limacedo &#8211; bispo Auxiliar da AOR, Presidente da comiss\u00e3o Regional Pastoral para a A\u00e7\u00e3o Sociotransformadora<\/li>\n<\/ul>\n<p style=\"text-align: justify;\">Inscri\u00e7\u00e3o para o webinar ( semin\u00e1rio) atrav\u00e9s do email comunicacaospmne@gmail.com. Os inscritos receber\u00e3o email com link e instru\u00e7\u00f5es para acesso a sala, atrav\u00e9s do computador ou celular.<\/p>\n<p style=\"text-align: justify;\">Transmiss\u00e3o pela plataforma: Microsoft Teams<\/p>\n<p style=\"text-align: justify;\"><strong>Mais informa\u00e7\u00f5es <a href=\"http:\/\/www.caritasne2.org.br\">www.caritasne2.org.br<\/a> \u00a0\u00a0e <a href=\"http:\/\/www.spmne.org*\">www.spmne.org<\/a><\/strong><\/p>\n<p style=\"text-align: justify;\"><strong>\u00a0<\/strong><strong>\u00a0<a href=\"http:\/\/www.caritasne2.org.br\/caritas-brasileira-ne2-e-spm-ne-promovem-programacao-especial-em-alusao-a-35a-semana-do-migrante\/card-novo\/\" rel=\"attachment wp-att-6924\"><img decoding=\"async\" loading=\"lazy\" class=\"aligncenter size-medium wp-image-6924\" src=\"http:\/\/www.caritasne2.org.br\/wp-content\/uploads\/2020\/06\/Card-NOVO-300x300.jpeg\" alt=\"\" width=\"300\" height=\"300\" \/><\/a><\/strong><\/p>\n<p style=\"text-align: justify;\"><strong>\u00a0<\/strong><\/p>\n<ul class=\"ssb_list_wrapper\"><li class=\"fb2\" style=\"width:135px\"><iframe src=\"\/\/www.facebook.com\/plugins\/like.php?href=https%3A%2F%2Fwww.caritasne2.org.br%2Fsite%2Fcaritas-brasileira-ne2-e-spm-ne-promovem-programacao-especial-em-alusao-a-35a-semana-do-migrante%2F&amp;layout=button_count&amp;action=like&amp;show_faces=false&amp;share=true&amp;width=135&amp;height=21&amp;appId=307091639398582\" scrolling=\"no\" frameborder=\"0\" style=\"border:none; overflow:hidden;  width:150px; height:21px;\" allowTransparency=\"true\"><\/iframe><\/li><li class=\"twtr\" style=\"width:90px\"><a href=\"https:\/\/twitter.com\/share\" class=\"twitter-share-button\" data-url=\"https:\/\/www.caritasne2.org.br\/site\/caritas-brasileira-ne2-e-spm-ne-promovem-programacao-especial-em-alusao-a-35a-semana-do-migrante\/\">&nbsp;<\/a><script>!function(d,s,id){var js,fjs=d.getElementsByTagName(s)[0],p=\/^http:\/.test(d.location)?'http':'https';if(!d.getElementById(id)){js=d.createElement(s);js.id=id;js.src=p+':\/\/platform.twitter.com\/widgets.js';fjs.parentNode.insertBefore(js,fjs);}}(document, 'script', 'twitter-wjs');<\/script><\/li><li class=\"gplus\" style=\"width:68px\"><div class=\"g-plusone\" data-size=\"medium\" data-href=\"https:\/\/www.caritasne2.org.br\/site\/caritas-brasileira-ne2-e-spm-ne-promovem-programacao-especial-em-alusao-a-35a-semana-do-migrante\/\"><\/div><\/li><li class=\"ssb_linkedin\" style=\"width:64px\"><script src=\"\/\/platform.linkedin.com\/in.js\" type=\"text\/javascript\">lang: en_US<\/script><script type=\"IN\/Share\" data-url=\"https:\/\/www.caritasne2.org.br\/site\/caritas-brasileira-ne2-e-spm-ne-promovem-programacao-especial-em-alusao-a-35a-semana-do-migrante\/\" data-counter=\"right\"><\/script><\/li><\/ul>","protected":false},"excerpt":{"rendered":"<p>A 35\u00aa Semana do Migrante de 2020, cujo tema\/lema \u00e9 \u201cMigra\u00e7\u00e3o e Acolhida: Onde est\u00e1 o teu irm\u00e3o, tua irm\u00e3? \u201d, expressa a comunh\u00e3o com a Campanha da Fraternidade e principalmente com a Igreja, a qual se depara com um modelo econ\u00f4mico excludente, que explora, trafica pessoas e escraviza o ser humano na sua integralidade. No Regional Nordeste 2 que compreende os estados de Alagoas, [&hellip;]<\/p>\n<ul class=\"ssb_list_wrapper\"><li class=\"fb2\" style=\"width:135px\"><iframe src=\"\/\/www.facebook.com\/plugins\/like.php?href=https%3A%2F%2Fwww.caritasne2.org.br%2Fsite%2Fcaritas-brasileira-ne2-e-spm-ne-promovem-programacao-especial-em-alusao-a-35a-semana-do-migrante%2F&amp;layout=button_count&amp;action=like&amp;show_faces=false&amp;share=true&amp;width=135&amp;height=21&amp;appId=307091639398582\" scrolling=\"no\" frameborder=\"0\" style=\"border:none; overflow:hidden;  width:150px; height:21px;\" allowTransparency=\"true\"><\/iframe><\/li><li class=\"twtr\" style=\"width:90px\"><a href=\"https:\/\/twitter.com\/share\" class=\"twitter-share-button\" data-url=\"https:\/\/www.caritasne2.org.br\/site\/caritas-brasileira-ne2-e-spm-ne-promovem-programacao-especial-em-alusao-a-35a-semana-do-migrante\/\">&nbsp;<\/a><script>!function(d,s,id){var js,fjs=d.getElementsByTagName(s)[0],p=\/^http:\/.test(d.location)?'http':'https';if(!d.getElementById(id)){js=d.createElement(s);js.id=id;js.src=p+':\/\/platform.twitter.com\/widgets.js';fjs.parentNode.insertBefore(js,fjs);}}(document, 'script', 'twitter-wjs');<\/script><\/li><li class=\"gplus\" style=\"width:68px\"><div class=\"g-plusone\" data-size=\"medium\" data-href=\"https:\/\/www.caritasne2.org.br\/site\/caritas-brasileira-ne2-e-spm-ne-promovem-programacao-especial-em-alusao-a-35a-semana-do-migrante\/\"><\/div><\/li><li class=\"ssb_linkedin\" style=\"width:64px\"><script src=\"\/\/platform.linkedin.com\/in.js\" type=\"text\/javascript\">lang: en_US<\/script><script type=\"IN\/Share\" data-url=\"https:\/\/www.caritasne2.org.br\/site\/caritas-brasileira-ne2-e-spm-ne-promovem-programacao-especial-em-alusao-a-35a-semana-do-migrante\/\" data-counter=\"right\"><\/script><\/li><\/ul>","protected":false},"author":4,"featured_media":6924,"comment_status":"open","ping_status":"open","sticky":false,"template":"","format":"standard","meta":[],"categories":[21,20],"tags":[],"_links":{"self":[{"href":"https:\/\/www.caritasne2.org.br\/site\/wp-json\/wp\/v2\/posts\/6920"}],"collection":[{"href":"https:\/\/www.caritasne2.org.br\/site\/wp-json\/wp\/v2\/posts"}],"about":[{"href":"https:\/\/www.caritasne2.org.br\/site\/wp-json\/wp\/v2\/types\/post"}],"author":[{"embeddable":true,"href":"https:\/\/www.caritasne2.org.br\/site\/wp-json\/wp\/v2\/users\/4"}],"replies":[{"embeddable":true,"href":"https:\/\/www.caritasne2.org.br\/site\/wp-json\/wp\/v2\/comments?post=6920"}],"version-history":[{"count":0,"href":"https:\/\/www.caritasne2.org.br\/site\/wp-json\/wp\/v2\/posts\/6920\/revisions"}],"wp:featuredmedia":[{"embeddable":true,"href":"https:\/\/www.caritasne2.org.br\/site\/wp-json\/wp\/v2\/media\/6924"}],"wp:attachment":[{"href":"https:\/\/www.caritasne2.org.br\/site\/wp-json\/wp\/v2\/media?parent=6920"}],"wp:term":[{"taxonomy":"category","embeddable":true,"href":"https:\/\/www.caritasne2.org.br\/site\/wp-json\/wp\/v2\/categories?post=6920"},{"taxonomy":"post_tag","embeddable":true,"href":"https:\/\/www.caritasne2.org.br\/site\/wp-json\/wp\/v2\/tags?post=6920"}],"curies":[{"name":"wp","href":"https:\/\/api.w.org\/{rel}","templated":true}]}}