{"id":6913,"date":"2020-05-13T15:30:56","date_gmt":"2020-05-13T18:30:56","guid":{"rendered":"http:\/\/www.caritasne2.org.br\/?p=6913"},"modified":"2020-06-03T18:37:42","modified_gmt":"2020-06-03T21:37:42","slug":"caritas-diocesana-de-caico-distribuiu-2-800-mascaras-de-tecido-para-pessoas-idosas","status":"publish","type":"post","link":"https:\/\/www.caritasne2.org.br\/site\/caritas-diocesana-de-caico-distribuiu-2-800-mascaras-de-tecido-para-pessoas-idosas\/","title":{"rendered":"C\u00e1ritas Diocesana de Caic\u00f3 distribuiu 2.800 m\u00e1scaras de tecido para pessoas idosas"},"content":{"rendered":"<p style=\"text-align: justify;\">A C\u00e1ritas Diocesana de Caic\u00f3, entidade membro da C\u00e1ritas Brasileira Regional Nordeste 2, em parceria com a pastoral da pessoa idosa, mobilizou um grupo de costureiras volunt\u00e1rias para aderir a a\u00e7\u00e3o solid\u00e1ria articulada em rede para confec\u00e7\u00e3o de 2.500 m\u00e1scaras de pano de iniciativa das secretarias de Trabalho, Habita\u00e7\u00e3o e Assist\u00eancia Social \u2013 SETHAS, Mulheres, Juventude, Igualdade Racial e Direitos Humanos \u2013 SEMJIDH e projeto Governo Cidad\u00e3o, dentro das a\u00e7\u00f5es do programa RN+Protegido do Governo do RN.<\/p>\n<p style=\"text-align: justify;\">O governo do Estado enviou os suplementos necess\u00e1rios para a confec\u00e7\u00e3o das m\u00e1scaras (modelo padronizado, tecido j\u00e1 cortado na medida da confec\u00e7\u00e3o e linha) e o grupo de volunt\u00e1rios entraram com a m\u00e3o de obra, ou seja, a confec\u00e7\u00e3o das m\u00e1scaras.<\/p>\n<p style=\"text-align: justify;\">As m\u00e1scaras foram distribu\u00eddas com as pessoas idosas nos munic\u00edpios de Caic\u00f3, Cruzeta e Flor\u00e2nia. \u201cAs m\u00e1scaras chegaram no momento certo, no final do m\u00eas, quando as pessoas idosas se dirigem para o banco, para sacar sua aposentadoria e com a distribui\u00e7\u00e3o das m\u00e1scaras eles foram protegidos\u201d. Destacou Maria Luiza, volunt\u00e1ria em Flor\u00e2nia. As outras 300 m\u00e1scaras foram enviadas pela Secretaria do Trabalho, Habita\u00e7\u00e3o e Assist\u00eancia Social \u2013 SETHAS e foram distribu\u00eddas juntamente com as cestas b\u00e1sicas para fam\u00edlias em situa\u00e7\u00e3o de vulnerabilidade social em Caic\u00f3 e com os catadores e catadoras de material recicl\u00e1vel de Parelhas.<\/p>\n<p><a href=\"http:\/\/www.caritasne2.org.br\/caritas-diocesana-de-caico-distribuiu-2-800-mascaras-de-tecido-para-pessoas-idosas\/1-14\/\" rel=\"attachment wp-att-6914\"><img decoding=\"async\" loading=\"lazy\" class=\"aligncenter  wp-image-6914\" src=\"http:\/\/www.caritasne2.org.br\/wp-content\/uploads\/2020\/06\/1-300x200.jpeg\" alt=\"\" width=\"407\" height=\"271\" srcset=\"https:\/\/www.caritasne2.org.br\/site\/wp-content\/uploads\/2020\/06\/1-300x200.jpeg 300w, https:\/\/www.caritasne2.org.br\/site\/wp-content\/uploads\/2020\/06\/1-768x512.jpeg 768w, https:\/\/www.caritasne2.org.br\/site\/wp-content\/uploads\/2020\/06\/1.jpeg 1024w\" sizes=\"(max-width: 407px) 100vw, 407px\" \/><\/a><\/p>\n<p><a href=\"http:\/\/www.caritasne2.org.br\/caritas-diocesana-de-caico-distribuiu-2-800-mascaras-de-tecido-para-pessoas-idosas\/2-9\/\" rel=\"attachment wp-att-6915\"><img decoding=\"async\" loading=\"lazy\" class=\"aligncenter  wp-image-6915\" src=\"http:\/\/www.caritasne2.org.br\/wp-content\/uploads\/2020\/06\/2-300x200.jpeg\" alt=\"\" width=\"422\" height=\"281\" srcset=\"https:\/\/www.caritasne2.org.br\/site\/wp-content\/uploads\/2020\/06\/2-300x200.jpeg 300w, https:\/\/www.caritasne2.org.br\/site\/wp-content\/uploads\/2020\/06\/2-768x512.jpeg 768w, https:\/\/www.caritasne2.org.br\/site\/wp-content\/uploads\/2020\/06\/2-1024x683.jpeg 1024w, https:\/\/www.caritasne2.org.br\/site\/wp-content\/uploads\/2020\/06\/2.jpeg 1170w\" sizes=\"(max-width: 422px) 100vw, 422px\" \/><\/a><\/p>\n<ul class=\"ssb_list_wrapper\"><li class=\"fb2\" style=\"width:135px\"><iframe src=\"\/\/www.facebook.com\/plugins\/like.php?href=https%3A%2F%2Fwww.caritasne2.org.br%2Fsite%2Fcaritas-diocesana-de-caico-distribuiu-2-800-mascaras-de-tecido-para-pessoas-idosas%2F&amp;layout=button_count&amp;action=like&amp;show_faces=false&amp;share=true&amp;width=135&amp;height=21&amp;appId=307091639398582\" scrolling=\"no\" frameborder=\"0\" style=\"border:none; overflow:hidden;  width:150px; height:21px;\" allowTransparency=\"true\"><\/iframe><\/li><li class=\"twtr\" style=\"width:90px\"><a href=\"https:\/\/twitter.com\/share\" class=\"twitter-share-button\" data-url=\"https:\/\/www.caritasne2.org.br\/site\/caritas-diocesana-de-caico-distribuiu-2-800-mascaras-de-tecido-para-pessoas-idosas\/\">&nbsp;<\/a><script>!function(d,s,id){var js,fjs=d.getElementsByTagName(s)[0],p=\/^http:\/.test(d.location)?'http':'https';if(!d.getElementById(id)){js=d.createElement(s);js.id=id;js.src=p+':\/\/platform.twitter.com\/widgets.js';fjs.parentNode.insertBefore(js,fjs);}}(document, 'script', 'twitter-wjs');<\/script><\/li><li class=\"gplus\" style=\"width:68px\"><div class=\"g-plusone\" data-size=\"medium\" data-href=\"https:\/\/www.caritasne2.org.br\/site\/caritas-diocesana-de-caico-distribuiu-2-800-mascaras-de-tecido-para-pessoas-idosas\/\"><\/div><\/li><li class=\"ssb_linkedin\" style=\"width:64px\"><script src=\"\/\/platform.linkedin.com\/in.js\" type=\"text\/javascript\">lang: en_US<\/script><script type=\"IN\/Share\" data-url=\"https:\/\/www.caritasne2.org.br\/site\/caritas-diocesana-de-caico-distribuiu-2-800-mascaras-de-tecido-para-pessoas-idosas\/\" data-counter=\"right\"><\/script><\/li><\/ul>","protected":false},"excerpt":{"rendered":"<p>A C\u00e1ritas Diocesana de Caic\u00f3, entidade membro da C\u00e1ritas Brasileira Regional Nordeste 2, em parceria com a pastoral da pessoa idosa, mobilizou um grupo de costureiras volunt\u00e1rias para aderir a a\u00e7\u00e3o solid\u00e1ria articulada em rede para confec\u00e7\u00e3o de 2.500 m\u00e1scaras de pano de iniciativa das secretarias de Trabalho, Habita\u00e7\u00e3o e Assist\u00eancia Social \u2013 SETHAS, Mulheres, Juventude, Igualdade Racial e Direitos Humanos \u2013 SEMJIDH e projeto [&hellip;]<\/p>\n<ul class=\"ssb_list_wrapper\"><li class=\"fb2\" style=\"width:135px\"><iframe src=\"\/\/www.facebook.com\/plugins\/like.php?href=https%3A%2F%2Fwww.caritasne2.org.br%2Fsite%2Fcaritas-diocesana-de-caico-distribuiu-2-800-mascaras-de-tecido-para-pessoas-idosas%2F&amp;layout=button_count&amp;action=like&amp;show_faces=false&amp;share=true&amp;width=135&amp;height=21&amp;appId=307091639398582\" scrolling=\"no\" frameborder=\"0\" style=\"border:none; overflow:hidden;  width:150px; height:21px;\" allowTransparency=\"true\"><\/iframe><\/li><li class=\"twtr\" style=\"width:90px\"><a href=\"https:\/\/twitter.com\/share\" class=\"twitter-share-button\" data-url=\"https:\/\/www.caritasne2.org.br\/site\/caritas-diocesana-de-caico-distribuiu-2-800-mascaras-de-tecido-para-pessoas-idosas\/\">&nbsp;<\/a><script>!function(d,s,id){var js,fjs=d.getElementsByTagName(s)[0],p=\/^http:\/.test(d.location)?'http':'https';if(!d.getElementById(id)){js=d.createElement(s);js.id=id;js.src=p+':\/\/platform.twitter.com\/widgets.js';fjs.parentNode.insertBefore(js,fjs);}}(document, 'script', 'twitter-wjs');<\/script><\/li><li class=\"gplus\" style=\"width:68px\"><div class=\"g-plusone\" data-size=\"medium\" data-href=\"https:\/\/www.caritasne2.org.br\/site\/caritas-diocesana-de-caico-distribuiu-2-800-mascaras-de-tecido-para-pessoas-idosas\/\"><\/div><\/li><li class=\"ssb_linkedin\" style=\"width:64px\"><script src=\"\/\/platform.linkedin.com\/in.js\" type=\"text\/javascript\">lang: en_US<\/script><script type=\"IN\/Share\" data-url=\"https:\/\/www.caritasne2.org.br\/site\/caritas-diocesana-de-caico-distribuiu-2-800-mascaras-de-tecido-para-pessoas-idosas\/\" data-counter=\"right\"><\/script><\/li><\/ul>","protected":false},"author":4,"featured_media":6915,"comment_status":"open","ping_status":"open","sticky":false,"template":"","format":"standard","meta":[],"categories":[21,20],"tags":[],"_links":{"self":[{"href":"https:\/\/www.caritasne2.org.br\/site\/wp-json\/wp\/v2\/posts\/6913"}],"collection":[{"href":"https:\/\/www.caritasne2.org.br\/site\/wp-json\/wp\/v2\/posts"}],"about":[{"href":"https:\/\/www.caritasne2.org.br\/site\/wp-json\/wp\/v2\/types\/post"}],"author":[{"embeddable":true,"href":"https:\/\/www.caritasne2.org.br\/site\/wp-json\/wp\/v2\/users\/4"}],"replies":[{"embeddable":true,"href":"https:\/\/www.caritasne2.org.br\/site\/wp-json\/wp\/v2\/comments?post=6913"}],"version-history":[{"count":0,"href":"https:\/\/www.caritasne2.org.br\/site\/wp-json\/wp\/v2\/posts\/6913\/revisions"}],"wp:featuredmedia":[{"embeddable":true,"href":"https:\/\/www.caritasne2.org.br\/site\/wp-json\/wp\/v2\/media\/6915"}],"wp:attachment":[{"href":"https:\/\/www.caritasne2.org.br\/site\/wp-json\/wp\/v2\/media?parent=6913"}],"wp:term":[{"taxonomy":"category","embeddable":true,"href":"https:\/\/www.caritasne2.org.br\/site\/wp-json\/wp\/v2\/categories?post=6913"},{"taxonomy":"post_tag","embeddable":true,"href":"https:\/\/www.caritasne2.org.br\/site\/wp-json\/wp\/v2\/tags?post=6913"}],"curies":[{"name":"wp","href":"https:\/\/api.w.org\/{rel}","templated":true}]}}