{"id":6906,"date":"2020-06-03T18:24:12","date_gmt":"2020-06-03T21:24:12","guid":{"rendered":"http:\/\/www.caritasne2.org.br\/?p=6906"},"modified":"2020-06-03T18:24:13","modified_gmt":"2020-06-03T21:24:13","slug":"caritas-diocesana-de-pesqueira-e-alianca-agua-acesso-promovem-acao-preventiva-de-combate-a-covid-19","status":"publish","type":"post","link":"https:\/\/www.caritasne2.org.br\/site\/caritas-diocesana-de-pesqueira-e-alianca-agua-acesso-promovem-acao-preventiva-de-combate-a-covid-19\/","title":{"rendered":"C\u00e1ritas Diocesana de Pesqueira e Alian\u00e7a \u00c1gua + Acesso promovem A\u00e7\u00e3o preventiva de combate a Covid-19"},"content":{"rendered":"<p style=\"text-align: justify;\">Exercer a solidariedade sempre esteve \u00e0 frente dos princ\u00edpios da Rede C\u00e1ritas em \u00e2mbito mundial. Inspirados nesse desejo de promover o bem, principalmente, diante do atual cen\u00e1rio de pandemia, a situa\u00e7\u00e3o n\u00e3o seria diferente. Por isso, a C\u00e1ritas Diocesana de Pesqueira vem\u00a0buscando formas de contribuir neste per\u00edodo, aonde, in\u00fameras fam\u00edlias foram afetadas com a chegada da Covid-19.<\/p>\n<p style=\"text-align: justify;\">Neste sentido, em parceria com a Alian\u00e7a \u00c1gua + Acesso, a C\u00e1ritas Diocesana de Pesqueira est\u00e1 promovendo uma A\u00e7\u00e3o Preventiva de Combate ao Coronav\u00edrus. A iniciativa ser\u00e1 executada em alguns bairros carentes da cidade de Pesqueira, bem como atendendo 100 fam\u00edlias\u00a0em situa\u00e7\u00e3o vulnerabilidade social de 12 comunidades localizadas no munic\u00edpio de Bu\u00edque. Estima-se que esta a a\u00e7\u00e3o atender\u00e1 diretamente 290 fam\u00edlias, cerca de 1200 pessoas.<\/p>\n<p style=\"text-align: justify;\">&#8220;Ter parceiros em momentos delicados como esse, nos d\u00e1 mais for\u00e7as para seguirmos na esperan\u00e7a de amenizar um pouco do sofrimento na vida das pessoas. Estamos trilhando um caminho muito dif\u00edcil nesses \u00faltimos meses, e a nossa miss\u00e3o enquanto C\u00e1ritas \u00e9 unir for\u00e7as e m\u00e3os solid\u00e1rias que acreditam na transforma\u00e7\u00e3o a partir de pequenos ou grandes gestos. Tenho certeza que tudo isso passar\u00e1 e iremos aprender uma grande li\u00e7\u00e3o de empatia, amor e solidariedade ao pr\u00f3ximo&#8221;, ressalta a secret\u00e1ria executiva da C\u00e1ritas Diocesana de Pesqueira, Magna Pollyana.<\/p>\n<p style=\"text-align: justify;\">A primeira atividade aconteceu nesta \u00faltima ter\u00e7a-feira, 02, com a distribui\u00e7\u00e3o de 100 refei\u00e7\u00f5es (sopas e p\u00e3es) para fam\u00edlias do bairro Vira Copos, em Pesqueira. O cronograma da A\u00e7\u00e3o Preventiva continua nas primeiras semanas de junho com as seguintes atividades: aquisi\u00e7\u00e3o de 100 cestas b\u00e1sicas e kits de higiene e limpeza; distribui\u00e7\u00e3o de 100 refei\u00e7\u00f5es; confec\u00e7\u00e3o de material impresso com dicas de preven\u00e7\u00e3o; aquisi\u00e7\u00e3o de 100 kits de prote\u00e7\u00e3o individual (luvas, \u00e1lcool 70\u00b0 e m\u00e1scaras); e aquisi\u00e7\u00e3o de kits de an\u00e1lise de \u00e1gua e pastilhas de cloro, que ser\u00e3o doadas \u00e0 Associa\u00e7\u00e3o Municipal de Gestoras e Gestores Comunit\u00e1rios de Sistemas de Abastecimento de \u00c1gua de Bu\u00edque, para utiliza\u00e7\u00e3o nos sistemas comunit\u00e1rios geridos pela Associa\u00e7\u00e3o.<\/p>\n<p><a href=\"http:\/\/www.caritasne2.org.br\/caritas-diocesana-de-pesqueira-e-alianca-agua-acesso-promovem-acao-preventiva-de-combate-a-covid-19\/whatsapp-image-2020-06-03-at-17-36-57\/\" rel=\"attachment wp-att-6907\"><img decoding=\"async\" loading=\"lazy\" class=\"aligncenter  wp-image-6907\" src=\"http:\/\/www.caritasne2.org.br\/wp-content\/uploads\/2020\/06\/WhatsApp-Image-2020-06-03-at-17.36.57-300x196.jpeg\" alt=\"\" width=\"409\" height=\"267\" srcset=\"https:\/\/www.caritasne2.org.br\/site\/wp-content\/uploads\/2020\/06\/WhatsApp-Image-2020-06-03-at-17.36.57-300x196.jpeg 300w, https:\/\/www.caritasne2.org.br\/site\/wp-content\/uploads\/2020\/06\/WhatsApp-Image-2020-06-03-at-17.36.57-768x501.jpeg 768w, https:\/\/www.caritasne2.org.br\/site\/wp-content\/uploads\/2020\/06\/WhatsApp-Image-2020-06-03-at-17.36.57-1024x667.jpeg 1024w, https:\/\/www.caritasne2.org.br\/site\/wp-content\/uploads\/2020\/06\/WhatsApp-Image-2020-06-03-at-17.36.57.jpeg 1080w\" sizes=\"(max-width: 409px) 100vw, 409px\" \/><\/a><\/p>\n<p><a href=\"http:\/\/www.caritasne2.org.br\/caritas-diocesana-de-pesqueira-e-alianca-agua-acesso-promovem-acao-preventiva-de-combate-a-covid-19\/whatsapp-image-2020-06-03-at-17-36-58-1\/\" rel=\"attachment wp-att-6908\"><img decoding=\"async\" loading=\"lazy\" class=\"aligncenter  wp-image-6908\" src=\"http:\/\/www.caritasne2.org.br\/wp-content\/uploads\/2020\/06\/WhatsApp-Image-2020-06-03-at-17.36.58-1-300x205.jpeg\" alt=\"\" width=\"414\" height=\"283\" srcset=\"https:\/\/www.caritasne2.org.br\/site\/wp-content\/uploads\/2020\/06\/WhatsApp-Image-2020-06-03-at-17.36.58-1-300x205.jpeg 300w, https:\/\/www.caritasne2.org.br\/site\/wp-content\/uploads\/2020\/06\/WhatsApp-Image-2020-06-03-at-17.36.58-1-768x525.jpeg 768w, https:\/\/www.caritasne2.org.br\/site\/wp-content\/uploads\/2020\/06\/WhatsApp-Image-2020-06-03-at-17.36.58-1-1024x700.jpeg 1024w, https:\/\/www.caritasne2.org.br\/site\/wp-content\/uploads\/2020\/06\/WhatsApp-Image-2020-06-03-at-17.36.58-1.jpeg 1080w\" sizes=\"(max-width: 414px) 100vw, 414px\" \/><\/a><\/p>\n<p><a href=\"http:\/\/www.caritasne2.org.br\/caritas-diocesana-de-pesqueira-e-alianca-agua-acesso-promovem-acao-preventiva-de-combate-a-covid-19\/whatsapp-image-2020-06-03-at-17-36-58\/\" rel=\"attachment wp-att-6910\"><img decoding=\"async\" loading=\"lazy\" class=\"aligncenter  wp-image-6910\" src=\"http:\/\/www.caritasne2.org.br\/wp-content\/uploads\/2020\/06\/WhatsApp-Image-2020-06-03-at-17.36.58-300x190.jpeg\" alt=\"\" width=\"416\" height=\"263\" srcset=\"https:\/\/www.caritasne2.org.br\/site\/wp-content\/uploads\/2020\/06\/WhatsApp-Image-2020-06-03-at-17.36.58-300x190.jpeg 300w, https:\/\/www.caritasne2.org.br\/site\/wp-content\/uploads\/2020\/06\/WhatsApp-Image-2020-06-03-at-17.36.58-768x487.jpeg 768w, https:\/\/www.caritasne2.org.br\/site\/wp-content\/uploads\/2020\/06\/WhatsApp-Image-2020-06-03-at-17.36.58-1024x649.jpeg 1024w, https:\/\/www.caritasne2.org.br\/site\/wp-content\/uploads\/2020\/06\/WhatsApp-Image-2020-06-03-at-17.36.58.jpeg 1080w\" sizes=\"(max-width: 416px) 100vw, 416px\" \/><\/a><\/p>\n<ul class=\"ssb_list_wrapper\"><li class=\"fb2\" style=\"width:135px\"><iframe src=\"\/\/www.facebook.com\/plugins\/like.php?href=https%3A%2F%2Fwww.caritasne2.org.br%2Fsite%2Fcaritas-diocesana-de-pesqueira-e-alianca-agua-acesso-promovem-acao-preventiva-de-combate-a-covid-19%2F&amp;layout=button_count&amp;action=like&amp;show_faces=false&amp;share=true&amp;width=135&amp;height=21&amp;appId=307091639398582\" scrolling=\"no\" frameborder=\"0\" style=\"border:none; overflow:hidden;  width:150px; height:21px;\" allowTransparency=\"true\"><\/iframe><\/li><li class=\"twtr\" style=\"width:90px\"><a href=\"https:\/\/twitter.com\/share\" class=\"twitter-share-button\" data-url=\"https:\/\/www.caritasne2.org.br\/site\/caritas-diocesana-de-pesqueira-e-alianca-agua-acesso-promovem-acao-preventiva-de-combate-a-covid-19\/\">&nbsp;<\/a><script>!function(d,s,id){var js,fjs=d.getElementsByTagName(s)[0],p=\/^http:\/.test(d.location)?'http':'https';if(!d.getElementById(id)){js=d.createElement(s);js.id=id;js.src=p+':\/\/platform.twitter.com\/widgets.js';fjs.parentNode.insertBefore(js,fjs);}}(document, 'script', 'twitter-wjs');<\/script><\/li><li class=\"gplus\" style=\"width:68px\"><div class=\"g-plusone\" data-size=\"medium\" data-href=\"https:\/\/www.caritasne2.org.br\/site\/caritas-diocesana-de-pesqueira-e-alianca-agua-acesso-promovem-acao-preventiva-de-combate-a-covid-19\/\"><\/div><\/li><li class=\"ssb_linkedin\" style=\"width:64px\"><script src=\"\/\/platform.linkedin.com\/in.js\" type=\"text\/javascript\">lang: en_US<\/script><script type=\"IN\/Share\" data-url=\"https:\/\/www.caritasne2.org.br\/site\/caritas-diocesana-de-pesqueira-e-alianca-agua-acesso-promovem-acao-preventiva-de-combate-a-covid-19\/\" data-counter=\"right\"><\/script><\/li><\/ul>","protected":false},"excerpt":{"rendered":"<p>Exercer a solidariedade sempre esteve \u00e0 frente dos princ\u00edpios da Rede C\u00e1ritas em \u00e2mbito mundial. Inspirados nesse desejo de promover o bem, principalmente, diante do atual cen\u00e1rio de pandemia, a situa\u00e7\u00e3o n\u00e3o seria diferente. Por isso, a C\u00e1ritas Diocesana de Pesqueira vem\u00a0buscando formas de contribuir neste per\u00edodo, aonde, in\u00fameras fam\u00edlias foram afetadas com a chegada da Covid-19. Neste sentido, em parceria com a Alian\u00e7a \u00c1gua [&hellip;]<\/p>\n<ul class=\"ssb_list_wrapper\"><li class=\"fb2\" style=\"width:135px\"><iframe src=\"\/\/www.facebook.com\/plugins\/like.php?href=https%3A%2F%2Fwww.caritasne2.org.br%2Fsite%2Fcaritas-diocesana-de-pesqueira-e-alianca-agua-acesso-promovem-acao-preventiva-de-combate-a-covid-19%2F&amp;layout=button_count&amp;action=like&amp;show_faces=false&amp;share=true&amp;width=135&amp;height=21&amp;appId=307091639398582\" scrolling=\"no\" frameborder=\"0\" style=\"border:none; overflow:hidden;  width:150px; height:21px;\" allowTransparency=\"true\"><\/iframe><\/li><li class=\"twtr\" style=\"width:90px\"><a href=\"https:\/\/twitter.com\/share\" class=\"twitter-share-button\" data-url=\"https:\/\/www.caritasne2.org.br\/site\/caritas-diocesana-de-pesqueira-e-alianca-agua-acesso-promovem-acao-preventiva-de-combate-a-covid-19\/\">&nbsp;<\/a><script>!function(d,s,id){var js,fjs=d.getElementsByTagName(s)[0],p=\/^http:\/.test(d.location)?'http':'https';if(!d.getElementById(id)){js=d.createElement(s);js.id=id;js.src=p+':\/\/platform.twitter.com\/widgets.js';fjs.parentNode.insertBefore(js,fjs);}}(document, 'script', 'twitter-wjs');<\/script><\/li><li class=\"gplus\" style=\"width:68px\"><div class=\"g-plusone\" data-size=\"medium\" data-href=\"https:\/\/www.caritasne2.org.br\/site\/caritas-diocesana-de-pesqueira-e-alianca-agua-acesso-promovem-acao-preventiva-de-combate-a-covid-19\/\"><\/div><\/li><li class=\"ssb_linkedin\" style=\"width:64px\"><script src=\"\/\/platform.linkedin.com\/in.js\" type=\"text\/javascript\">lang: en_US<\/script><script type=\"IN\/Share\" data-url=\"https:\/\/www.caritasne2.org.br\/site\/caritas-diocesana-de-pesqueira-e-alianca-agua-acesso-promovem-acao-preventiva-de-combate-a-covid-19\/\" data-counter=\"right\"><\/script><\/li><\/ul>","protected":false},"author":4,"featured_media":6909,"comment_status":"open","ping_status":"open","sticky":false,"template":"","format":"standard","meta":[],"categories":[21,20],"tags":[],"_links":{"self":[{"href":"https:\/\/www.caritasne2.org.br\/site\/wp-json\/wp\/v2\/posts\/6906"}],"collection":[{"href":"https:\/\/www.caritasne2.org.br\/site\/wp-json\/wp\/v2\/posts"}],"about":[{"href":"https:\/\/www.caritasne2.org.br\/site\/wp-json\/wp\/v2\/types\/post"}],"author":[{"embeddable":true,"href":"https:\/\/www.caritasne2.org.br\/site\/wp-json\/wp\/v2\/users\/4"}],"replies":[{"embeddable":true,"href":"https:\/\/www.caritasne2.org.br\/site\/wp-json\/wp\/v2\/comments?post=6906"}],"version-history":[{"count":0,"href":"https:\/\/www.caritasne2.org.br\/site\/wp-json\/wp\/v2\/posts\/6906\/revisions"}],"wp:featuredmedia":[{"embeddable":true,"href":"https:\/\/www.caritasne2.org.br\/site\/wp-json\/wp\/v2\/media\/6909"}],"wp:attachment":[{"href":"https:\/\/www.caritasne2.org.br\/site\/wp-json\/wp\/v2\/media?parent=6906"}],"wp:term":[{"taxonomy":"category","embeddable":true,"href":"https:\/\/www.caritasne2.org.br\/site\/wp-json\/wp\/v2\/categories?post=6906"},{"taxonomy":"post_tag","embeddable":true,"href":"https:\/\/www.caritasne2.org.br\/site\/wp-json\/wp\/v2\/tags?post=6906"}],"curies":[{"name":"wp","href":"https:\/\/api.w.org\/{rel}","templated":true}]}}