{"id":6898,"date":"2020-05-18T10:41:48","date_gmt":"2020-05-18T13:41:48","guid":{"rendered":"http:\/\/www.caritasne2.org.br\/?p=6898"},"modified":"2020-05-18T14:10:14","modified_gmt":"2020-05-18T17:10:14","slug":"caritas-brasileira-ne2-participa-de-seminario-com-oim-e-dpu-sobre-mapeamento-da-assistencia-juridica-aos-migrantes","status":"publish","type":"post","link":"https:\/\/www.caritasne2.org.br\/site\/caritas-brasileira-ne2-participa-de-seminario-com-oim-e-dpu-sobre-mapeamento-da-assistencia-juridica-aos-migrantes\/","title":{"rendered":"C\u00e1ritas Brasileira NE2 participa de Semin\u00e1rio com OIM e DPU sobre mapeamento da assist\u00eancia jur\u00eddica aos migrantes"},"content":{"rendered":"<p style=\"text-align: justify;\">Nos dias 11,13 e 15 de maio, a C\u00e1ritas Brasileira Regional NE2 (CBNE2) e mais 27 organiza\u00e7\u00f5es participaram do Semin\u00e1rio virtual promovido pela Organiza\u00e7\u00e3o Internacional para Migra\u00e7\u00f5es (OIM), e Defensoria P\u00fablica da Uni\u00e3o (DPU), para discutir os resultados do estudo e as prioridades conjuntas para atua\u00e7\u00e3o jur\u00eddica a migrantes e refugiados.<\/p>\n<p style=\"text-align: justify;\">No final do ano passado, 31 organiza\u00e7\u00f5es preencheram um question\u00e1rio sobre os trabalhos realizados junto aos migrantes com enfoque na \u00e1rea jur\u00eddica.\u00a0 O estudo teve representa\u00e7\u00e3o de 13 estados das cinco regi\u00f5es do Brasil, o que possibilitou conhecer as principais demandas e dificuldades enfrentadas pela popula\u00e7\u00e3o migrante, e pelas organiza\u00e7\u00f5es nos diferentes contextos brasileiros. A CBNE2 \u00fanica do nordeste a participar do semin\u00e1rio, oferta atendimentos jur\u00eddicos por interm\u00e9dio da Casa de Direitos, com colabora\u00e7\u00e3o de volunt\u00e1rios.<\/p>\n<p style=\"text-align: justify;\">Integrante da equipe de migra\u00e7\u00e3o e ref\u00fagio da CBNE2, a assistente social Mona Mirella Marques, participou do encontro \u00a0onde foram discutidos os resultados do estudo, as prioridades conjuntas de atua\u00e7\u00e3o, o perfil das organiza\u00e7\u00f5es, assim como, as estruturas f\u00edsicas, o tamanho das equipes, a exist\u00eancia e engajamento em redes locais e internacionais, o escopo e tipo assist\u00eancia, o n\u00famero de pessoas migrantes atendidas, os desafios priorit\u00e1rios no que diz respeito \u00e0 assist\u00eancia jur\u00eddica e as solu\u00e7\u00f5es encontradas ou boas pr\u00e1ticas adotadas.<\/p>\n<p style=\"text-align: justify;\">No pr\u00f3ximo semestre haver\u00e1 uma continua\u00e7\u00e3o com outros temas ligados \u00e0 migra\u00e7\u00e3o, com o objeto de capacitar e melhorar esses atendimentos.\u00a0<a href=\"http:\/\/www.caritasne2.org.br\/caritas-brasileira-ne2-participa-de-seminario-com-oim-e-dpu-sobre-mapeamento-da-assistencia-juridica-aos-migrantes\/oim1\/\" rel=\"attachment wp-att-6899\"><img decoding=\"async\" loading=\"lazy\" class=\"aligncenter wp-image-6899\" src=\"http:\/\/www.caritasne2.org.br\/wp-content\/uploads\/2020\/05\/oim1-300x158.png\" alt=\"\" width=\"473\" height=\"248\" \/><\/a><\/p>\n<p style=\"text-align: justify;\"><a href=\"http:\/\/www.caritasne2.org.br\/caritas-brasileira-ne2-participa-de-seminario-com-oim-e-dpu-sobre-mapeamento-da-assistencia-juridica-aos-migrantes\/oim-3\/\" rel=\"attachment wp-att-6900\"><img decoding=\"async\" loading=\"lazy\" class=\"aligncenter wp-image-6900\" src=\"http:\/\/www.caritasne2.org.br\/wp-content\/uploads\/2020\/05\/OIM-3-300x264.png\" alt=\"\" width=\"461\" height=\"405\" srcset=\"https:\/\/www.caritasne2.org.br\/site\/wp-content\/uploads\/2020\/05\/OIM-3-300x264.png 300w, https:\/\/www.caritasne2.org.br\/site\/wp-content\/uploads\/2020\/05\/OIM-3-170x150.png 170w, https:\/\/www.caritasne2.org.br\/site\/wp-content\/uploads\/2020\/05\/OIM-3.png 714w\" sizes=\"(max-width: 461px) 100vw, 461px\" \/><\/a><\/p>\n<p>&nbsp;<\/p>\n<ul class=\"ssb_list_wrapper\"><li class=\"fb2\" style=\"width:135px\"><iframe src=\"\/\/www.facebook.com\/plugins\/like.php?href=https%3A%2F%2Fwww.caritasne2.org.br%2Fsite%2Fcaritas-brasileira-ne2-participa-de-seminario-com-oim-e-dpu-sobre-mapeamento-da-assistencia-juridica-aos-migrantes%2F&amp;layout=button_count&amp;action=like&amp;show_faces=false&amp;share=true&amp;width=135&amp;height=21&amp;appId=307091639398582\" scrolling=\"no\" frameborder=\"0\" style=\"border:none; overflow:hidden;  width:150px; height:21px;\" allowTransparency=\"true\"><\/iframe><\/li><li class=\"twtr\" style=\"width:90px\"><a href=\"https:\/\/twitter.com\/share\" class=\"twitter-share-button\" data-url=\"https:\/\/www.caritasne2.org.br\/site\/caritas-brasileira-ne2-participa-de-seminario-com-oim-e-dpu-sobre-mapeamento-da-assistencia-juridica-aos-migrantes\/\">&nbsp;<\/a><script>!function(d,s,id){var js,fjs=d.getElementsByTagName(s)[0],p=\/^http:\/.test(d.location)?'http':'https';if(!d.getElementById(id)){js=d.createElement(s);js.id=id;js.src=p+':\/\/platform.twitter.com\/widgets.js';fjs.parentNode.insertBefore(js,fjs);}}(document, 'script', 'twitter-wjs');<\/script><\/li><li class=\"gplus\" style=\"width:68px\"><div class=\"g-plusone\" data-size=\"medium\" data-href=\"https:\/\/www.caritasne2.org.br\/site\/caritas-brasileira-ne2-participa-de-seminario-com-oim-e-dpu-sobre-mapeamento-da-assistencia-juridica-aos-migrantes\/\"><\/div><\/li><li class=\"ssb_linkedin\" style=\"width:64px\"><script src=\"\/\/platform.linkedin.com\/in.js\" type=\"text\/javascript\">lang: en_US<\/script><script type=\"IN\/Share\" data-url=\"https:\/\/www.caritasne2.org.br\/site\/caritas-brasileira-ne2-participa-de-seminario-com-oim-e-dpu-sobre-mapeamento-da-assistencia-juridica-aos-migrantes\/\" data-counter=\"right\"><\/script><\/li><\/ul>","protected":false},"excerpt":{"rendered":"<p>Nos dias 11,13 e 15 de maio, a C\u00e1ritas Brasileira Regional NE2 (CBNE2) e mais 27 organiza\u00e7\u00f5es participaram do Semin\u00e1rio virtual promovido pela Organiza\u00e7\u00e3o Internacional para Migra\u00e7\u00f5es (OIM), e Defensoria P\u00fablica da Uni\u00e3o (DPU), para discutir os resultados do estudo e as prioridades conjuntas para atua\u00e7\u00e3o jur\u00eddica a migrantes e refugiados. No final do ano passado, 31 organiza\u00e7\u00f5es preencheram um question\u00e1rio sobre os trabalhos realizados [&hellip;]<\/p>\n<ul class=\"ssb_list_wrapper\"><li class=\"fb2\" style=\"width:135px\"><iframe src=\"\/\/www.facebook.com\/plugins\/like.php?href=https%3A%2F%2Fwww.caritasne2.org.br%2Fsite%2Fcaritas-brasileira-ne2-participa-de-seminario-com-oim-e-dpu-sobre-mapeamento-da-assistencia-juridica-aos-migrantes%2F&amp;layout=button_count&amp;action=like&amp;show_faces=false&amp;share=true&amp;width=135&amp;height=21&amp;appId=307091639398582\" scrolling=\"no\" frameborder=\"0\" style=\"border:none; overflow:hidden;  width:150px; height:21px;\" allowTransparency=\"true\"><\/iframe><\/li><li class=\"twtr\" style=\"width:90px\"><a href=\"https:\/\/twitter.com\/share\" class=\"twitter-share-button\" data-url=\"https:\/\/www.caritasne2.org.br\/site\/caritas-brasileira-ne2-participa-de-seminario-com-oim-e-dpu-sobre-mapeamento-da-assistencia-juridica-aos-migrantes\/\">&nbsp;<\/a><script>!function(d,s,id){var js,fjs=d.getElementsByTagName(s)[0],p=\/^http:\/.test(d.location)?'http':'https';if(!d.getElementById(id)){js=d.createElement(s);js.id=id;js.src=p+':\/\/platform.twitter.com\/widgets.js';fjs.parentNode.insertBefore(js,fjs);}}(document, 'script', 'twitter-wjs');<\/script><\/li><li class=\"gplus\" style=\"width:68px\"><div class=\"g-plusone\" data-size=\"medium\" data-href=\"https:\/\/www.caritasne2.org.br\/site\/caritas-brasileira-ne2-participa-de-seminario-com-oim-e-dpu-sobre-mapeamento-da-assistencia-juridica-aos-migrantes\/\"><\/div><\/li><li class=\"ssb_linkedin\" style=\"width:64px\"><script src=\"\/\/platform.linkedin.com\/in.js\" type=\"text\/javascript\">lang: en_US<\/script><script type=\"IN\/Share\" data-url=\"https:\/\/www.caritasne2.org.br\/site\/caritas-brasileira-ne2-participa-de-seminario-com-oim-e-dpu-sobre-mapeamento-da-assistencia-juridica-aos-migrantes\/\" data-counter=\"right\"><\/script><\/li><\/ul>","protected":false},"author":4,"featured_media":6899,"comment_status":"open","ping_status":"open","sticky":false,"template":"","format":"standard","meta":[],"categories":[21,20],"tags":[],"_links":{"self":[{"href":"https:\/\/www.caritasne2.org.br\/site\/wp-json\/wp\/v2\/posts\/6898"}],"collection":[{"href":"https:\/\/www.caritasne2.org.br\/site\/wp-json\/wp\/v2\/posts"}],"about":[{"href":"https:\/\/www.caritasne2.org.br\/site\/wp-json\/wp\/v2\/types\/post"}],"author":[{"embeddable":true,"href":"https:\/\/www.caritasne2.org.br\/site\/wp-json\/wp\/v2\/users\/4"}],"replies":[{"embeddable":true,"href":"https:\/\/www.caritasne2.org.br\/site\/wp-json\/wp\/v2\/comments?post=6898"}],"version-history":[{"count":0,"href":"https:\/\/www.caritasne2.org.br\/site\/wp-json\/wp\/v2\/posts\/6898\/revisions"}],"wp:featuredmedia":[{"embeddable":true,"href":"https:\/\/www.caritasne2.org.br\/site\/wp-json\/wp\/v2\/media\/6899"}],"wp:attachment":[{"href":"https:\/\/www.caritasne2.org.br\/site\/wp-json\/wp\/v2\/media?parent=6898"}],"wp:term":[{"taxonomy":"category","embeddable":true,"href":"https:\/\/www.caritasne2.org.br\/site\/wp-json\/wp\/v2\/categories?post=6898"},{"taxonomy":"post_tag","embeddable":true,"href":"https:\/\/www.caritasne2.org.br\/site\/wp-json\/wp\/v2\/tags?post=6898"}],"curies":[{"name":"wp","href":"https:\/\/api.w.org\/{rel}","templated":true}]}}