{"id":6884,"date":"2020-04-02T14:35:51","date_gmt":"2020-04-02T17:35:51","guid":{"rendered":"http:\/\/www.caritasne2.org.br\/?p=6884"},"modified":"2020-12-28T20:19:55","modified_gmt":"2020-12-28T23:19:55","slug":"boletim-o-beija-flor","status":"publish","type":"post","link":"https:\/\/www.caritasne2.org.br\/site\/boletim-o-beija-flor\/","title":{"rendered":"Boletim O Beija Flor"},"content":{"rendered":"<p style=\"text-align: justify;\">O Beija-Flor \u00e9\u00a0 uma sistematiza\u00e7\u00e3o das atividades planejadas e realizadas pelo Projeto &#8220;Promo\u00e7\u00e3o e Defesa de Direitos na Perspectiva da Constru\u00e7\u00e3o de Sociedades do Bem Viver&#8221; , uma parceria da C\u00e1ritas Brasileira Regional Nordeste 2 com a organiza\u00e7\u00e3o MISEREOR, entidade da Igreja Cat\u00f3lica na Alemanha que trabalha na coopera\u00e7\u00e3o para o desenvolvimento, comprometida com a luta contra a pobreza na \u00c1frica, \u00c1sia e Am\u00e9rica Latina.<\/p>\n<p style=\"text-align: justify;\">Com atua\u00e7\u00e3o nos quatro estados do Regional NE2 o projeto tem como objetivo promover a\u00e7\u00f5es que fortale\u00e7am iniciativas locais e territoriais relacionadas ao Bem Viver, assim como a defesa dos direitos, por meio da mobiliza\u00e7\u00e3o e controle social de pol\u00edticas p\u00fablicas em regi\u00f5es metropolitanas, cidades periurbanas e comunidades rurais (assentamentos e comunidades tradicionais).<\/p>\n<a href=\"https:\/\/www.caritasne2.org.br\/wp-content\/uploads\/2020\/05\/Boletim-Informativo-CBNE2-Beija-Flor-MISEREOR.pdf\" class=\"pdfemb-viewer\" style=\"\" data-width=\"max\" data-height=\"max\"  data-toolbar=\"bottom\" data-toolbar-fixed=\"off\">Boletim Informativo CBNE2 Beija Flor MISEREOR<br\/><\/a>\n<p>&nbsp;<\/p>\n<p><a href=\"http:\/\/www.caritasne2.org.br\/boletim-o-beija-flor\/d4c85578cddd4f768b01bba162e9316cliwwdwsxwyiwxuwa-0\/\" rel=\"attachment wp-att-7553\"><img decoding=\"async\" loading=\"lazy\" class=\"aligncenter  wp-image-7553\" src=\"http:\/\/www.caritasne2.org.br\/wp-content\/uploads\/2020\/04\/d4c85578cddd4f768b01bba162e9316clIwWdWsxwyIwxUwA-0.png\" alt=\"\" width=\"428\" height=\"607\" srcset=\"https:\/\/www.caritasne2.org.br\/site\/wp-content\/uploads\/2020\/04\/d4c85578cddd4f768b01bba162e9316clIwWdWsxwyIwxUwA-0.png 1654w, https:\/\/www.caritasne2.org.br\/site\/wp-content\/uploads\/2020\/04\/d4c85578cddd4f768b01bba162e9316clIwWdWsxwyIwxUwA-0-212x300.png 212w, https:\/\/www.caritasne2.org.br\/site\/wp-content\/uploads\/2020\/04\/d4c85578cddd4f768b01bba162e9316clIwWdWsxwyIwxUwA-0-768x1087.png 768w\" sizes=\"(max-width: 428px) 100vw, 428px\" \/><\/a><a href=\"http:\/\/www.caritasne2.org.br\/\" rel=\"attachment wp-att-6891\"><img decoding=\"async\" loading=\"lazy\" class=\"aligncenter wp-image-6891\" src=\"http:\/\/www.caritasne2.org.br\/wp-content\/uploads\/2020\/04\/Boletim-Informativo-CBNE2-Beija-Flor-212x300.png\" alt=\"\" width=\"249\" height=\"352\" \/><\/a><\/p>\n<ul class=\"ssb_list_wrapper\"><li class=\"fb2\" style=\"width:135px\"><iframe src=\"\/\/www.facebook.com\/plugins\/like.php?href=https%3A%2F%2Fwww.caritasne2.org.br%2Fsite%2Fboletim-o-beija-flor%2F&amp;layout=button_count&amp;action=like&amp;show_faces=false&amp;share=true&amp;width=135&amp;height=21&amp;appId=307091639398582\" scrolling=\"no\" frameborder=\"0\" style=\"border:none; overflow:hidden;  width:150px; height:21px;\" allowTransparency=\"true\"><\/iframe><\/li><li class=\"twtr\" style=\"width:90px\"><a href=\"https:\/\/twitter.com\/share\" class=\"twitter-share-button\" data-url=\"https:\/\/www.caritasne2.org.br\/site\/boletim-o-beija-flor\/\">&nbsp;<\/a><script>!function(d,s,id){var js,fjs=d.getElementsByTagName(s)[0],p=\/^http:\/.test(d.location)?'http':'https';if(!d.getElementById(id)){js=d.createElement(s);js.id=id;js.src=p+':\/\/platform.twitter.com\/widgets.js';fjs.parentNode.insertBefore(js,fjs);}}(document, 'script', 'twitter-wjs');<\/script><\/li><li class=\"gplus\" style=\"width:68px\"><div class=\"g-plusone\" data-size=\"medium\" data-href=\"https:\/\/www.caritasne2.org.br\/site\/boletim-o-beija-flor\/\"><\/div><\/li><li class=\"ssb_linkedin\" style=\"width:64px\"><script src=\"\/\/platform.linkedin.com\/in.js\" type=\"text\/javascript\">lang: en_US<\/script><script type=\"IN\/Share\" data-url=\"https:\/\/www.caritasne2.org.br\/site\/boletim-o-beija-flor\/\" data-counter=\"right\"><\/script><\/li><\/ul>","protected":false},"excerpt":{"rendered":"<p>O Beija-Flor \u00e9\u00a0 uma sistematiza\u00e7\u00e3o das atividades planejadas e realizadas pelo Projeto &#8220;Promo\u00e7\u00e3o e Defesa de Direitos na Perspectiva da Constru\u00e7\u00e3o de Sociedades do Bem Viver&#8221; , uma parceria da C\u00e1ritas Brasileira Regional Nordeste 2 com a organiza\u00e7\u00e3o MISEREOR, entidade da Igreja Cat\u00f3lica na Alemanha que trabalha na coopera\u00e7\u00e3o para o desenvolvimento, comprometida com a luta contra a pobreza na \u00c1frica, \u00c1sia e Am\u00e9rica Latina. [&hellip;]<\/p>\n<ul class=\"ssb_list_wrapper\"><li class=\"fb2\" style=\"width:135px\"><iframe src=\"\/\/www.facebook.com\/plugins\/like.php?href=https%3A%2F%2Fwww.caritasne2.org.br%2Fsite%2Fboletim-o-beija-flor%2F&amp;layout=button_count&amp;action=like&amp;show_faces=false&amp;share=true&amp;width=135&amp;height=21&amp;appId=307091639398582\" scrolling=\"no\" frameborder=\"0\" style=\"border:none; overflow:hidden;  width:150px; height:21px;\" allowTransparency=\"true\"><\/iframe><\/li><li class=\"twtr\" style=\"width:90px\"><a href=\"https:\/\/twitter.com\/share\" class=\"twitter-share-button\" data-url=\"https:\/\/www.caritasne2.org.br\/site\/boletim-o-beija-flor\/\">&nbsp;<\/a><script>!function(d,s,id){var js,fjs=d.getElementsByTagName(s)[0],p=\/^http:\/.test(d.location)?'http':'https';if(!d.getElementById(id)){js=d.createElement(s);js.id=id;js.src=p+':\/\/platform.twitter.com\/widgets.js';fjs.parentNode.insertBefore(js,fjs);}}(document, 'script', 'twitter-wjs');<\/script><\/li><li class=\"gplus\" style=\"width:68px\"><div class=\"g-plusone\" data-size=\"medium\" data-href=\"https:\/\/www.caritasne2.org.br\/site\/boletim-o-beija-flor\/\"><\/div><\/li><li class=\"ssb_linkedin\" style=\"width:64px\"><script src=\"\/\/platform.linkedin.com\/in.js\" type=\"text\/javascript\">lang: en_US<\/script><script type=\"IN\/Share\" data-url=\"https:\/\/www.caritasne2.org.br\/site\/boletim-o-beija-flor\/\" data-counter=\"right\"><\/script><\/li><\/ul>","protected":false},"author":4,"featured_media":7553,"comment_status":"open","ping_status":"open","sticky":false,"template":"","format":"standard","meta":[],"categories":[20],"tags":[],"_links":{"self":[{"href":"https:\/\/www.caritasne2.org.br\/site\/wp-json\/wp\/v2\/posts\/6884"}],"collection":[{"href":"https:\/\/www.caritasne2.org.br\/site\/wp-json\/wp\/v2\/posts"}],"about":[{"href":"https:\/\/www.caritasne2.org.br\/site\/wp-json\/wp\/v2\/types\/post"}],"author":[{"embeddable":true,"href":"https:\/\/www.caritasne2.org.br\/site\/wp-json\/wp\/v2\/users\/4"}],"replies":[{"embeddable":true,"href":"https:\/\/www.caritasne2.org.br\/site\/wp-json\/wp\/v2\/comments?post=6884"}],"version-history":[{"count":0,"href":"https:\/\/www.caritasne2.org.br\/site\/wp-json\/wp\/v2\/posts\/6884\/revisions"}],"wp:featuredmedia":[{"embeddable":true,"href":"https:\/\/www.caritasne2.org.br\/site\/wp-json\/wp\/v2\/media\/7553"}],"wp:attachment":[{"href":"https:\/\/www.caritasne2.org.br\/site\/wp-json\/wp\/v2\/media?parent=6884"}],"wp:term":[{"taxonomy":"category","embeddable":true,"href":"https:\/\/www.caritasne2.org.br\/site\/wp-json\/wp\/v2\/categories?post=6884"},{"taxonomy":"post_tag","embeddable":true,"href":"https:\/\/www.caritasne2.org.br\/site\/wp-json\/wp\/v2\/tags?post=6884"}],"curies":[{"name":"wp","href":"https:\/\/api.w.org\/{rel}","templated":true}]}}