{"id":6869,"date":"2020-05-07T17:34:12","date_gmt":"2020-05-07T20:34:12","guid":{"rendered":"http:\/\/www.caritasne2.org.br\/?p=6869"},"modified":"2020-05-08T14:53:35","modified_gmt":"2020-05-08T17:53:35","slug":"boletim-tempodecuidar","status":"publish","type":"post","link":"https:\/\/www.caritasne2.org.br\/site\/boletim-tempodecuidar\/","title":{"rendered":"Boletim #TempodeCuidar"},"content":{"rendered":"<p style=\"text-align: justify;\">Neste momento de combate a dissemina\u00e7\u00e3o da Covid-19 no pa\u00eds, a solidariedade se tornou uma das principais a\u00e7\u00f5es contra a pandemia. A A\u00e7\u00e3o Solid\u00e1ria Emergencial &#8211; \u00c9 Tempo de Cuidar, promovida pela CNBB e C\u00e1ritas Brasileira, estimula a arrecada\u00e7\u00e3o de alimentos, produtos de higiene e prote\u00e7\u00e3o sanit\u00e1ria, e, atendendo a este chamado da Igreja no Brasil, a C\u00e1ritas Brasileira Regional NE2 (CBNE2) motivou as 18 entidades membros, dos quatros estados de atua\u00e7\u00e3o a realizar a\u00e7\u00f5es solid\u00e1rias voltadas as pessoas em situa\u00e7\u00e3o de vulnerabilidade e exclus\u00e3o social.<\/p>\n<p style=\"text-align: justify;\">O Boletim #TempodeCuidar, produzido pela CBNE2, apresenta algumas das a\u00e7\u00f5es que diante de cada realidade tem amenizado as dificuldades em tempos de pandemia, foram doa\u00e7\u00f5es de cestas b\u00e1sicas, \u00e1gua mineral, m\u00e1scaras, produtos de higiene, limpeza, oferta di\u00e1ria de refei\u00e7\u00f5es, moradia, atendimento psicol\u00f3gico, plant\u00e3o social, e tantos outros gestos solid\u00e1rios.<\/p>\n<p style=\"text-align: justify;\">Nosso muito obrigada, especialmente aos volunt\u00e1rios. Seguimos juntos com f\u00e9 e esperan\u00e7a em dias melhores.<\/p>\n<p style=\"text-align: justify;\">CLIQUE AQUI\u00a0<a href=\"https:\/\/www.caritasne2.org.br\/wp-content\/uploads\/2020\/05\/Boletim-TempodeCuidar-CBNE2.pdf\" class=\"pdfemb-viewer\" style=\"\" data-width=\"max\" data-height=\"max\"  data-toolbar=\"bottom\" data-toolbar-fixed=\"off\">Boletim #TempodeCuidar CBNE2<br\/><\/a><\/p>\n<p><a href=\"http:\/\/www.caritasne2.org.br\/boletim-tempodecuidar\/boletim-tempodecuidar-3\/\" rel=\"attachment wp-att-6877\"><img decoding=\"async\" loading=\"lazy\" class=\"aligncenter wp-image-6877\" src=\"http:\/\/www.caritasne2.org.br\/wp-content\/uploads\/2020\/05\/Boletim-TempodeCuidar-1-1-212x300.png\" alt=\"\" width=\"331\" height=\"468\" srcset=\"https:\/\/www.caritasne2.org.br\/site\/wp-content\/uploads\/2020\/05\/Boletim-TempodeCuidar-1-1-212x300.png 212w, https:\/\/www.caritasne2.org.br\/site\/wp-content\/uploads\/2020\/05\/Boletim-TempodeCuidar-1-1-768x1086.png 768w, https:\/\/www.caritasne2.org.br\/site\/wp-content\/uploads\/2020\/05\/Boletim-TempodeCuidar-1-1-724x1024.png 724w, https:\/\/www.caritasne2.org.br\/site\/wp-content\/uploads\/2020\/05\/Boletim-TempodeCuidar-1-1.png 1414w\" sizes=\"(max-width: 331px) 100vw, 331px\" \/><\/a><\/p>\n<ul class=\"ssb_list_wrapper\"><li class=\"fb2\" style=\"width:135px\"><iframe src=\"\/\/www.facebook.com\/plugins\/like.php?href=https%3A%2F%2Fwww.caritasne2.org.br%2Fsite%2Fboletim-tempodecuidar%2F&amp;layout=button_count&amp;action=like&amp;show_faces=false&amp;share=true&amp;width=135&amp;height=21&amp;appId=307091639398582\" scrolling=\"no\" frameborder=\"0\" style=\"border:none; overflow:hidden;  width:150px; height:21px;\" allowTransparency=\"true\"><\/iframe><\/li><li class=\"twtr\" style=\"width:90px\"><a href=\"https:\/\/twitter.com\/share\" class=\"twitter-share-button\" data-url=\"https:\/\/www.caritasne2.org.br\/site\/boletim-tempodecuidar\/\">&nbsp;<\/a><script>!function(d,s,id){var js,fjs=d.getElementsByTagName(s)[0],p=\/^http:\/.test(d.location)?'http':'https';if(!d.getElementById(id)){js=d.createElement(s);js.id=id;js.src=p+':\/\/platform.twitter.com\/widgets.js';fjs.parentNode.insertBefore(js,fjs);}}(document, 'script', 'twitter-wjs');<\/script><\/li><li class=\"gplus\" style=\"width:68px\"><div class=\"g-plusone\" data-size=\"medium\" data-href=\"https:\/\/www.caritasne2.org.br\/site\/boletim-tempodecuidar\/\"><\/div><\/li><li class=\"ssb_linkedin\" style=\"width:64px\"><script src=\"\/\/platform.linkedin.com\/in.js\" type=\"text\/javascript\">lang: en_US<\/script><script type=\"IN\/Share\" data-url=\"https:\/\/www.caritasne2.org.br\/site\/boletim-tempodecuidar\/\" data-counter=\"right\"><\/script><\/li><\/ul>","protected":false},"excerpt":{"rendered":"<p>Neste momento de combate a dissemina\u00e7\u00e3o da Covid-19 no pa\u00eds, a solidariedade se tornou uma das principais a\u00e7\u00f5es contra a pandemia. A A\u00e7\u00e3o Solid\u00e1ria Emergencial &#8211; \u00c9 Tempo de Cuidar, promovida pela CNBB e C\u00e1ritas Brasileira, estimula a arrecada\u00e7\u00e3o de alimentos, produtos de higiene e prote\u00e7\u00e3o sanit\u00e1ria, e, atendendo a este chamado da Igreja no Brasil, a C\u00e1ritas Brasileira Regional NE2 (CBNE2) motivou as 18 [&hellip;]<\/p>\n<ul class=\"ssb_list_wrapper\"><li class=\"fb2\" style=\"width:135px\"><iframe src=\"\/\/www.facebook.com\/plugins\/like.php?href=https%3A%2F%2Fwww.caritasne2.org.br%2Fsite%2Fboletim-tempodecuidar%2F&amp;layout=button_count&amp;action=like&amp;show_faces=false&amp;share=true&amp;width=135&amp;height=21&amp;appId=307091639398582\" scrolling=\"no\" frameborder=\"0\" style=\"border:none; overflow:hidden;  width:150px; height:21px;\" allowTransparency=\"true\"><\/iframe><\/li><li class=\"twtr\" style=\"width:90px\"><a href=\"https:\/\/twitter.com\/share\" class=\"twitter-share-button\" data-url=\"https:\/\/www.caritasne2.org.br\/site\/boletim-tempodecuidar\/\">&nbsp;<\/a><script>!function(d,s,id){var js,fjs=d.getElementsByTagName(s)[0],p=\/^http:\/.test(d.location)?'http':'https';if(!d.getElementById(id)){js=d.createElement(s);js.id=id;js.src=p+':\/\/platform.twitter.com\/widgets.js';fjs.parentNode.insertBefore(js,fjs);}}(document, 'script', 'twitter-wjs');<\/script><\/li><li class=\"gplus\" style=\"width:68px\"><div class=\"g-plusone\" data-size=\"medium\" data-href=\"https:\/\/www.caritasne2.org.br\/site\/boletim-tempodecuidar\/\"><\/div><\/li><li class=\"ssb_linkedin\" style=\"width:64px\"><script src=\"\/\/platform.linkedin.com\/in.js\" type=\"text\/javascript\">lang: en_US<\/script><script type=\"IN\/Share\" data-url=\"https:\/\/www.caritasne2.org.br\/site\/boletim-tempodecuidar\/\" data-counter=\"right\"><\/script><\/li><\/ul>","protected":false},"author":4,"featured_media":6876,"comment_status":"open","ping_status":"open","sticky":false,"template":"","format":"standard","meta":[],"categories":[21,20],"tags":[],"_links":{"self":[{"href":"https:\/\/www.caritasne2.org.br\/site\/wp-json\/wp\/v2\/posts\/6869"}],"collection":[{"href":"https:\/\/www.caritasne2.org.br\/site\/wp-json\/wp\/v2\/posts"}],"about":[{"href":"https:\/\/www.caritasne2.org.br\/site\/wp-json\/wp\/v2\/types\/post"}],"author":[{"embeddable":true,"href":"https:\/\/www.caritasne2.org.br\/site\/wp-json\/wp\/v2\/users\/4"}],"replies":[{"embeddable":true,"href":"https:\/\/www.caritasne2.org.br\/site\/wp-json\/wp\/v2\/comments?post=6869"}],"version-history":[{"count":0,"href":"https:\/\/www.caritasne2.org.br\/site\/wp-json\/wp\/v2\/posts\/6869\/revisions"}],"wp:featuredmedia":[{"embeddable":true,"href":"https:\/\/www.caritasne2.org.br\/site\/wp-json\/wp\/v2\/media\/6876"}],"wp:attachment":[{"href":"https:\/\/www.caritasne2.org.br\/site\/wp-json\/wp\/v2\/media?parent=6869"}],"wp:term":[{"taxonomy":"category","embeddable":true,"href":"https:\/\/www.caritasne2.org.br\/site\/wp-json\/wp\/v2\/categories?post=6869"},{"taxonomy":"post_tag","embeddable":true,"href":"https:\/\/www.caritasne2.org.br\/site\/wp-json\/wp\/v2\/tags?post=6869"}],"curies":[{"name":"wp","href":"https:\/\/api.w.org\/{rel}","templated":true}]}}