{"id":6855,"date":"2020-03-25T11:51:40","date_gmt":"2020-03-25T14:51:40","guid":{"rendered":"http:\/\/www.caritasne2.org.br\/?p=6855"},"modified":"2020-04-30T12:15:18","modified_gmt":"2020-04-30T15:15:18","slug":"sou-mais-feliz-assim","status":"publish","type":"post","link":"https:\/\/www.caritasne2.org.br\/site\/sou-mais-feliz-assim\/","title":{"rendered":"Sou Mais Feliz Assim"},"content":{"rendered":"<p style=\"text-align: justify;\">O Projeto Protagonismo Juvenil, uma parceria da C\u00e1ritas Regional NE II com a C\u00e1ritas Alem\u00e3, teve como objetivo contribuir para a constru\u00e7\u00e3o de uma cultura de paz por meio da articula\u00e7\u00e3o de jovens em comunidades vulner\u00e1veis da Regi\u00e3o Metropolitana do Recife, atrav\u00e9s de forma\u00e7\u00f5es para media\u00e7\u00e3o de conflitos escolares.<\/p>\n<p style=\"text-align: justify;\">Como sistematiza\u00e7\u00e3o das a\u00e7\u00f5es\u00a0 desenvolvidas no \u00e2mbito do PIAJ, a C\u00e1ritas Brasileira Regional Nordeste 2 produziu a\u00a0Revista Metodol\u00f3gica &#8220;Eu Sou Feliz Assim&#8221;.<\/p>\n<p style=\"text-align: justify;\">Boa leitura!!!<\/p>\n<p style=\"text-align: justify;\"><a href=\"https:\/\/www.caritasne2.org.br\/wp-content\/uploads\/2020\/04\/Revista-Sistematiza\u00e7\u00e3o-PIAJ-CBNE2.pdf\" class=\"pdfemb-viewer\" style=\"\" data-width=\"max\" data-height=\"max\"  data-toolbar=\"bottom\" data-toolbar-fixed=\"off\">Revista Sistematiza\u00e7\u00e3o PIAJ CBNE2<br\/><\/a><\/p>\n<ul class=\"ssb_list_wrapper\"><li class=\"fb2\" style=\"width:135px\"><iframe src=\"\/\/www.facebook.com\/plugins\/like.php?href=https%3A%2F%2Fwww.caritasne2.org.br%2Fsite%2Fsou-mais-feliz-assim%2F&amp;layout=button_count&amp;action=like&amp;show_faces=false&amp;share=true&amp;width=135&amp;height=21&amp;appId=307091639398582\" scrolling=\"no\" frameborder=\"0\" style=\"border:none; overflow:hidden;  width:150px; height:21px;\" allowTransparency=\"true\"><\/iframe><\/li><li class=\"twtr\" style=\"width:90px\"><a href=\"https:\/\/twitter.com\/share\" class=\"twitter-share-button\" data-url=\"https:\/\/www.caritasne2.org.br\/site\/sou-mais-feliz-assim\/\">&nbsp;<\/a><script>!function(d,s,id){var js,fjs=d.getElementsByTagName(s)[0],p=\/^http:\/.test(d.location)?'http':'https';if(!d.getElementById(id)){js=d.createElement(s);js.id=id;js.src=p+':\/\/platform.twitter.com\/widgets.js';fjs.parentNode.insertBefore(js,fjs);}}(document, 'script', 'twitter-wjs');<\/script><\/li><li class=\"gplus\" style=\"width:68px\"><div class=\"g-plusone\" data-size=\"medium\" data-href=\"https:\/\/www.caritasne2.org.br\/site\/sou-mais-feliz-assim\/\"><\/div><\/li><li class=\"ssb_linkedin\" style=\"width:64px\"><script src=\"\/\/platform.linkedin.com\/in.js\" type=\"text\/javascript\">lang: en_US<\/script><script type=\"IN\/Share\" data-url=\"https:\/\/www.caritasne2.org.br\/site\/sou-mais-feliz-assim\/\" data-counter=\"right\"><\/script><\/li><\/ul>","protected":false},"excerpt":{"rendered":"<p>O Projeto Protagonismo Juvenil, uma parceria da C\u00e1ritas Regional NE II com a C\u00e1ritas Alem\u00e3, teve como objetivo contribuir para a constru\u00e7\u00e3o de uma cultura de paz por meio da articula\u00e7\u00e3o de jovens em comunidades vulner\u00e1veis da Regi\u00e3o Metropolitana do Recife, atrav\u00e9s de forma\u00e7\u00f5es para media\u00e7\u00e3o de conflitos escolares. Como sistematiza\u00e7\u00e3o das a\u00e7\u00f5es\u00a0 desenvolvidas no \u00e2mbito do PIAJ, a C\u00e1ritas Brasileira Regional Nordeste 2 produziu [&hellip;]<\/p>\n<ul class=\"ssb_list_wrapper\"><li class=\"fb2\" style=\"width:135px\"><iframe src=\"\/\/www.facebook.com\/plugins\/like.php?href=https%3A%2F%2Fwww.caritasne2.org.br%2Fsite%2Fsou-mais-feliz-assim%2F&amp;layout=button_count&amp;action=like&amp;show_faces=false&amp;share=true&amp;width=135&amp;height=21&amp;appId=307091639398582\" scrolling=\"no\" frameborder=\"0\" style=\"border:none; overflow:hidden;  width:150px; height:21px;\" allowTransparency=\"true\"><\/iframe><\/li><li class=\"twtr\" style=\"width:90px\"><a href=\"https:\/\/twitter.com\/share\" class=\"twitter-share-button\" data-url=\"https:\/\/www.caritasne2.org.br\/site\/sou-mais-feliz-assim\/\">&nbsp;<\/a><script>!function(d,s,id){var js,fjs=d.getElementsByTagName(s)[0],p=\/^http:\/.test(d.location)?'http':'https';if(!d.getElementById(id)){js=d.createElement(s);js.id=id;js.src=p+':\/\/platform.twitter.com\/widgets.js';fjs.parentNode.insertBefore(js,fjs);}}(document, 'script', 'twitter-wjs');<\/script><\/li><li class=\"gplus\" style=\"width:68px\"><div class=\"g-plusone\" data-size=\"medium\" data-href=\"https:\/\/www.caritasne2.org.br\/site\/sou-mais-feliz-assim\/\"><\/div><\/li><li class=\"ssb_linkedin\" style=\"width:64px\"><script src=\"\/\/platform.linkedin.com\/in.js\" type=\"text\/javascript\">lang: en_US<\/script><script type=\"IN\/Share\" data-url=\"https:\/\/www.caritasne2.org.br\/site\/sou-mais-feliz-assim\/\" data-counter=\"right\"><\/script><\/li><\/ul>","protected":false},"author":4,"featured_media":6856,"comment_status":"open","ping_status":"open","sticky":false,"template":"","format":"standard","meta":[],"categories":[21,20],"tags":[],"_links":{"self":[{"href":"https:\/\/www.caritasne2.org.br\/site\/wp-json\/wp\/v2\/posts\/6855"}],"collection":[{"href":"https:\/\/www.caritasne2.org.br\/site\/wp-json\/wp\/v2\/posts"}],"about":[{"href":"https:\/\/www.caritasne2.org.br\/site\/wp-json\/wp\/v2\/types\/post"}],"author":[{"embeddable":true,"href":"https:\/\/www.caritasne2.org.br\/site\/wp-json\/wp\/v2\/users\/4"}],"replies":[{"embeddable":true,"href":"https:\/\/www.caritasne2.org.br\/site\/wp-json\/wp\/v2\/comments?post=6855"}],"version-history":[{"count":0,"href":"https:\/\/www.caritasne2.org.br\/site\/wp-json\/wp\/v2\/posts\/6855\/revisions"}],"wp:featuredmedia":[{"embeddable":true,"href":"https:\/\/www.caritasne2.org.br\/site\/wp-json\/wp\/v2\/media\/6856"}],"wp:attachment":[{"href":"https:\/\/www.caritasne2.org.br\/site\/wp-json\/wp\/v2\/media?parent=6855"}],"wp:term":[{"taxonomy":"category","embeddable":true,"href":"https:\/\/www.caritasne2.org.br\/site\/wp-json\/wp\/v2\/categories?post=6855"},{"taxonomy":"post_tag","embeddable":true,"href":"https:\/\/www.caritasne2.org.br\/site\/wp-json\/wp\/v2\/tags?post=6855"}],"curies":[{"name":"wp","href":"https:\/\/api.w.org\/{rel}","templated":true}]}}