{"id":6841,"date":"2020-04-24T15:51:43","date_gmt":"2020-04-24T18:51:43","guid":{"rendered":"http:\/\/www.caritasne2.org.br\/?p=6841"},"modified":"2020-04-25T11:09:25","modified_gmt":"2020-04-25T14:09:25","slug":"caritas-regional-ne2-lanca-cartilha-com-atividades-para-criancas-no-periodo-de-quarentena","status":"publish","type":"post","link":"https:\/\/www.caritasne2.org.br\/site\/caritas-regional-ne2-lanca-cartilha-com-atividades-para-criancas-no-periodo-de-quarentena\/","title":{"rendered":"C\u00e1ritas Regional NE2 lan\u00e7a cartilha com atividades para crian\u00e7as no per\u00edodo de quarentena"},"content":{"rendered":"<p style=\"text-align: justify;\">A pandemia do novo coronav\u00edrus tem transformado o dia a dia das pessoas ao redor do mundo, impondo que as fam\u00edlias permane\u00e7am em quarentena, at\u00e9 ent\u00e3o, por um per\u00edodo indeterminado. Com as escolas e creches fechadas, pais e m\u00e3es precisam ser criativos na hora de pensar em atividades para distrair e entreter os crian\u00e7as, que muitas vezes ficam ociosas sem poder sair de casa.<\/p>\n<p style=\"text-align: justify;\">Pensando nisso, a C\u00e1ritas Brasileira Regional Nordeste 2 desenvolveu a cartilha \u201cVamos brincar juntos?\u201d, um material pensado para que toda a fam\u00edlia possa se divertir e brincar junta no per\u00edodo da quarentena. A cartilha possui alguns brinquedos e brincadeiras l\u00fadicas que podem ser feitas com materiais simples e f\u00e1ceis de encontrar, que todos n\u00f3s temos em casa &#8211; garrafas pets, caixas e rolos de papel\u00e3o, tintas, bexigas de festas, pratos descart\u00e1veis, palitos de picol\u00e9 e churrasco &#8211; entre outros.<\/p>\n<p style=\"text-align: justify;\">As atividades presentes na cartilha estimulam o racioc\u00ednio l\u00f3gico, o pensamento r\u00e1pido, a criatividade, coordena\u00e7\u00e3o motora, concentra\u00e7\u00e3o e imagina\u00e7\u00e3o, al\u00e9m de fazer com que as crian\u00e7as passem mais tempo junto com os pais e longe do celular, videogame e computador. \u201cO cuidado com o outro \u00e9 necess\u00e1rio a todo tempo. E chegou mais forte com a pandemia que tivemos que nos adaptar a viv\u00eancia da quarentena, distanciamento social com escolas fechadas, pais em casa. As crian\u00e7as em casa, sem poder sair, os pais com trabalho home office, com atividades dom\u00e9sticas e os filhos na disputa por aten\u00e7\u00e3o. A cartilha nasce do desejo de dar aos pais aporte no cuidado com as crian\u00e7as em proporcionar dias mais leves, divertidos, colorindo de sorrisos os nossos lares\u201d, ressalta Evania Rodrigues da Silva, articuladora pedag\u00f3gica da C\u00e1ritas Regional NE 2 no Rio Grande do Norte e idealizadora da cartilha.<\/p>\n<p style=\"text-align: justify;\">O material est\u00e1 dispon\u00edvel no site da C\u00e1ritas Regional Nordeste 2 e para acess\u00e1-la, basta clicar no link abaixo.<\/p>\n<p style=\"text-align: justify;\"><div class=\"ead-preview\"><div class=\"ead-document\" style=\"position: relative;padding-top: 90%;\"><div class=\"ead-iframe-wrapper\"><iframe src=\"\/\/docs.google.com\/viewer?url=http%3A%2F%2Fwww.caritasne2.org.br%2Fwp-content%2Fuploads%2F2020%2F04%2FCartilha-Vamos-brincar-juntos-.pdf&amp;embedded=true&amp;hl=en\" title=\"Embedded Document\" class=\"ead-iframe\" style=\"width: 100%;height: 100%;border: none;position: absolute;left: 0;top: 0;visibility: hidden;\"><\/iframe><\/div>\t\t\t<div class=\"ead-document-loading\" style=\"width:100%;height:100%;position:absolute;left:0;top:0;z-index:10;\">\n\t\t\t\t<div class=\"ead-loading-wrap\">\n\t\t\t\t\t<div class=\"ead-loading-main\">\n\t\t\t\t\t\t<div class=\"ead-loading\">\n\t\t\t\t\t\t\t<img src=\"https:\/\/www.caritasne2.org.br\/site\/wp-content\/plugins\/embed-any-document\/images\/loading.svg\" width=\"55\" height=\"55\" alt=\"Loader\">\n\t\t\t\t\t\t\t<span>Loading...<\/span>\n\t\t\t\t\t\t<\/div>\n\t\t\t\t\t<\/div>\n\t\t\t\t\t<div class=\"ead-loading-foot\">\n\t\t\t\t\t\t<div class=\"ead-loading-foot-title\">\n\t\t\t\t\t\t\t<img src=\"https:\/\/www.caritasne2.org.br\/site\/wp-content\/plugins\/embed-any-document\/images\/EAD-logo.svg\" alt=\"EAD Logo\" width=\"36\" height=\"23\"\/>\n\t\t\t\t\t\t\t<span>Taking too long?<\/span>\n\t\t\t\t\t\t<\/div>\n\t\t\t\t\t\t<p>\n\t\t\t\t\t\t\t<div class=\"ead-document-btn ead-reload-btn\" role=\"button\">\n\t\t\t\t\t\t\t\t<img src=\"https:\/\/www.caritasne2.org.br\/site\/wp-content\/plugins\/embed-any-document\/images\/reload.svg\" alt=\"Reload\" width=\"12\" height=\"12\"\/> Reload document\t\t\t\t\t\t\t<\/div>\n\t\t\t\t\t\t\t<span>|<\/span>\n\t\t\t\t\t\t\t<a href=\"http:\/\/www.caritasne2.org.br\/wp-content\/uploads\/2020\/04\/Cartilha-Vamos-brincar-juntos-.pdf\" class=\"ead-document-btn\" target=\"_blank\">\n\t\t\t\t\t\t\t\t<img src=\"https:\/\/www.caritasne2.org.br\/site\/wp-content\/plugins\/embed-any-document\/images\/open.svg\" alt=\"Open\" width=\"12\" height=\"12\"\/> Open in new tab\t\t\t\t\t\t\t<\/a>\n\t\t\t\t\t<\/div>\n\t\t\t\t<\/div>\n\t\t\t<\/div>\n\t\t<\/div><p class=\"embed_download\"><a href=\"http:\/\/www.caritasne2.org.br\/wp-content\/uploads\/2020\/04\/Cartilha-Vamos-brincar-juntos-.pdf\" download >Download [1.06 KB] <\/a><\/p><\/div><\/p>\n<ul class=\"ssb_list_wrapper\"><li class=\"fb2\" style=\"width:135px\"><iframe src=\"\/\/www.facebook.com\/plugins\/like.php?href=https%3A%2F%2Fwww.caritasne2.org.br%2Fsite%2Fcaritas-regional-ne2-lanca-cartilha-com-atividades-para-criancas-no-periodo-de-quarentena%2F&amp;layout=button_count&amp;action=like&amp;show_faces=false&amp;share=true&amp;width=135&amp;height=21&amp;appId=307091639398582\" scrolling=\"no\" frameborder=\"0\" style=\"border:none; overflow:hidden;  width:150px; height:21px;\" allowTransparency=\"true\"><\/iframe><\/li><li class=\"twtr\" style=\"width:90px\"><a href=\"https:\/\/twitter.com\/share\" class=\"twitter-share-button\" data-url=\"https:\/\/www.caritasne2.org.br\/site\/caritas-regional-ne2-lanca-cartilha-com-atividades-para-criancas-no-periodo-de-quarentena\/\">&nbsp;<\/a><script>!function(d,s,id){var js,fjs=d.getElementsByTagName(s)[0],p=\/^http:\/.test(d.location)?'http':'https';if(!d.getElementById(id)){js=d.createElement(s);js.id=id;js.src=p+':\/\/platform.twitter.com\/widgets.js';fjs.parentNode.insertBefore(js,fjs);}}(document, 'script', 'twitter-wjs');<\/script><\/li><li class=\"gplus\" style=\"width:68px\"><div class=\"g-plusone\" data-size=\"medium\" data-href=\"https:\/\/www.caritasne2.org.br\/site\/caritas-regional-ne2-lanca-cartilha-com-atividades-para-criancas-no-periodo-de-quarentena\/\"><\/div><\/li><li class=\"ssb_linkedin\" style=\"width:64px\"><script src=\"\/\/platform.linkedin.com\/in.js\" type=\"text\/javascript\">lang: en_US<\/script><script type=\"IN\/Share\" data-url=\"https:\/\/www.caritasne2.org.br\/site\/caritas-regional-ne2-lanca-cartilha-com-atividades-para-criancas-no-periodo-de-quarentena\/\" data-counter=\"right\"><\/script><\/li><\/ul>","protected":false},"excerpt":{"rendered":"<p>A pandemia do novo coronav\u00edrus tem transformado o dia a dia das pessoas ao redor do mundo, impondo que as fam\u00edlias permane\u00e7am em quarentena, at\u00e9 ent\u00e3o, por um per\u00edodo indeterminado. Com as escolas e creches fechadas, pais e m\u00e3es precisam ser criativos na hora de pensar em atividades para distrair e entreter os crian\u00e7as, que muitas vezes ficam ociosas sem poder sair de casa. Pensando [&hellip;]<\/p>\n<ul class=\"ssb_list_wrapper\"><li class=\"fb2\" style=\"width:135px\"><iframe src=\"\/\/www.facebook.com\/plugins\/like.php?href=https%3A%2F%2Fwww.caritasne2.org.br%2Fsite%2Fcaritas-regional-ne2-lanca-cartilha-com-atividades-para-criancas-no-periodo-de-quarentena%2F&amp;layout=button_count&amp;action=like&amp;show_faces=false&amp;share=true&amp;width=135&amp;height=21&amp;appId=307091639398582\" scrolling=\"no\" frameborder=\"0\" style=\"border:none; overflow:hidden;  width:150px; height:21px;\" allowTransparency=\"true\"><\/iframe><\/li><li class=\"twtr\" style=\"width:90px\"><a href=\"https:\/\/twitter.com\/share\" class=\"twitter-share-button\" data-url=\"https:\/\/www.caritasne2.org.br\/site\/caritas-regional-ne2-lanca-cartilha-com-atividades-para-criancas-no-periodo-de-quarentena\/\">&nbsp;<\/a><script>!function(d,s,id){var js,fjs=d.getElementsByTagName(s)[0],p=\/^http:\/.test(d.location)?'http':'https';if(!d.getElementById(id)){js=d.createElement(s);js.id=id;js.src=p+':\/\/platform.twitter.com\/widgets.js';fjs.parentNode.insertBefore(js,fjs);}}(document, 'script', 'twitter-wjs');<\/script><\/li><li class=\"gplus\" style=\"width:68px\"><div class=\"g-plusone\" data-size=\"medium\" data-href=\"https:\/\/www.caritasne2.org.br\/site\/caritas-regional-ne2-lanca-cartilha-com-atividades-para-criancas-no-periodo-de-quarentena\/\"><\/div><\/li><li class=\"ssb_linkedin\" style=\"width:64px\"><script src=\"\/\/platform.linkedin.com\/in.js\" type=\"text\/javascript\">lang: en_US<\/script><script type=\"IN\/Share\" data-url=\"https:\/\/www.caritasne2.org.br\/site\/caritas-regional-ne2-lanca-cartilha-com-atividades-para-criancas-no-periodo-de-quarentena\/\" data-counter=\"right\"><\/script><\/li><\/ul>","protected":false},"author":4,"featured_media":6844,"comment_status":"open","ping_status":"open","sticky":false,"template":"","format":"standard","meta":[],"categories":[21,20],"tags":[],"_links":{"self":[{"href":"https:\/\/www.caritasne2.org.br\/site\/wp-json\/wp\/v2\/posts\/6841"}],"collection":[{"href":"https:\/\/www.caritasne2.org.br\/site\/wp-json\/wp\/v2\/posts"}],"about":[{"href":"https:\/\/www.caritasne2.org.br\/site\/wp-json\/wp\/v2\/types\/post"}],"author":[{"embeddable":true,"href":"https:\/\/www.caritasne2.org.br\/site\/wp-json\/wp\/v2\/users\/4"}],"replies":[{"embeddable":true,"href":"https:\/\/www.caritasne2.org.br\/site\/wp-json\/wp\/v2\/comments?post=6841"}],"version-history":[{"count":0,"href":"https:\/\/www.caritasne2.org.br\/site\/wp-json\/wp\/v2\/posts\/6841\/revisions"}],"wp:featuredmedia":[{"embeddable":true,"href":"https:\/\/www.caritasne2.org.br\/site\/wp-json\/wp\/v2\/media\/6844"}],"wp:attachment":[{"href":"https:\/\/www.caritasne2.org.br\/site\/wp-json\/wp\/v2\/media?parent=6841"}],"wp:term":[{"taxonomy":"category","embeddable":true,"href":"https:\/\/www.caritasne2.org.br\/site\/wp-json\/wp\/v2\/categories?post=6841"},{"taxonomy":"post_tag","embeddable":true,"href":"https:\/\/www.caritasne2.org.br\/site\/wp-json\/wp\/v2\/tags?post=6841"}],"curies":[{"name":"wp","href":"https:\/\/api.w.org\/{rel}","templated":true}]}}