{"id":6830,"date":"2020-04-24T09:41:30","date_gmt":"2020-04-24T12:41:30","guid":{"rendered":"http:\/\/www.caritasne2.org.br\/?p=6830"},"modified":"2020-04-24T16:03:08","modified_gmt":"2020-04-24T19:03:08","slug":"caritas-brasileira-regional-nordeste-2-disponibiliza-atendimento-via-telefone-para-migrantes-e-refugiados-venezuelanos","status":"publish","type":"post","link":"https:\/\/www.caritasne2.org.br\/site\/caritas-brasileira-regional-nordeste-2-disponibiliza-atendimento-via-telefone-para-migrantes-e-refugiados-venezuelanos\/","title":{"rendered":"C\u00e1ritas Brasileira Regional Nordeste 2 disponibiliza atendimento via telefone para migrantes e refugiados venezuelanos"},"content":{"rendered":"<p style=\"text-align: justify;\">Sens\u00edvel as necessidades dos migrantes e refugiados venezuelanos que residem na regi\u00e3o metropolitana do Recife, e est\u00e3o em situa\u00e7\u00e3o de risco e vulnerabilidade social em tempos de pandemia da Covid 19, a C\u00e1ritas Brasileira Nordeste 2 (CBNE2) disponibiliza uma linha telef\u00f4nica para atendimento psicossocial, como escuta qualificada, encaminhamentos para pol\u00edticas p\u00fablicas, acolhimento de demanda, conflitos familiares, e emerg\u00eancia aos nossos irm\u00e3os migrantes.<\/p>\n<p style=\"text-align: justify;\">O n\u00famero (81) 9. 8223. 1741, est\u00e1 dispon\u00edvel em hor\u00e1rio comercial de segunda a sexta, das 8h \u00e0s 12h, e das 14h \u00e0s 17h. Este n\u00famero tamb\u00e9m \u00e9 whatsApp.<\/p>\n<p style=\"text-align: justify;\">\u00a0A CBNE2 tamb\u00e9m disp\u00f5e da Casa de Direitos um espa\u00e7o que tem como objetivo ser refer\u00eancia na acolhida, prote\u00e7\u00e3o e integra\u00e7\u00e3o de imigrantes e refugiados no estado de Pernambuco.\u00a0 A Casa de Direitos \u00e9 uma a\u00e7\u00e3o em parceria com a Universidade Cat\u00f3lica de Pernambuco (UNICAP), e funciona de segunda a quinta, das 8h \u00e0s 12h, e das 13h \u00e0s 17h, exceto as sextas-feiras.<\/p>\n<p style=\"text-align: justify;\">Neste per\u00edodo de pandemia da Covid 19, n\u00e3o est\u00e1 funcionando. Mais informa\u00e7\u00f5es atrav\u00e9s do email, casadedireitos.pe@caritas.org.br, ou pelo telefone (81) 9.8184.7389.<\/p>\n<p><a href=\"http:\/\/www.caritasne2.org.br\/caritas-brasileira-regional-nordeste-2-disponibiliza-atendimento-via-telefone-para-migrantes-e-refugiados-venezuelanos\/card-portugues\/\" rel=\"attachment wp-att-6837\"><img decoding=\"async\" loading=\"lazy\" class=\"aligncenter size-medium wp-image-6837\" src=\"http:\/\/www.caritasne2.org.br\/wp-content\/uploads\/2020\/04\/card-portugues--300x300.jpeg\" alt=\"\" width=\"300\" height=\"300\" \/><\/a><\/p>\n<ul class=\"ssb_list_wrapper\"><li class=\"fb2\" style=\"width:135px\"><iframe src=\"\/\/www.facebook.com\/plugins\/like.php?href=https%3A%2F%2Fwww.caritasne2.org.br%2Fsite%2Fcaritas-brasileira-regional-nordeste-2-disponibiliza-atendimento-via-telefone-para-migrantes-e-refugiados-venezuelanos%2F&amp;layout=button_count&amp;action=like&amp;show_faces=false&amp;share=true&amp;width=135&amp;height=21&amp;appId=307091639398582\" scrolling=\"no\" frameborder=\"0\" style=\"border:none; overflow:hidden;  width:150px; height:21px;\" allowTransparency=\"true\"><\/iframe><\/li><li class=\"twtr\" style=\"width:90px\"><a href=\"https:\/\/twitter.com\/share\" class=\"twitter-share-button\" data-url=\"https:\/\/www.caritasne2.org.br\/site\/caritas-brasileira-regional-nordeste-2-disponibiliza-atendimento-via-telefone-para-migrantes-e-refugiados-venezuelanos\/\">&nbsp;<\/a><script>!function(d,s,id){var js,fjs=d.getElementsByTagName(s)[0],p=\/^http:\/.test(d.location)?'http':'https';if(!d.getElementById(id)){js=d.createElement(s);js.id=id;js.src=p+':\/\/platform.twitter.com\/widgets.js';fjs.parentNode.insertBefore(js,fjs);}}(document, 'script', 'twitter-wjs');<\/script><\/li><li class=\"gplus\" style=\"width:68px\"><div class=\"g-plusone\" data-size=\"medium\" data-href=\"https:\/\/www.caritasne2.org.br\/site\/caritas-brasileira-regional-nordeste-2-disponibiliza-atendimento-via-telefone-para-migrantes-e-refugiados-venezuelanos\/\"><\/div><\/li><li class=\"ssb_linkedin\" style=\"width:64px\"><script src=\"\/\/platform.linkedin.com\/in.js\" type=\"text\/javascript\">lang: en_US<\/script><script type=\"IN\/Share\" data-url=\"https:\/\/www.caritasne2.org.br\/site\/caritas-brasileira-regional-nordeste-2-disponibiliza-atendimento-via-telefone-para-migrantes-e-refugiados-venezuelanos\/\" data-counter=\"right\"><\/script><\/li><\/ul>","protected":false},"excerpt":{"rendered":"<p>Sens\u00edvel as necessidades dos migrantes e refugiados venezuelanos que residem na regi\u00e3o metropolitana do Recife, e est\u00e3o em situa\u00e7\u00e3o de risco e vulnerabilidade social em tempos de pandemia da Covid 19, a C\u00e1ritas Brasileira Nordeste 2 (CBNE2) disponibiliza uma linha telef\u00f4nica para atendimento psicossocial, como escuta qualificada, encaminhamentos para pol\u00edticas p\u00fablicas, acolhimento de demanda, conflitos familiares, e emerg\u00eancia aos nossos irm\u00e3os migrantes. O n\u00famero (81) [&hellip;]<\/p>\n<ul class=\"ssb_list_wrapper\"><li class=\"fb2\" style=\"width:135px\"><iframe src=\"\/\/www.facebook.com\/plugins\/like.php?href=https%3A%2F%2Fwww.caritasne2.org.br%2Fsite%2Fcaritas-brasileira-regional-nordeste-2-disponibiliza-atendimento-via-telefone-para-migrantes-e-refugiados-venezuelanos%2F&amp;layout=button_count&amp;action=like&amp;show_faces=false&amp;share=true&amp;width=135&amp;height=21&amp;appId=307091639398582\" scrolling=\"no\" frameborder=\"0\" style=\"border:none; overflow:hidden;  width:150px; height:21px;\" allowTransparency=\"true\"><\/iframe><\/li><li class=\"twtr\" style=\"width:90px\"><a href=\"https:\/\/twitter.com\/share\" class=\"twitter-share-button\" data-url=\"https:\/\/www.caritasne2.org.br\/site\/caritas-brasileira-regional-nordeste-2-disponibiliza-atendimento-via-telefone-para-migrantes-e-refugiados-venezuelanos\/\">&nbsp;<\/a><script>!function(d,s,id){var js,fjs=d.getElementsByTagName(s)[0],p=\/^http:\/.test(d.location)?'http':'https';if(!d.getElementById(id)){js=d.createElement(s);js.id=id;js.src=p+':\/\/platform.twitter.com\/widgets.js';fjs.parentNode.insertBefore(js,fjs);}}(document, 'script', 'twitter-wjs');<\/script><\/li><li class=\"gplus\" style=\"width:68px\"><div class=\"g-plusone\" data-size=\"medium\" data-href=\"https:\/\/www.caritasne2.org.br\/site\/caritas-brasileira-regional-nordeste-2-disponibiliza-atendimento-via-telefone-para-migrantes-e-refugiados-venezuelanos\/\"><\/div><\/li><li class=\"ssb_linkedin\" style=\"width:64px\"><script src=\"\/\/platform.linkedin.com\/in.js\" type=\"text\/javascript\">lang: en_US<\/script><script type=\"IN\/Share\" data-url=\"https:\/\/www.caritasne2.org.br\/site\/caritas-brasileira-regional-nordeste-2-disponibiliza-atendimento-via-telefone-para-migrantes-e-refugiados-venezuelanos\/\" data-counter=\"right\"><\/script><\/li><\/ul>","protected":false},"author":4,"featured_media":6839,"comment_status":"open","ping_status":"open","sticky":false,"template":"","format":"standard","meta":[],"categories":[21,20],"tags":[],"_links":{"self":[{"href":"https:\/\/www.caritasne2.org.br\/site\/wp-json\/wp\/v2\/posts\/6830"}],"collection":[{"href":"https:\/\/www.caritasne2.org.br\/site\/wp-json\/wp\/v2\/posts"}],"about":[{"href":"https:\/\/www.caritasne2.org.br\/site\/wp-json\/wp\/v2\/types\/post"}],"author":[{"embeddable":true,"href":"https:\/\/www.caritasne2.org.br\/site\/wp-json\/wp\/v2\/users\/4"}],"replies":[{"embeddable":true,"href":"https:\/\/www.caritasne2.org.br\/site\/wp-json\/wp\/v2\/comments?post=6830"}],"version-history":[{"count":0,"href":"https:\/\/www.caritasne2.org.br\/site\/wp-json\/wp\/v2\/posts\/6830\/revisions"}],"wp:featuredmedia":[{"embeddable":true,"href":"https:\/\/www.caritasne2.org.br\/site\/wp-json\/wp\/v2\/media\/6839"}],"wp:attachment":[{"href":"https:\/\/www.caritasne2.org.br\/site\/wp-json\/wp\/v2\/media?parent=6830"}],"wp:term":[{"taxonomy":"category","embeddable":true,"href":"https:\/\/www.caritasne2.org.br\/site\/wp-json\/wp\/v2\/categories?post=6830"},{"taxonomy":"post_tag","embeddable":true,"href":"https:\/\/www.caritasne2.org.br\/site\/wp-json\/wp\/v2\/tags?post=6830"}],"curies":[{"name":"wp","href":"https:\/\/api.w.org\/{rel}","templated":true}]}}