{"id":6798,"date":"2020-04-16T16:35:12","date_gmt":"2020-04-16T19:35:12","guid":{"rendered":"http:\/\/www.caritasne2.org.br\/?p=6798"},"modified":"2020-04-16T16:35:12","modified_gmt":"2020-04-16T19:35:12","slug":"documentario-vindas-e-vidas-e-divulgado-na-internet","status":"publish","type":"post","link":"https:\/\/www.caritasne2.org.br\/site\/documentario-vindas-e-vidas-e-divulgado-na-internet\/","title":{"rendered":"Document\u00e1rio \u201cVindas e Vidas\u201d \u00e9 divulgado na internet"},"content":{"rendered":"<p class=\"p1\" style=\"text-align: justify;\"><b><\/b><i>Obra provoca a reflex\u00e3o sobre refugiados e migrantes e os desafios do acolhimento<\/i><\/p>\n<p class=\"p4\" style=\"text-align: justify;\">O document\u00e1rio Vindas e Vidas, que conta a hist\u00f3ria de quatro fam\u00edlias que deixaram a Venezuela, devido \u00e0 crise econ\u00f4mica e humanit\u00e1ria naquele pa\u00eds, e foram acolhidas em Pernambuco, j\u00e1 est\u00e1 dispon\u00edvel na internet. O endere\u00e7o para acessar o conte\u00fado completo \u00e9 http:\/\/www.unicap.br\/vindasevidas. Produzido em 2019 e lan\u00e7ado, em sess\u00e3o \u00fanica, no dia 20 de janeiro de 2020, no Cinema S\u00e3o Luiz, no Recife, o document\u00e1rio \u00e9 resultado de uma parceria entre o Minist\u00e9rio P\u00fablico Federal na 5\u00aa Regi\u00e3o (MPF\/PRR5), a Universidade Cat\u00f3lica de Pernambuco (Unicap) e a C\u00e1ritas Brasileira Regional Nordeste 2.<\/p>\n<p class=\"p4\" style=\"text-align: justify;\">A concep\u00e7\u00e3o do projeto levou em conta a relev\u00e2ncia e urg\u00eancia do tema da migra\u00e7\u00e3o, bem como sua pertin\u00eancia \u00e0s atribui\u00e7\u00f5es institucionais do MPF, no que diz respeito \u00e0 prote\u00e7\u00e3o dos direitos humanos. Al\u00e9m disso, est\u00e1 alinhado ao trabalho e \u00e0 ideologia human\u00edstica da Unicap e da C\u00e1ritas NE2, que t\u00eam atuado juntas no acolhimento direto aos refugiados em Pernambuco.<\/p>\n<p class=\"p4\" style=\"text-align: justify;\">Considerando a necessidade de desconstruir preconceitos e mitos relacionados aos refugiados, com foco na garantia da dignidade do ser humano, o MPF\/PRR5, a Unicap e a C\u00e1ritas NE2 somaram esfor\u00e7os para produzir essa obra. O projeto n\u00e3o disp\u00f4s de or\u00e7amento pr\u00f3prio ou destina\u00e7\u00e3o espec\u00edfica de recursos das tr\u00eas institui\u00e7\u00f5es respons\u00e1veis. Todo o trabalho foi desenvolvido a partir do empenho de seus profissionais e do apoio de volunt\u00e1rios.<\/p>\n<p class=\"p4\" style=\"text-align: justify;\">A ideia inicial das institui\u00e7\u00f5es respons\u00e1veis pelo projeto era promover outras exibi\u00e7\u00f5es, al\u00e9m da ocorrida no cinema, para provocar a reflex\u00e3o acerca do tema dos refugiados no Brasil e no mundo. No entanto, devido \u00e0 pandemia da Covid-19, os planos precisaram ser alterados e a divulga\u00e7\u00e3o do document\u00e1rio na internet foi antecipada.<\/p>\n<p class=\"p4\" style=\"text-align: justify;\">Tanto n\u00e3o seria mais poss\u00edvel promover exibi\u00e7\u00f5es p\u00fablicas no curto prazo, devido \u00e0 necessidade de todos estarem em isolamento social a fim de conter o avan\u00e7o do coronav\u00edrus, quanto o conte\u00fado corria risco de ficar desatualizado, caso fosse amplamente divulgado somente ap\u00f3s o fim da pandemia. Entretanto, mesmo no atual cen\u00e1rio em que as fronteiras dos pa\u00edses foram fechadas por conta da pandemia e que os programas de acolhimento e interioriza\u00e7\u00e3o de migrantes foram afetados, o tema dos refugiados permanece latente em nossa sociedade, e n\u00e3o pode ser negligenciado.<\/p>\n<p class=\"p4\" style=\"text-align: justify;\">\u00c9 com esse apelo que as tr\u00eas institui\u00e7\u00f5es parceiras nesse projeto \u2013 MPF, Unicap e C\u00e1ritas \u2013 disponibilizam, agora, o document\u00e1rio Vindas e Vidas para todo o p\u00fablico. Desta forma, os produtores lembram que os refugiados fazem parte dos grupos mais vulner\u00e1veis e que merecem um olhar mais atento da sociedade e do poder p\u00fablico tamb\u00e9m neste momento.<\/p>\n<p class=\"p4\" style=\"text-align: justify;\"><b>Servi\u00e7o:<\/b><\/p>\n<p class=\"p4\" style=\"text-align: justify;\"><b>Document\u00e1rio \u201cVindas e Vidas\u201d<\/b><\/p>\n<p class=\"p4\" style=\"text-align: justify;\">Dispon\u00edvel em: http:\/\/www.unicap.br\/vindasevidas<\/p>\n<p class=\"p4\" style=\"text-align: justify;\"><b>Ficha t\u00e9cnica<\/b>:<\/p>\n<p class=\"p4\" style=\"text-align: justify;\"><b>Dire\u00e7\u00e3o<\/b>: Ana Cl\u00e1udia Dolores, Cl\u00e1udia Holder, Jaqueline Maia e L\u00edcia Magna<\/p>\n<p class=\"p4\" style=\"text-align: justify;\"><b>Idealiza\u00e7\u00e3o<\/b>: Ana Cl\u00e1udia Dolores<\/p>\n<p class=\"p4\" style=\"text-align: justify;\"><b>Roteiro<\/b>: Ana Cl\u00e1udia Dolores, Cl\u00e1udia Holder e Nildo Ferreira<\/p>\n<p class=\"p4\" style=\"text-align: justify;\"><b>Produ\u00e7\u00e3o<\/b>: Ana Cl\u00e1udia Dolores, Cl\u00e1udia Holder, L\u00edcia Magna, Jaqueline Maia e Nildo Ferreira<\/p>\n<p class=\"p4\" style=\"text-align: justify;\"><b>Assistentes de produ\u00e7\u00e3o<\/b>: Allysson Brand\u00e3o, Carolina Santana, David Ramos, Marina Fercondine e Mona Mirella Marques Meira<\/p>\n<p class=\"p4\" style=\"text-align: justify;\"><b>Dire\u00e7\u00e3o de fotografia e c\u00e2mera<\/b>: Nildo Ferreira<\/p>\n<p class=\"p4\" style=\"text-align: justify;\"><b>Montagem<\/b>: Luca Pacheco<\/p>\n<p class=\"p4\" style=\"text-align: justify;\"><b>Edi\u00e7\u00e3o de som<\/b>: Luca Pacheco<\/p>\n<p class=\"p4\" style=\"text-align: justify;\"><b>Arte<\/b>: Cl\u00e1udia Holder e Luca Pacheco<\/p>\n<p class=\"p4\" style=\"text-align: justify;\"><b>Trilha sonora original \u2013 composi\u00e7\u00e3o e execu\u00e7\u00e3o<\/b>: Stefan Matl<\/p>\n<p class=\"p4\" style=\"text-align: justify;\"><b>M\u00fasicas<\/b>: Bai\u00e3o sentimental (Stefan Matl) e Regreso a la vida (Stefan Matl)<\/p>\n<p class=\"p4\" style=\"text-align: justify;\"><b>Trilha sonora \u2013 grava\u00e7\u00e3o, mixagem e masteriza\u00e7\u00e3o<\/b>: Est\u00fadio N\u00facleo Beat \/ Ricardo Ara\u00fajo<\/p>\n<p class=\"p4\" style=\"text-align: justify;\"><b>Dire\u00e7\u00e3o institucional<\/b>: Di\u00e1cono Ant\u00f4nio Lisboa (Secret\u00e1rio da C\u00e1ritas Regional Nordeste 2 em 2019), Marcelo Alves Dias de Souza (Procurador-chefe da Procuradoria Regional da Rep\u00fablica da 5\u00aa Regi\u00e3o \u2013 Minist\u00e9rio P\u00fablico Federal) e Pe. Pedro Rubens Ferreira Oliveira, S.J. (Reitor da Universidade Cat\u00f3lica de Pernambuco)<\/p>\n<p class=\"p4\" style=\"text-align: justify;\"><b>Contatos para a imprensa:<\/b><\/p>\n<p class=\"p4\" style=\"text-align: justify;\"><b>Assessoria de Comunica\u00e7\u00e3o do MPF\/PRR5<\/b><\/p>\n<p class=\"p4\" style=\"text-align: justify;\"><b>E-mail<\/b>: prr5-ascom@mpf.mp.br<\/p>\n<p class=\"p4\" style=\"text-align: justify;\"><b>Telefones<\/b>: (81) 9 9213 9334 \/ (81) 9 9766 0444 (seg a sex \/ tarde)<\/p>\n<p class=\"p4\" style=\"text-align: justify;\"><b>Assessoria de Comunica\u00e7\u00e3o da Unicap<\/b><\/p>\n<p class=\"p4\" style=\"text-align: justify;\"><b>E-mail<\/b>: assecom@unicap.br<\/p>\n<p class=\"p4\" style=\"text-align: justify;\"><b>Telefones<\/b>: (81) 2119 4016 (seg a sex \/ manh\u00e3) \/ (81) 9 8825 1216<\/p>\n<p class=\"p4\" style=\"text-align: justify;\"><b>Assessoria de Comunica\u00e7\u00e3o da C\u00e1ritas Brasileira NE2<\/b><\/p>\n<p class=\"p4\" style=\"text-align: justify;\"><b>E-mail<\/b>: comunicacao@caritasne2.org.br<\/p>\n<p class=\"p4\" style=\"text-align: justify;\"><b>Telefone<\/b>: (81) 9 8143 3295 (seg a sex \/ manh\u00e3 e tarde)<\/p>\n<p class=\"p4\" style=\"text-align: justify;\"><b>Casa de Direitos<\/b> (gerenciada pela C\u00e1ritas)<\/p>\n<p class=\"p4\" style=\"text-align: justify;\"><b>Telefone<\/b>: (81) 9 8184 7389<\/p>\n<p class=\"p4\" style=\"text-align: justify;\">\n<p class=\"p4\" style=\"text-align: justify;\">Assessoria de comunica\u00e7\u00e3o da Unicap<\/p>\n<ul class=\"ssb_list_wrapper\"><li class=\"fb2\" style=\"width:135px\"><iframe src=\"\/\/www.facebook.com\/plugins\/like.php?href=https%3A%2F%2Fwww.caritasne2.org.br%2Fsite%2Fdocumentario-vindas-e-vidas-e-divulgado-na-internet%2F&amp;layout=button_count&amp;action=like&amp;show_faces=false&amp;share=true&amp;width=135&amp;height=21&amp;appId=307091639398582\" scrolling=\"no\" frameborder=\"0\" style=\"border:none; overflow:hidden;  width:150px; height:21px;\" allowTransparency=\"true\"><\/iframe><\/li><li class=\"twtr\" style=\"width:90px\"><a href=\"https:\/\/twitter.com\/share\" class=\"twitter-share-button\" data-url=\"https:\/\/www.caritasne2.org.br\/site\/documentario-vindas-e-vidas-e-divulgado-na-internet\/\">&nbsp;<\/a><script>!function(d,s,id){var js,fjs=d.getElementsByTagName(s)[0],p=\/^http:\/.test(d.location)?'http':'https';if(!d.getElementById(id)){js=d.createElement(s);js.id=id;js.src=p+':\/\/platform.twitter.com\/widgets.js';fjs.parentNode.insertBefore(js,fjs);}}(document, 'script', 'twitter-wjs');<\/script><\/li><li class=\"gplus\" style=\"width:68px\"><div class=\"g-plusone\" data-size=\"medium\" data-href=\"https:\/\/www.caritasne2.org.br\/site\/documentario-vindas-e-vidas-e-divulgado-na-internet\/\"><\/div><\/li><li class=\"ssb_linkedin\" style=\"width:64px\"><script src=\"\/\/platform.linkedin.com\/in.js\" type=\"text\/javascript\">lang: en_US<\/script><script type=\"IN\/Share\" data-url=\"https:\/\/www.caritasne2.org.br\/site\/documentario-vindas-e-vidas-e-divulgado-na-internet\/\" data-counter=\"right\"><\/script><\/li><\/ul>","protected":false},"excerpt":{"rendered":"<p>Obra provoca a reflex\u00e3o sobre refugiados e migrantes e os desafios do acolhimento O document\u00e1rio Vindas e Vidas, que conta a hist\u00f3ria de quatro fam\u00edlias que deixaram a Venezuela, devido \u00e0 crise econ\u00f4mica e humanit\u00e1ria naquele pa\u00eds, e foram acolhidas em Pernambuco, j\u00e1 est\u00e1 dispon\u00edvel na internet. O endere\u00e7o para acessar o conte\u00fado completo \u00e9 http:\/\/www.unicap.br\/vindasevidas. Produzido em 2019 e lan\u00e7ado, em sess\u00e3o \u00fanica, no [&hellip;]<\/p>\n<ul class=\"ssb_list_wrapper\"><li class=\"fb2\" style=\"width:135px\"><iframe src=\"\/\/www.facebook.com\/plugins\/like.php?href=https%3A%2F%2Fwww.caritasne2.org.br%2Fsite%2Fdocumentario-vindas-e-vidas-e-divulgado-na-internet%2F&amp;layout=button_count&amp;action=like&amp;show_faces=false&amp;share=true&amp;width=135&amp;height=21&amp;appId=307091639398582\" scrolling=\"no\" frameborder=\"0\" style=\"border:none; overflow:hidden;  width:150px; height:21px;\" allowTransparency=\"true\"><\/iframe><\/li><li class=\"twtr\" style=\"width:90px\"><a href=\"https:\/\/twitter.com\/share\" class=\"twitter-share-button\" data-url=\"https:\/\/www.caritasne2.org.br\/site\/documentario-vindas-e-vidas-e-divulgado-na-internet\/\">&nbsp;<\/a><script>!function(d,s,id){var js,fjs=d.getElementsByTagName(s)[0],p=\/^http:\/.test(d.location)?'http':'https';if(!d.getElementById(id)){js=d.createElement(s);js.id=id;js.src=p+':\/\/platform.twitter.com\/widgets.js';fjs.parentNode.insertBefore(js,fjs);}}(document, 'script', 'twitter-wjs');<\/script><\/li><li class=\"gplus\" style=\"width:68px\"><div class=\"g-plusone\" data-size=\"medium\" data-href=\"https:\/\/www.caritasne2.org.br\/site\/documentario-vindas-e-vidas-e-divulgado-na-internet\/\"><\/div><\/li><li class=\"ssb_linkedin\" style=\"width:64px\"><script src=\"\/\/platform.linkedin.com\/in.js\" type=\"text\/javascript\">lang: en_US<\/script><script type=\"IN\/Share\" data-url=\"https:\/\/www.caritasne2.org.br\/site\/documentario-vindas-e-vidas-e-divulgado-na-internet\/\" data-counter=\"right\"><\/script><\/li><\/ul>","protected":false},"author":4,"featured_media":6799,"comment_status":"open","ping_status":"open","sticky":false,"template":"","format":"standard","meta":[],"categories":[21,20],"tags":[],"_links":{"self":[{"href":"https:\/\/www.caritasne2.org.br\/site\/wp-json\/wp\/v2\/posts\/6798"}],"collection":[{"href":"https:\/\/www.caritasne2.org.br\/site\/wp-json\/wp\/v2\/posts"}],"about":[{"href":"https:\/\/www.caritasne2.org.br\/site\/wp-json\/wp\/v2\/types\/post"}],"author":[{"embeddable":true,"href":"https:\/\/www.caritasne2.org.br\/site\/wp-json\/wp\/v2\/users\/4"}],"replies":[{"embeddable":true,"href":"https:\/\/www.caritasne2.org.br\/site\/wp-json\/wp\/v2\/comments?post=6798"}],"version-history":[{"count":0,"href":"https:\/\/www.caritasne2.org.br\/site\/wp-json\/wp\/v2\/posts\/6798\/revisions"}],"wp:featuredmedia":[{"embeddable":true,"href":"https:\/\/www.caritasne2.org.br\/site\/wp-json\/wp\/v2\/media\/6799"}],"wp:attachment":[{"href":"https:\/\/www.caritasne2.org.br\/site\/wp-json\/wp\/v2\/media?parent=6798"}],"wp:term":[{"taxonomy":"category","embeddable":true,"href":"https:\/\/www.caritasne2.org.br\/site\/wp-json\/wp\/v2\/categories?post=6798"},{"taxonomy":"post_tag","embeddable":true,"href":"https:\/\/www.caritasne2.org.br\/site\/wp-json\/wp\/v2\/tags?post=6798"}],"curies":[{"name":"wp","href":"https:\/\/api.w.org\/{rel}","templated":true}]}}