{"id":6789,"date":"2020-04-16T11:58:07","date_gmt":"2020-04-16T14:58:07","guid":{"rendered":"http:\/\/www.caritasne2.org.br\/?p=6789"},"modified":"2020-04-16T12:08:29","modified_gmt":"2020-04-16T15:08:29","slug":"acao-social-diocesana-de-patos-entrega-cestas-basicas-para-quilombolas-do-medio-sertao-da-paraiba","status":"publish","type":"post","link":"https:\/\/www.caritasne2.org.br\/site\/acao-social-diocesana-de-patos-entrega-cestas-basicas-para-quilombolas-do-medio-sertao-da-paraiba\/","title":{"rendered":"A\u00e7\u00e3o Social Diocesana de Patos entrega cestas b\u00e1sicas para Quilombolas do M\u00e9dio Sert\u00e3o da Para\u00edba"},"content":{"rendered":"<p style=\"text-align: justify;\">A A\u00e7\u00e3o Social Diocesana de Patos\/PROPAC, entidade-membro da C\u00e1ritas Brasileira, juntamente com a Comiss\u00e3o das Comunidades Quilombolas do M\u00e9dio Sert\u00e3o, apresentou ao governo do estado da Para\u00edba, por meio da Ger\u00eancia de Igualdade Racial, demanda para aquisi\u00e7\u00e3o e distribui\u00e7\u00e3o de cestas b\u00e1sicas para fam\u00edlias em situa\u00e7\u00e3o de vulnerabilidade. Diante do atual contexto da pandemia do coronav\u00edrus, 521 fam\u00edlias residentes em dez comunidades Quilombolas foram atendidas com essa a\u00e7\u00e3o. A demanda apresentada foi conquistada pelas comunidades, sendo um indicativo do fortalecimento do trabalho em rede que acontece nesta regi\u00e3o do estado da Para\u00edba, acompanhado pelo Programa de Promo\u00e7\u00e3o e A\u00e7\u00e3o Comunit\u00e1ria (PROPAC), com apoio de organiza\u00e7\u00e3o alem\u00e3 Misereor h\u00e1 mais de 15 anos.<\/p>\n<p style=\"text-align: justify;\">A entrega foi feita diretamente por representantes da Ger\u00eancia de Igualdade Racial do Governo do Estado da Para\u00edba, com apoio do Corpo de Bombeiros Estadual, e apoio log\u00edstico da A\u00e7\u00e3o Social Diocesana de Patos, de forma que garantisse o distanciamento social exigido pelos organismos de sa\u00fade. Em vista da garantia de uma maior transpar\u00eancia, desde o levantamento das demandas at\u00e9 a entrega das cestas b\u00e1sicas, em cada quilombo foi constitu\u00edda uma Comiss\u00e3o Comunit\u00e1ria, com representantes da Associa\u00e7\u00e3o Quilombola e de outros organismos locais, com o intuito de beneficiar as fam\u00edlias que mais necessitam neste momento.<\/p>\n<p style=\"text-align: justify;\">Para o assessor pedag\u00f3gico na A\u00e7\u00e3o Social Diocesana de Patos, Irenaldo Pereira de Ara\u00fajo, \u201c \u00e9 importante olhar para a necessidade das comunidades de Terreiros, comunidades ciganas e profissionais que trabalham com materiais recicl\u00e1veis. A parceria com a Ger\u00eancia de Igualdade Racial mostra que precisamos unir as for\u00e7as, sociedade civil e governos para atender as demandas das comunidades\u201d.<\/p>\n<p style=\"text-align: justify;\">A\u00e7\u00f5es como essas se somam a outras a\u00e7\u00f5es solid\u00e1rias que no momento ocorrem na Diocese de Patos, tendo \u00e0 frente o pastor diocesano Dom Eraldo Bispo da Silva, bem como com a A\u00e7\u00e3o Solid\u00e1ria Emergencial\u201c\u00c9 tempo de cuidar\u201d, lan\u00e7ada neste dia 12, domingo de P\u00e1scoa, pela Confer\u00eancia Nacional dos Bispos do Brasil (CNBB) e pela C\u00e1ritas Brasileira, em sintonia com a proposta da Campanha da Fraternidade 2020.<\/p>\n<p style=\"text-align: justify;\"><a href=\"http:\/\/www.caritasne2.org.br\/acao-social-diocesana-de-patos-entrega-cestas-basicas-para-quilombolas-do-medio-sertao-da-paraiba\/whatsapp-image-2020-04-16-at-11-25-19\/\" rel=\"attachment wp-att-6792\"><img decoding=\"async\" loading=\"lazy\" class=\"aligncenter size-medium wp-image-6792\" src=\"http:\/\/www.caritasne2.org.br\/wp-content\/uploads\/2020\/04\/WhatsApp-Image-2020-04-16-at-11.25.19-300x169.jpeg\" alt=\"\" width=\"300\" height=\"169\" srcset=\"https:\/\/www.caritasne2.org.br\/site\/wp-content\/uploads\/2020\/04\/WhatsApp-Image-2020-04-16-at-11.25.19-300x169.jpeg 300w, https:\/\/www.caritasne2.org.br\/site\/wp-content\/uploads\/2020\/04\/WhatsApp-Image-2020-04-16-at-11.25.19.jpeg 446w\" sizes=\"(max-width: 300px) 100vw, 300px\" \/><\/a><\/p>\n<p style=\"text-align: justify;\"><a href=\"http:\/\/www.caritasne2.org.br\/acao-social-diocesana-de-patos-entrega-cestas-basicas-para-quilombolas-do-medio-sertao-da-paraiba\/whatsapp-image-2020-04-16-at-11-25-18-1\/\" rel=\"attachment wp-att-6790\"><img decoding=\"async\" loading=\"lazy\" class=\"aligncenter size-medium wp-image-6790\" src=\"http:\/\/www.caritasne2.org.br\/wp-content\/uploads\/2020\/04\/WhatsApp-Image-2020-04-16-at-11.25.18-1-300x142.jpeg\" alt=\"\" width=\"300\" height=\"142\" srcset=\"https:\/\/www.caritasne2.org.br\/site\/wp-content\/uploads\/2020\/04\/WhatsApp-Image-2020-04-16-at-11.25.18-1-300x142.jpeg 300w, https:\/\/www.caritasne2.org.br\/site\/wp-content\/uploads\/2020\/04\/WhatsApp-Image-2020-04-16-at-11.25.18-1.jpeg 441w\" sizes=\"(max-width: 300px) 100vw, 300px\" \/><\/a><\/p>\n<ul class=\"ssb_list_wrapper\"><li class=\"fb2\" style=\"width:135px\"><iframe src=\"\/\/www.facebook.com\/plugins\/like.php?href=https%3A%2F%2Fwww.caritasne2.org.br%2Fsite%2Facao-social-diocesana-de-patos-entrega-cestas-basicas-para-quilombolas-do-medio-sertao-da-paraiba%2F&amp;layout=button_count&amp;action=like&amp;show_faces=false&amp;share=true&amp;width=135&amp;height=21&amp;appId=307091639398582\" scrolling=\"no\" frameborder=\"0\" style=\"border:none; overflow:hidden;  width:150px; height:21px;\" allowTransparency=\"true\"><\/iframe><\/li><li class=\"twtr\" style=\"width:90px\"><a href=\"https:\/\/twitter.com\/share\" class=\"twitter-share-button\" data-url=\"https:\/\/www.caritasne2.org.br\/site\/acao-social-diocesana-de-patos-entrega-cestas-basicas-para-quilombolas-do-medio-sertao-da-paraiba\/\">&nbsp;<\/a><script>!function(d,s,id){var js,fjs=d.getElementsByTagName(s)[0],p=\/^http:\/.test(d.location)?'http':'https';if(!d.getElementById(id)){js=d.createElement(s);js.id=id;js.src=p+':\/\/platform.twitter.com\/widgets.js';fjs.parentNode.insertBefore(js,fjs);}}(document, 'script', 'twitter-wjs');<\/script><\/li><li class=\"gplus\" style=\"width:68px\"><div class=\"g-plusone\" data-size=\"medium\" data-href=\"https:\/\/www.caritasne2.org.br\/site\/acao-social-diocesana-de-patos-entrega-cestas-basicas-para-quilombolas-do-medio-sertao-da-paraiba\/\"><\/div><\/li><li class=\"ssb_linkedin\" style=\"width:64px\"><script src=\"\/\/platform.linkedin.com\/in.js\" type=\"text\/javascript\">lang: en_US<\/script><script type=\"IN\/Share\" data-url=\"https:\/\/www.caritasne2.org.br\/site\/acao-social-diocesana-de-patos-entrega-cestas-basicas-para-quilombolas-do-medio-sertao-da-paraiba\/\" data-counter=\"right\"><\/script><\/li><\/ul>","protected":false},"excerpt":{"rendered":"<p>A A\u00e7\u00e3o Social Diocesana de Patos\/PROPAC, entidade-membro da C\u00e1ritas Brasileira, juntamente com a Comiss\u00e3o das Comunidades Quilombolas do M\u00e9dio Sert\u00e3o, apresentou ao governo do estado da Para\u00edba, por meio da Ger\u00eancia de Igualdade Racial, demanda para aquisi\u00e7\u00e3o e distribui\u00e7\u00e3o de cestas b\u00e1sicas para fam\u00edlias em situa\u00e7\u00e3o de vulnerabilidade. Diante do atual contexto da pandemia do coronav\u00edrus, 521 fam\u00edlias residentes em dez comunidades Quilombolas foram atendidas [&hellip;]<\/p>\n<ul class=\"ssb_list_wrapper\"><li class=\"fb2\" style=\"width:135px\"><iframe src=\"\/\/www.facebook.com\/plugins\/like.php?href=https%3A%2F%2Fwww.caritasne2.org.br%2Fsite%2Facao-social-diocesana-de-patos-entrega-cestas-basicas-para-quilombolas-do-medio-sertao-da-paraiba%2F&amp;layout=button_count&amp;action=like&amp;show_faces=false&amp;share=true&amp;width=135&amp;height=21&amp;appId=307091639398582\" scrolling=\"no\" frameborder=\"0\" style=\"border:none; overflow:hidden;  width:150px; height:21px;\" allowTransparency=\"true\"><\/iframe><\/li><li class=\"twtr\" style=\"width:90px\"><a href=\"https:\/\/twitter.com\/share\" class=\"twitter-share-button\" data-url=\"https:\/\/www.caritasne2.org.br\/site\/acao-social-diocesana-de-patos-entrega-cestas-basicas-para-quilombolas-do-medio-sertao-da-paraiba\/\">&nbsp;<\/a><script>!function(d,s,id){var js,fjs=d.getElementsByTagName(s)[0],p=\/^http:\/.test(d.location)?'http':'https';if(!d.getElementById(id)){js=d.createElement(s);js.id=id;js.src=p+':\/\/platform.twitter.com\/widgets.js';fjs.parentNode.insertBefore(js,fjs);}}(document, 'script', 'twitter-wjs');<\/script><\/li><li class=\"gplus\" style=\"width:68px\"><div class=\"g-plusone\" data-size=\"medium\" data-href=\"https:\/\/www.caritasne2.org.br\/site\/acao-social-diocesana-de-patos-entrega-cestas-basicas-para-quilombolas-do-medio-sertao-da-paraiba\/\"><\/div><\/li><li class=\"ssb_linkedin\" style=\"width:64px\"><script src=\"\/\/platform.linkedin.com\/in.js\" type=\"text\/javascript\">lang: en_US<\/script><script type=\"IN\/Share\" data-url=\"https:\/\/www.caritasne2.org.br\/site\/acao-social-diocesana-de-patos-entrega-cestas-basicas-para-quilombolas-do-medio-sertao-da-paraiba\/\" data-counter=\"right\"><\/script><\/li><\/ul>","protected":false},"author":4,"featured_media":6791,"comment_status":"open","ping_status":"open","sticky":false,"template":"","format":"standard","meta":[],"categories":[21,20],"tags":[],"_links":{"self":[{"href":"https:\/\/www.caritasne2.org.br\/site\/wp-json\/wp\/v2\/posts\/6789"}],"collection":[{"href":"https:\/\/www.caritasne2.org.br\/site\/wp-json\/wp\/v2\/posts"}],"about":[{"href":"https:\/\/www.caritasne2.org.br\/site\/wp-json\/wp\/v2\/types\/post"}],"author":[{"embeddable":true,"href":"https:\/\/www.caritasne2.org.br\/site\/wp-json\/wp\/v2\/users\/4"}],"replies":[{"embeddable":true,"href":"https:\/\/www.caritasne2.org.br\/site\/wp-json\/wp\/v2\/comments?post=6789"}],"version-history":[{"count":0,"href":"https:\/\/www.caritasne2.org.br\/site\/wp-json\/wp\/v2\/posts\/6789\/revisions"}],"wp:featuredmedia":[{"embeddable":true,"href":"https:\/\/www.caritasne2.org.br\/site\/wp-json\/wp\/v2\/media\/6791"}],"wp:attachment":[{"href":"https:\/\/www.caritasne2.org.br\/site\/wp-json\/wp\/v2\/media?parent=6789"}],"wp:term":[{"taxonomy":"category","embeddable":true,"href":"https:\/\/www.caritasne2.org.br\/site\/wp-json\/wp\/v2\/categories?post=6789"},{"taxonomy":"post_tag","embeddable":true,"href":"https:\/\/www.caritasne2.org.br\/site\/wp-json\/wp\/v2\/tags?post=6789"}],"curies":[{"name":"wp","href":"https:\/\/api.w.org\/{rel}","templated":true}]}}