{"id":6774,"date":"2020-04-09T15:55:10","date_gmt":"2020-04-09T18:55:10","guid":{"rendered":"http:\/\/www.caritasne2.org.br\/?p=6774"},"modified":"2020-04-09T16:11:34","modified_gmt":"2020-04-09T19:11:34","slug":"cnbb-e-caritas-brasileira-lancam-acao-solidaria-emergencial-da-igreja-no-brasil","status":"publish","type":"post","link":"https:\/\/www.caritasne2.org.br\/site\/cnbb-e-caritas-brasileira-lancam-acao-solidaria-emergencial-da-igreja-no-brasil\/","title":{"rendered":"CNBB e C\u00e1ritas Brasileira lan\u00e7am A\u00e7\u00e3o Solid\u00e1ria emergencial da Igreja no Brasil"},"content":{"rendered":"<p style=\"text-align: justify;\">CNBB lan\u00e7a no domingo de P\u00e1scoa a\u00e7\u00e3o para estimular a solidariedade, a come\u00e7ar pela arrecada\u00e7\u00e3o de alimentos e produtos de higiene. A mobiliza\u00e7\u00e3o quer fortalecer ainda mais as muitas iniciativas solid\u00e1rias em todo o pa\u00eds, diante da pandemia da covid-19<\/p>\n<p style=\"text-align: justify;\">Sens\u00edvel ao cen\u00e1rio de instabilidade da popula\u00e7\u00e3o, em especial das pessoas que est\u00e3o em situa\u00e7\u00e3o de vulnerabilidade social, a Confer\u00eancia Nacional dos Bispos do Brasil (CNBB) soma-se \u00e0s muitas iniciativas de solidariedade j\u00e1 em curso no pa\u00eds. O objetivo \u00e9 estimular a arrecada\u00e7\u00e3o de alimentos, produtos de higiene e prote\u00e7\u00e3o sanit\u00e1ria. Quer ainda estimular as in\u00fameras formas de ajuda \u00e0s pessoas tamb\u00e9m no campo religioso, humano e emocional.<\/p>\n<p style=\"text-align: justify;\">A A\u00e7\u00e3o Solid\u00e1ria Emergencial da Igreja no Brasil, que tem o slogan \u00c9 tempo de cuidar, \u00e9 uma convoca\u00e7\u00e3o para que se multipliquem os gestos solid\u00e1rios nas comunidades, nos setores da ind\u00fastria e do com\u00e9rcio e nas fam\u00edlias; todos sens\u00edveis \u00e0s situa\u00e7\u00f5es de extrema vulnerabilidade em que se encontra grande parcela da popula\u00e7\u00e3o brasileira, como as pessoas em situa\u00e7\u00e3o de rua, migrantes e refugiados, as que vivem em moradias prec\u00e1rias, al\u00e9m dos desempregados\/as e trabalhadores\/as informais, que neste momento tem suas fontes de renda fortemente afetadas.<\/p>\n<p style=\"text-align: justify;\">\u201cAgora, mais do que nunca, solidariedade \u00e9 o selo de autenticidade da vida dos verdadeiros crist\u00e3os, o indispens\u00e1vel compromisso cidad\u00e3o, a tarefa primeira dos governantes, a convers\u00e3o dos ricos, a nova compreens\u00e3o para inaugurar o tempo novo que est\u00e1 sendo exigido de todos, o \u00fanico novo caminho para a paz e para o equil\u00edbrio que o planeta precisa urgentemente, a \u00fanica pr\u00e1tica pol\u00edtica, o novo jeito de ser humanidade. Solidariedade \u00e9 a pra\u00e7a de encontro de todos, iguais, para respeitar a dignidade humana, superar os vergonhosos cen\u00e1rios de pobreza e exclus\u00e3o, a trilha \u00fanica dos l\u00facidos e servidores em busca do reencontro de uma ordem nova, social, pol\u00edtica e econ\u00f4mica, fazendo valer a vida como dom e compromisso de cada um! Seja solid\u00e1rio, \u00e9 inteligente, \u00e9 desenvolvimento integral, \u00e9 o selo de autenticidade da f\u00e9 professada, \u00e9 a nova cidadania\u201d, afirmou o presidente da CNBB, dom Walmor Oliveira de Azevedo.<\/p>\n<p style=\"text-align: justify;\">A C\u00e1ritas Brasileira, organismo da CNBB, est\u00e1 atuando para orientar arquidioceses, dioceses, par\u00f3quias e comunidades a respeito dos protocolos de seguran\u00e7a para que as doa\u00e7\u00f5es sejam recebidas e entregues de maneira adequada, neste momento de risco de contamina\u00e7\u00e3o pelo coronav\u00edrus.<\/p>\n<p style=\"text-align: justify;\">Enquanto durar o distanciamento social, as comunidades cat\u00f3licas poder\u00e3o receber doa\u00e7\u00f5es destinadas \u00e0s pessoas e fam\u00edlias necessitadas. \u201cEstamos vivendo um tempo muito dif\u00edcil no Brasil e no mundo, um momento de sofrimento. A C\u00e1ritas tem como objetivo valorizar e resgatar a vida. \u00c9 com esse sentimento que\u00a0 participamos da A\u00e7\u00e3o Solid\u00e1ria Emergencial \u2018\u00c9 tempo de cuidar\u2019\u201d, afirma o diretor executivo da C\u00e1ritas Brasileira, Carlos Humberto Campos.<\/p>\n<p style=\"text-align: justify;\">Mobiliza\u00e7\u00e3o social &#8211; A A\u00e7\u00e3o Solid\u00e1ria Emergencial contar\u00e1 com uma mobiliza\u00e7\u00e3o nas redes sociais com o slogan \u201c\u00c9 tempo de cuidar\u201d. Em sintonia com a proposta da Campanha da Fraternidade 2020, a iniciativa mant\u00e9m a inspira\u00e7\u00e3o b\u00edblica do evangelho de S\u00e3o Lucas 10, 33-34: \u201cViu, sentiu compaix\u00e3o e cuidou dele\u201d.<\/p>\n<p style=\"text-align: justify;\">A mobiliza\u00e7\u00e3o vai incentivar que as pessoas gravem v\u00eddeos de 15 segundos ou fa\u00e7am fotos das a\u00e7\u00f5es realizadas de forma comunit\u00e1ria ou individual e postem nos stories do Facebook e Instagram marcando a CNBB (@CNBBnacional) e a C\u00e1ritas Brasileira (@CaritasBrasileira) e colocando a hashtag #TempodeCuidar.<\/p>\n<p style=\"text-align: justify;\">Entendendo que a pandemia traz uma situa\u00e7\u00e3o de instabilidade duradoura, a iniciativa quer ser um instrumento para gerar mobiliza\u00e7\u00e3o, reflex\u00e3o, esperan\u00e7a e incentivo ao cuidado coletivo.<\/p>\n<p style=\"text-align: justify;\">O material com orienta\u00e7\u00f5es sobre a organiza\u00e7\u00e3o da A\u00e7\u00e3o Solid\u00e1ria Emergencial da Igreja no Brasil, bem como os materiais de divulga\u00e7\u00e3o, estar\u00e3o dispon\u00edveis nos sites <a href=\"https:\/\/www.cnbb.org.br\/cnbb-e-caritas-brasileira-lancam-acao-solidaria-emergencial-da-igreja-no-brasil\/\">cnbb.org.br<\/a> e<a href=\"http:\/\/caritas.org.br\/noticias\/cnbb-e-caritas-brasileira-lancam-acao-solidaria-emergencial-da-igreja-no-brasil\"> caritas.org.br.<\/a><\/p>\n<ul class=\"ssb_list_wrapper\"><li class=\"fb2\" style=\"width:135px\"><iframe src=\"\/\/www.facebook.com\/plugins\/like.php?href=https%3A%2F%2Fwww.caritasne2.org.br%2Fsite%2Fcnbb-e-caritas-brasileira-lancam-acao-solidaria-emergencial-da-igreja-no-brasil%2F&amp;layout=button_count&amp;action=like&amp;show_faces=false&amp;share=true&amp;width=135&amp;height=21&amp;appId=307091639398582\" scrolling=\"no\" frameborder=\"0\" style=\"border:none; overflow:hidden;  width:150px; height:21px;\" allowTransparency=\"true\"><\/iframe><\/li><li class=\"twtr\" style=\"width:90px\"><a href=\"https:\/\/twitter.com\/share\" class=\"twitter-share-button\" data-url=\"https:\/\/www.caritasne2.org.br\/site\/cnbb-e-caritas-brasileira-lancam-acao-solidaria-emergencial-da-igreja-no-brasil\/\">&nbsp;<\/a><script>!function(d,s,id){var js,fjs=d.getElementsByTagName(s)[0],p=\/^http:\/.test(d.location)?'http':'https';if(!d.getElementById(id)){js=d.createElement(s);js.id=id;js.src=p+':\/\/platform.twitter.com\/widgets.js';fjs.parentNode.insertBefore(js,fjs);}}(document, 'script', 'twitter-wjs');<\/script><\/li><li class=\"gplus\" style=\"width:68px\"><div class=\"g-plusone\" data-size=\"medium\" data-href=\"https:\/\/www.caritasne2.org.br\/site\/cnbb-e-caritas-brasileira-lancam-acao-solidaria-emergencial-da-igreja-no-brasil\/\"><\/div><\/li><li class=\"ssb_linkedin\" style=\"width:64px\"><script src=\"\/\/platform.linkedin.com\/in.js\" type=\"text\/javascript\">lang: en_US<\/script><script type=\"IN\/Share\" data-url=\"https:\/\/www.caritasne2.org.br\/site\/cnbb-e-caritas-brasileira-lancam-acao-solidaria-emergencial-da-igreja-no-brasil\/\" data-counter=\"right\"><\/script><\/li><\/ul>","protected":false},"excerpt":{"rendered":"<p>CNBB lan\u00e7a no domingo de P\u00e1scoa a\u00e7\u00e3o para estimular a solidariedade, a come\u00e7ar pela arrecada\u00e7\u00e3o de alimentos e produtos de higiene. A mobiliza\u00e7\u00e3o quer fortalecer ainda mais as muitas iniciativas solid\u00e1rias em todo o pa\u00eds, diante da pandemia da covid-19 Sens\u00edvel ao cen\u00e1rio de instabilidade da popula\u00e7\u00e3o, em especial das pessoas que est\u00e3o em situa\u00e7\u00e3o de vulnerabilidade social, a Confer\u00eancia Nacional dos Bispos do Brasil [&hellip;]<\/p>\n<ul class=\"ssb_list_wrapper\"><li class=\"fb2\" style=\"width:135px\"><iframe src=\"\/\/www.facebook.com\/plugins\/like.php?href=https%3A%2F%2Fwww.caritasne2.org.br%2Fsite%2Fcnbb-e-caritas-brasileira-lancam-acao-solidaria-emergencial-da-igreja-no-brasil%2F&amp;layout=button_count&amp;action=like&amp;show_faces=false&amp;share=true&amp;width=135&amp;height=21&amp;appId=307091639398582\" scrolling=\"no\" frameborder=\"0\" style=\"border:none; overflow:hidden;  width:150px; height:21px;\" allowTransparency=\"true\"><\/iframe><\/li><li class=\"twtr\" style=\"width:90px\"><a href=\"https:\/\/twitter.com\/share\" class=\"twitter-share-button\" data-url=\"https:\/\/www.caritasne2.org.br\/site\/cnbb-e-caritas-brasileira-lancam-acao-solidaria-emergencial-da-igreja-no-brasil\/\">&nbsp;<\/a><script>!function(d,s,id){var js,fjs=d.getElementsByTagName(s)[0],p=\/^http:\/.test(d.location)?'http':'https';if(!d.getElementById(id)){js=d.createElement(s);js.id=id;js.src=p+':\/\/platform.twitter.com\/widgets.js';fjs.parentNode.insertBefore(js,fjs);}}(document, 'script', 'twitter-wjs');<\/script><\/li><li class=\"gplus\" style=\"width:68px\"><div class=\"g-plusone\" data-size=\"medium\" data-href=\"https:\/\/www.caritasne2.org.br\/site\/cnbb-e-caritas-brasileira-lancam-acao-solidaria-emergencial-da-igreja-no-brasil\/\"><\/div><\/li><li class=\"ssb_linkedin\" style=\"width:64px\"><script src=\"\/\/platform.linkedin.com\/in.js\" type=\"text\/javascript\">lang: en_US<\/script><script type=\"IN\/Share\" data-url=\"https:\/\/www.caritasne2.org.br\/site\/cnbb-e-caritas-brasileira-lancam-acao-solidaria-emergencial-da-igreja-no-brasil\/\" data-counter=\"right\"><\/script><\/li><\/ul>","protected":false},"author":4,"featured_media":6779,"comment_status":"open","ping_status":"open","sticky":false,"template":"","format":"standard","meta":[],"categories":[21,20],"tags":[],"_links":{"self":[{"href":"https:\/\/www.caritasne2.org.br\/site\/wp-json\/wp\/v2\/posts\/6774"}],"collection":[{"href":"https:\/\/www.caritasne2.org.br\/site\/wp-json\/wp\/v2\/posts"}],"about":[{"href":"https:\/\/www.caritasne2.org.br\/site\/wp-json\/wp\/v2\/types\/post"}],"author":[{"embeddable":true,"href":"https:\/\/www.caritasne2.org.br\/site\/wp-json\/wp\/v2\/users\/4"}],"replies":[{"embeddable":true,"href":"https:\/\/www.caritasne2.org.br\/site\/wp-json\/wp\/v2\/comments?post=6774"}],"version-history":[{"count":0,"href":"https:\/\/www.caritasne2.org.br\/site\/wp-json\/wp\/v2\/posts\/6774\/revisions"}],"wp:featuredmedia":[{"embeddable":true,"href":"https:\/\/www.caritasne2.org.br\/site\/wp-json\/wp\/v2\/media\/6779"}],"wp:attachment":[{"href":"https:\/\/www.caritasne2.org.br\/site\/wp-json\/wp\/v2\/media?parent=6774"}],"wp:term":[{"taxonomy":"category","embeddable":true,"href":"https:\/\/www.caritasne2.org.br\/site\/wp-json\/wp\/v2\/categories?post=6774"},{"taxonomy":"post_tag","embeddable":true,"href":"https:\/\/www.caritasne2.org.br\/site\/wp-json\/wp\/v2\/tags?post=6774"}],"curies":[{"name":"wp","href":"https:\/\/api.w.org\/{rel}","templated":true}]}}