{"id":6757,"date":"2020-04-01T17:51:39","date_gmt":"2020-04-01T20:51:39","guid":{"rendered":"http:\/\/www.caritasne2.org.br\/?p=6757"},"modified":"2020-04-01T17:54:23","modified_gmt":"2020-04-01T20:54:23","slug":"caritas-brasileira-divulga-plano-de-contingencia-para-enfrentar-a-pandemia-de-coronavirus-no-brasil","status":"publish","type":"post","link":"https:\/\/www.caritasne2.org.br\/site\/caritas-brasileira-divulga-plano-de-contingencia-para-enfrentar-a-pandemia-de-coronavirus-no-brasil\/","title":{"rendered":"C\u00e1ritas Brasileira divulga Plano de Conting\u00eancia para enfrentar a pandemia de coronav\u00edrus no Brasil"},"content":{"rendered":"<p style=\"text-align: justify;\">Diante da grave crise sanit\u00e1ria que afeta grande parte dos pa\u00edses do mundo, e considerando as medidas das autoridades mundiais de sa\u00fade, diante da pandemia de coronav\u00edrus, a C\u00e1ritas Brasileira organizou um conjunto de orienta\u00e7\u00f5es e procedimentos a serem adotados por toda a Rede C\u00e1ritas para o enfrentamento \u00e0 pandemia de coronav\u00edrus no Brasil.<\/p>\n<p style=\"text-align: justify;\">Saiba mais sobre o Plano de Conting\u00eancia clicando\u00a0<a href=\"http:\/\/caritas.org.br\/storage\/arquivo-de-biblioteca\/April2020\/pOrgef8lZl4oHyHxK2rr.pdf\">AQUI<\/a><\/p>\n<p style=\"text-align: justify;\"><a href=\"http:\/\/www.caritasne2.org.br\/\" rel=\"attachment wp-att-6759\"><img decoding=\"async\" loading=\"lazy\" class=\"aligncenter wp-image-6759\" src=\"http:\/\/www.caritasne2.org.br\/wp-content\/uploads\/2020\/04\/Plano-Conting\u00eancia-Nacional-300x262.jpeg\" alt=\"\" width=\"363\" height=\"317\" \/><\/a><\/p>\n<ul class=\"ssb_list_wrapper\"><li class=\"fb2\" style=\"width:135px\"><iframe src=\"\/\/www.facebook.com\/plugins\/like.php?href=https%3A%2F%2Fwww.caritasne2.org.br%2Fsite%2Fcaritas-brasileira-divulga-plano-de-contingencia-para-enfrentar-a-pandemia-de-coronavirus-no-brasil%2F&amp;layout=button_count&amp;action=like&amp;show_faces=false&amp;share=true&amp;width=135&amp;height=21&amp;appId=307091639398582\" scrolling=\"no\" frameborder=\"0\" style=\"border:none; overflow:hidden;  width:150px; height:21px;\" allowTransparency=\"true\"><\/iframe><\/li><li class=\"twtr\" style=\"width:90px\"><a href=\"https:\/\/twitter.com\/share\" class=\"twitter-share-button\" data-url=\"https:\/\/www.caritasne2.org.br\/site\/caritas-brasileira-divulga-plano-de-contingencia-para-enfrentar-a-pandemia-de-coronavirus-no-brasil\/\">&nbsp;<\/a><script>!function(d,s,id){var js,fjs=d.getElementsByTagName(s)[0],p=\/^http:\/.test(d.location)?'http':'https';if(!d.getElementById(id)){js=d.createElement(s);js.id=id;js.src=p+':\/\/platform.twitter.com\/widgets.js';fjs.parentNode.insertBefore(js,fjs);}}(document, 'script', 'twitter-wjs');<\/script><\/li><li class=\"gplus\" style=\"width:68px\"><div class=\"g-plusone\" data-size=\"medium\" data-href=\"https:\/\/www.caritasne2.org.br\/site\/caritas-brasileira-divulga-plano-de-contingencia-para-enfrentar-a-pandemia-de-coronavirus-no-brasil\/\"><\/div><\/li><li class=\"ssb_linkedin\" style=\"width:64px\"><script src=\"\/\/platform.linkedin.com\/in.js\" type=\"text\/javascript\">lang: en_US<\/script><script type=\"IN\/Share\" data-url=\"https:\/\/www.caritasne2.org.br\/site\/caritas-brasileira-divulga-plano-de-contingencia-para-enfrentar-a-pandemia-de-coronavirus-no-brasil\/\" data-counter=\"right\"><\/script><\/li><\/ul>","protected":false},"excerpt":{"rendered":"<p>Diante da grave crise sanit\u00e1ria que afeta grande parte dos pa\u00edses do mundo, e considerando as medidas das autoridades mundiais de sa\u00fade, diante da pandemia de coronav\u00edrus, a C\u00e1ritas Brasileira organizou um conjunto de orienta\u00e7\u00f5es e procedimentos a serem adotados por toda a Rede C\u00e1ritas para o enfrentamento \u00e0 pandemia de coronav\u00edrus no Brasil. Saiba mais sobre o Plano de Conting\u00eancia clicando\u00a0AQUI &nbsp;<\/p>\n<ul class=\"ssb_list_wrapper\"><li class=\"fb2\" style=\"width:135px\"><iframe src=\"\/\/www.facebook.com\/plugins\/like.php?href=https%3A%2F%2Fwww.caritasne2.org.br%2Fsite%2Fcaritas-brasileira-divulga-plano-de-contingencia-para-enfrentar-a-pandemia-de-coronavirus-no-brasil%2F&amp;layout=button_count&amp;action=like&amp;show_faces=false&amp;share=true&amp;width=135&amp;height=21&amp;appId=307091639398582\" scrolling=\"no\" frameborder=\"0\" style=\"border:none; overflow:hidden;  width:150px; height:21px;\" allowTransparency=\"true\"><\/iframe><\/li><li class=\"twtr\" style=\"width:90px\"><a href=\"https:\/\/twitter.com\/share\" class=\"twitter-share-button\" data-url=\"https:\/\/www.caritasne2.org.br\/site\/caritas-brasileira-divulga-plano-de-contingencia-para-enfrentar-a-pandemia-de-coronavirus-no-brasil\/\">&nbsp;<\/a><script>!function(d,s,id){var js,fjs=d.getElementsByTagName(s)[0],p=\/^http:\/.test(d.location)?'http':'https';if(!d.getElementById(id)){js=d.createElement(s);js.id=id;js.src=p+':\/\/platform.twitter.com\/widgets.js';fjs.parentNode.insertBefore(js,fjs);}}(document, 'script', 'twitter-wjs');<\/script><\/li><li class=\"gplus\" style=\"width:68px\"><div class=\"g-plusone\" data-size=\"medium\" data-href=\"https:\/\/www.caritasne2.org.br\/site\/caritas-brasileira-divulga-plano-de-contingencia-para-enfrentar-a-pandemia-de-coronavirus-no-brasil\/\"><\/div><\/li><li class=\"ssb_linkedin\" style=\"width:64px\"><script src=\"\/\/platform.linkedin.com\/in.js\" type=\"text\/javascript\">lang: en_US<\/script><script type=\"IN\/Share\" data-url=\"https:\/\/www.caritasne2.org.br\/site\/caritas-brasileira-divulga-plano-de-contingencia-para-enfrentar-a-pandemia-de-coronavirus-no-brasil\/\" data-counter=\"right\"><\/script><\/li><\/ul>","protected":false},"author":4,"featured_media":0,"comment_status":"open","ping_status":"open","sticky":false,"template":"","format":"standard","meta":[],"categories":[20],"tags":[],"_links":{"self":[{"href":"https:\/\/www.caritasne2.org.br\/site\/wp-json\/wp\/v2\/posts\/6757"}],"collection":[{"href":"https:\/\/www.caritasne2.org.br\/site\/wp-json\/wp\/v2\/posts"}],"about":[{"href":"https:\/\/www.caritasne2.org.br\/site\/wp-json\/wp\/v2\/types\/post"}],"author":[{"embeddable":true,"href":"https:\/\/www.caritasne2.org.br\/site\/wp-json\/wp\/v2\/users\/4"}],"replies":[{"embeddable":true,"href":"https:\/\/www.caritasne2.org.br\/site\/wp-json\/wp\/v2\/comments?post=6757"}],"version-history":[{"count":0,"href":"https:\/\/www.caritasne2.org.br\/site\/wp-json\/wp\/v2\/posts\/6757\/revisions"}],"wp:attachment":[{"href":"https:\/\/www.caritasne2.org.br\/site\/wp-json\/wp\/v2\/media?parent=6757"}],"wp:term":[{"taxonomy":"category","embeddable":true,"href":"https:\/\/www.caritasne2.org.br\/site\/wp-json\/wp\/v2\/categories?post=6757"},{"taxonomy":"post_tag","embeddable":true,"href":"https:\/\/www.caritasne2.org.br\/site\/wp-json\/wp\/v2\/tags?post=6757"}],"curies":[{"name":"wp","href":"https:\/\/api.w.org\/{rel}","templated":true}]}}