{"id":6742,"date":"2020-03-30T14:40:01","date_gmt":"2020-03-30T17:40:01","guid":{"rendered":"http:\/\/www.caritasne2.org.br\/?p=6742"},"modified":"2020-04-09T16:21:56","modified_gmt":"2020-04-09T19:21:56","slug":"diante-do-compromisso-de-cuidar-da-vida-e-organizar-a-caridade-a-caritas-brasileira-divulga-nota-publica-com-orientacoes-e-posicionamentos-relacionados-a-covid-19","status":"publish","type":"post","link":"https:\/\/www.caritasne2.org.br\/site\/diante-do-compromisso-de-cuidar-da-vida-e-organizar-a-caridade-a-caritas-brasileira-divulga-nota-publica-com-orientacoes-e-posicionamentos-relacionados-a-covid-19\/","title":{"rendered":"Diante do compromisso de cuidar da vida e organizar a caridade, a C\u00e1ritas Brasileira divulga nota p\u00fablica com orienta\u00e7\u00f5es e posicionamentos relacionados \u00e0 COVID-19"},"content":{"rendered":"<p style=\"text-align: right;\"><em>Para quem vive o mandamento do amor C\u00e1ritas,\u00a0<\/em><\/p>\n<p style=\"text-align: right;\"><em>sempre \u00e9 tempo de cuidar. (Texto-Base CF 2020 &#8211; n\u00ba 122)<\/em><\/p>\n<p>&nbsp;<\/p>\n<p style=\"text-align: justify;\">Neste tempo de incertezas, diante do apelo mundial de ficar em casa e cuidar-se, n\u00f3s, C\u00e1ritas Brasileira, queremos trazer uma palavra de esperan\u00e7a e de solidariedade. Todas as pessoas est\u00e3o em risco, mas n\u00e3o podemos esquecer que, antes da pandemia, muitos irm\u00e3os e irm\u00e3s j\u00e1 se encontravam em situa\u00e7\u00e3o de extrema vulnerabilidade social. Falamos de migrantes e refugiados em todas as partes do mundo, de modo particular, aquelas pessoas que est\u00e3o chegando no Brasil. Estamos falando das popula\u00e7\u00f5es em situa\u00e7\u00e3o de rua para quem o apelo \u201cfique em casa\u201d pode at\u00e9 parecer um insulto. Estamos falando de catadores e catadoras que j\u00e1 vivem em situa\u00e7\u00e3o degradante h\u00e1 tempos. S\u00e3o milhares de pessoas e, mesmo assim, invis\u00edveis. S\u00e3o seres humanos que, para o sistema econ\u00f4mico capitalismo neoliberal, n\u00e3o contam.<\/p>\n<p style=\"text-align: justify;\">N\u00e3o podemos nos calar perante a irresponsabilidade de agentes p\u00fablicos, do Governo Federal, de empres\u00e1rios e de formadores de opini\u00e3o que minimizam a pandemia por estarem mais preocupados com seus lucros e seu poder do que com a vida das pessoas. N\u00e3o podemos compactuar com leituras fundamentalistas da Palavra de Deus que interpretam os fatos como castigo divino. \u00c9 preciso ter consci\u00eancia cr\u00edtica e voltar a aten\u00e7\u00e3o para o que diz a ci\u00eancia, a partir dos sinais que o planeta Terra j\u00e1 expressa: aquecimento global, mudan\u00e7as clim\u00e1ticas, desertifica\u00e7\u00e3o, varia\u00e7\u00f5es nos ciclos das \u00e1guas&#8230; S\u00e3o desequil\u00edbrios que causam v\u00e1rias consequ\u00eancias na vida.<\/p>\n<p style=\"text-align: justify;\">Neste momento, \u00e9 fundamental n\u00e3o entrar em p\u00e2nico, n\u00e3o ceder \u00e0 tenta\u00e7\u00e3o do des\u00e2nimo e da desesperan\u00e7a. Mais do que nunca, a Rede C\u00e1ritas e a sociedade brasileira s\u00e3o chamadas a praticar a solidariedade transformadora, que esclarece, acolhe, conforta e caminha junto com os mais vulner\u00e1veis e empobrecidos. N\u00e3o se trata apenas de ficar em casa, mas ser presen\u00e7a segura e solid\u00e1ria junto a quem mais necessita, cuidando do corpo, da sa\u00fade mental e do equil\u00edbrio espiritual. Sairemos dessa situa\u00e7\u00e3o mais fortes e conscientes. Em sua mensagem, o Presidente da C\u00e1ritas Internacional, Cardeal Tagle diz o seguinte: \u201cDe uma emerg\u00eancia que atinge todas as pessoas (pandemia) esperamos ver uma emerg\u00eancia pand\u00eamica de cura, compaix\u00e3o e amor. Uma crise de emerg\u00eancia que surge inesperadamente s\u00f3 pode ser enfrentada com uma id\u00eantica \u2018erup\u00e7\u00e3o\u2019 de esperan\u00e7a. A difus\u00e3o pand\u00eamica de um v\u00edrus deve produzir um \u2018cont\u00e1gio\u2019 pand\u00eamico de caridade\u201d.<\/p>\n<p style=\"text-align: justify;\">Precisamos reinventar, usar criatividade, aprender de experi\u00eancias que j\u00e1 est\u00e3o sendo feitas, formar uma corrente de solidariedade em que a informa\u00e7\u00e3o correta seja um dos rem\u00e9dios mais eficazes. Para isso, incentivamos:<\/p>\n<p style=\"text-align: justify;\">EM RELA\u00c7\u00c3O \u00c0 REDE C\u00c1RITAS<\/p>\n<ul style=\"text-align: justify;\">\n<li>Ado\u00e7\u00e3o de medidas de seguran\u00e7a e prote\u00e7\u00e3o, evitando viagens, reuni\u00f5es de massa, aplicando os protocolos e normas das entidades de sa\u00fade e da Organiza\u00e7\u00e3o Mundial de Sa\u00fade.<\/li>\n<li>Oferecer orienta\u00e7\u00f5es de seguran\u00e7a para agentes liberados e volunt\u00e1rios, especialmente para quem trabalha no campo com migrantes, catadores e popula\u00e7\u00e3o de rua.<\/li>\n<li>Identifica\u00e7\u00e3o r\u00e1pida das emerg\u00eancias e busca de a\u00e7\u00f5es integradas com as entidades e organiza\u00e7\u00f5es parceiras.<\/li>\n<li>Criar grupos de reflex\u00e3o, de di\u00e1logo, trocas de informa\u00e7\u00e3o e solidariedade, por meio das plataformas digitais.<\/li>\n<li>Criar um canal de di\u00e1logo com a imprensa, especialmente, as redes cat\u00f3licas para promover a unidade e fortalecer os cuidados.<\/li>\n<li>Oferecer roteiros de celebra\u00e7\u00f5es em fam\u00edlia e momentos orantes que animem a esperan\u00e7a e o compromisso na defesa da vida.<\/li>\n<\/ul>\n<p style=\"text-align: justify;\">EM RELA\u00c7\u00c3O AO PODER P\u00daBLICO<\/p>\n<ul style=\"text-align: justify;\">\n<li>Pressionar governos municipais e estaduais, atrav\u00e9s de mo\u00e7\u00f5es e abaixo assinados virtuais, a adotarem medidas emergenciais para o atendimento da popula\u00e7\u00e3o que for contaminada.<\/li>\n<li>Monitorar os servi\u00e7os ofertados pela gest\u00e3o municipal e estadual, com participa\u00e7\u00e3o cidad\u00e3 respons\u00e1vel.<\/li>\n<li>Pressionar os poderes executivo, legislativo e judici\u00e1rio para adotarem medidas de prote\u00e7\u00e3o dos direitos trabalhistas frente \u00e0 crise econ\u00f4mica que se instaura; e a incid\u00eancia na renda b\u00e1sica de emerg\u00eancia para quem n\u00e3o tem sal\u00e1rio garantido, contemplando trabalhadores informais, cuidadoras e dom\u00e9sticas.<\/li>\n<li>Exigir que o Poder Executivo Federal a libera\u00e7\u00e3o imediata dos recursos contingenciados para a Assist\u00eancia Social; e a imediata revoga\u00e7\u00e3o da PEC 95, que criou o teto de investimentos em pol\u00edticas p\u00fablicas.<\/li>\n<\/ul>\n<p style=\"text-align: justify;\">EM RELA\u00c7\u00c3O \u00c0S POPULA\u00c7\u00d5ES MAIS VULNER\u00c1VEIS<\/p>\n<ul style=\"text-align: justify;\">\n<li>Di\u00e1logo e a\u00e7\u00e3o solid\u00e1ria com o Movimento de Popula\u00e7\u00e3o em Situa\u00e7\u00e3o de Rua, com aten\u00e7\u00e3o aos migrantes.<\/li>\n<li>Sensibiliza\u00e7\u00e3o permanente da popula\u00e7\u00e3o sobre os cuidados com a sa\u00fade e as poss\u00edveis a\u00e7\u00f5es solid\u00e1rias.<\/li>\n<li>Manter di\u00e1logo permanente com profissionais da sa\u00fade e contribuir no cuidado das popula\u00e7\u00f5es mais vulner\u00e1veis.<\/li>\n<li>Apoiar campanhas de doa\u00e7\u00e3o de alimentos n\u00e3o perec\u00edveis e itens de higiene pessoal, respeitando as orienta\u00e7\u00f5es de cuidados dos \u00f3rg\u00e3os p\u00fablicos de sa\u00fade.<\/li>\n<li>Dar a orienta\u00e7\u00e3o e o suporte necess\u00e1rio a pessoas e a grupos que saem \u00e0s ruas para doar alimentos, \u00e1lcool em gel, m\u00e1scaras e roupas.<\/li>\n<\/ul>\n<p style=\"text-align: justify;\">Como disc\u00edpulas e disc\u00edpulos mission\u00e1rios de Cristo, possamos produzir frutos na caridade, para a vida do mundo. E que a M\u00e3e Aparecida nos ajude a caminhar sempre na esperan\u00e7a da liberta\u00e7\u00e3o.<\/p>\n<p style=\"text-align: right;\">Bras\u00edlia, 30 de mar\u00e7o de 2020<\/p>\n<p style=\"text-align: right;\">Presid\u00eancia da C\u00e1ritas Brasileira<\/p>\n<p style=\"text-align: center;\"><a href=\"http:\/\/www.caritasne2.org.br\/whatsapp-image-2020-04-08-at-15-05-23\/\"><img decoding=\"async\" loading=\"lazy\" class=\"aligncenter size-medium wp-image-6772\" src=\"http:\/\/www.caritasne2.org.br\/wp-content\/uploads\/2020\/04\/WhatsApp-Image-2020-04-08-at-15.05.23-300x298.jpeg\" alt=\"\" width=\"300\" height=\"298\" \/><\/a><\/p>\n<ul class=\"ssb_list_wrapper\"><li class=\"fb2\" style=\"width:135px\"><iframe src=\"\/\/www.facebook.com\/plugins\/like.php?href=https%3A%2F%2Fwww.caritasne2.org.br%2Fsite%2Fdiante-do-compromisso-de-cuidar-da-vida-e-organizar-a-caridade-a-caritas-brasileira-divulga-nota-publica-com-orientacoes-e-posicionamentos-relacionados-a-covid-19%2F&amp;layout=button_count&amp;action=like&amp;show_faces=false&amp;share=true&amp;width=135&amp;height=21&amp;appId=307091639398582\" scrolling=\"no\" frameborder=\"0\" style=\"border:none; overflow:hidden;  width:150px; height:21px;\" allowTransparency=\"true\"><\/iframe><\/li><li class=\"twtr\" style=\"width:90px\"><a href=\"https:\/\/twitter.com\/share\" class=\"twitter-share-button\" data-url=\"https:\/\/www.caritasne2.org.br\/site\/diante-do-compromisso-de-cuidar-da-vida-e-organizar-a-caridade-a-caritas-brasileira-divulga-nota-publica-com-orientacoes-e-posicionamentos-relacionados-a-covid-19\/\">&nbsp;<\/a><script>!function(d,s,id){var js,fjs=d.getElementsByTagName(s)[0],p=\/^http:\/.test(d.location)?'http':'https';if(!d.getElementById(id)){js=d.createElement(s);js.id=id;js.src=p+':\/\/platform.twitter.com\/widgets.js';fjs.parentNode.insertBefore(js,fjs);}}(document, 'script', 'twitter-wjs');<\/script><\/li><li class=\"gplus\" style=\"width:68px\"><div class=\"g-plusone\" data-size=\"medium\" data-href=\"https:\/\/www.caritasne2.org.br\/site\/diante-do-compromisso-de-cuidar-da-vida-e-organizar-a-caridade-a-caritas-brasileira-divulga-nota-publica-com-orientacoes-e-posicionamentos-relacionados-a-covid-19\/\"><\/div><\/li><li class=\"ssb_linkedin\" style=\"width:64px\"><script src=\"\/\/platform.linkedin.com\/in.js\" type=\"text\/javascript\">lang: en_US<\/script><script type=\"IN\/Share\" data-url=\"https:\/\/www.caritasne2.org.br\/site\/diante-do-compromisso-de-cuidar-da-vida-e-organizar-a-caridade-a-caritas-brasileira-divulga-nota-publica-com-orientacoes-e-posicionamentos-relacionados-a-covid-19\/\" data-counter=\"right\"><\/script><\/li><\/ul>","protected":false},"excerpt":{"rendered":"<p>Para quem vive o mandamento do amor C\u00e1ritas,\u00a0 sempre \u00e9 tempo de cuidar. (Texto-Base CF 2020 &#8211; n\u00ba 122) &nbsp; Neste tempo de incertezas, diante do apelo mundial de ficar em casa e cuidar-se, n\u00f3s, C\u00e1ritas Brasileira, queremos trazer uma palavra de esperan\u00e7a e de solidariedade. Todas as pessoas est\u00e3o em risco, mas n\u00e3o podemos esquecer que, antes da pandemia, muitos irm\u00e3os e irm\u00e3s j\u00e1 [&hellip;]<\/p>\n<ul class=\"ssb_list_wrapper\"><li class=\"fb2\" style=\"width:135px\"><iframe src=\"\/\/www.facebook.com\/plugins\/like.php?href=https%3A%2F%2Fwww.caritasne2.org.br%2Fsite%2Fdiante-do-compromisso-de-cuidar-da-vida-e-organizar-a-caridade-a-caritas-brasileira-divulga-nota-publica-com-orientacoes-e-posicionamentos-relacionados-a-covid-19%2F&amp;layout=button_count&amp;action=like&amp;show_faces=false&amp;share=true&amp;width=135&amp;height=21&amp;appId=307091639398582\" scrolling=\"no\" frameborder=\"0\" style=\"border:none; overflow:hidden;  width:150px; height:21px;\" allowTransparency=\"true\"><\/iframe><\/li><li class=\"twtr\" style=\"width:90px\"><a href=\"https:\/\/twitter.com\/share\" class=\"twitter-share-button\" data-url=\"https:\/\/www.caritasne2.org.br\/site\/diante-do-compromisso-de-cuidar-da-vida-e-organizar-a-caridade-a-caritas-brasileira-divulga-nota-publica-com-orientacoes-e-posicionamentos-relacionados-a-covid-19\/\">&nbsp;<\/a><script>!function(d,s,id){var js,fjs=d.getElementsByTagName(s)[0],p=\/^http:\/.test(d.location)?'http':'https';if(!d.getElementById(id)){js=d.createElement(s);js.id=id;js.src=p+':\/\/platform.twitter.com\/widgets.js';fjs.parentNode.insertBefore(js,fjs);}}(document, 'script', 'twitter-wjs');<\/script><\/li><li class=\"gplus\" style=\"width:68px\"><div class=\"g-plusone\" data-size=\"medium\" data-href=\"https:\/\/www.caritasne2.org.br\/site\/diante-do-compromisso-de-cuidar-da-vida-e-organizar-a-caridade-a-caritas-brasileira-divulga-nota-publica-com-orientacoes-e-posicionamentos-relacionados-a-covid-19\/\"><\/div><\/li><li class=\"ssb_linkedin\" style=\"width:64px\"><script src=\"\/\/platform.linkedin.com\/in.js\" type=\"text\/javascript\">lang: en_US<\/script><script type=\"IN\/Share\" data-url=\"https:\/\/www.caritasne2.org.br\/site\/diante-do-compromisso-de-cuidar-da-vida-e-organizar-a-caridade-a-caritas-brasileira-divulga-nota-publica-com-orientacoes-e-posicionamentos-relacionados-a-covid-19\/\" data-counter=\"right\"><\/script><\/li><\/ul>","protected":false},"author":4,"featured_media":0,"comment_status":"open","ping_status":"open","sticky":false,"template":"","format":"standard","meta":[],"categories":[20],"tags":[],"_links":{"self":[{"href":"https:\/\/www.caritasne2.org.br\/site\/wp-json\/wp\/v2\/posts\/6742"}],"collection":[{"href":"https:\/\/www.caritasne2.org.br\/site\/wp-json\/wp\/v2\/posts"}],"about":[{"href":"https:\/\/www.caritasne2.org.br\/site\/wp-json\/wp\/v2\/types\/post"}],"author":[{"embeddable":true,"href":"https:\/\/www.caritasne2.org.br\/site\/wp-json\/wp\/v2\/users\/4"}],"replies":[{"embeddable":true,"href":"https:\/\/www.caritasne2.org.br\/site\/wp-json\/wp\/v2\/comments?post=6742"}],"version-history":[{"count":0,"href":"https:\/\/www.caritasne2.org.br\/site\/wp-json\/wp\/v2\/posts\/6742\/revisions"}],"wp:attachment":[{"href":"https:\/\/www.caritasne2.org.br\/site\/wp-json\/wp\/v2\/media?parent=6742"}],"wp:term":[{"taxonomy":"category","embeddable":true,"href":"https:\/\/www.caritasne2.org.br\/site\/wp-json\/wp\/v2\/categories?post=6742"},{"taxonomy":"post_tag","embeddable":true,"href":"https:\/\/www.caritasne2.org.br\/site\/wp-json\/wp\/v2\/tags?post=6742"}],"curies":[{"name":"wp","href":"https:\/\/api.w.org\/{rel}","templated":true}]}}