{"id":6733,"date":"2020-03-27T17:48:57","date_gmt":"2020-03-27T20:48:57","guid":{"rendered":"http:\/\/www.caritasne2.org.br\/?p=6733"},"modified":"2020-03-27T17:48:57","modified_gmt":"2020-03-27T20:48:57","slug":"migrantes-venezuelanos-recebem-doacao-de-alimentos-e-produtos-de-higiene","status":"publish","type":"post","link":"https:\/\/www.caritasne2.org.br\/site\/migrantes-venezuelanos-recebem-doacao-de-alimentos-e-produtos-de-higiene\/","title":{"rendered":"Migrantes venezuelanos recebem doa\u00e7\u00e3o de alimentos e  produtos de higiene"},"content":{"rendered":"<p style=\"text-align: justify;\">O distanciamento social em fun\u00e7\u00e3o a pandemia do Coronav\u00edrus COVID-19, afastou fisicamente as pessoas, mas, aproximou o olhar, e o cora\u00e7\u00e3o pelos que est\u00e3o em situa\u00e7\u00e3o de vulnerabilidade e exclus\u00e3o social, como \u00e9 o caso dos nossos irm\u00e3os migrantes.<\/p>\n<p style=\"text-align: justify;\">Nesta sexta-feira,27, a C\u00e1ritas Brasileira Regional Nordeste 2, na pessoa do agente C\u00e1ritas e educador social do Programa de Migra\u00e7\u00e3o e Ref\u00fagio, Davi Ramos, realizou entrega de doa\u00e7\u00f5es de cestas b\u00e1sicas e kits de higiene para algumas fam\u00edlias de migrantes venezuelanos,e representantes da etnia Warao, que residem nas proximidades do Centro do Recife.<\/p>\n<p style=\"text-align: justify;\">Desde 2018 em Recife, o venezuelano Lary reside em um casa com mais oito pessoas que trabalham na constru\u00e7\u00e3o civil, que neste momento todos \u00a0est\u00e3o desempregados, e com dificuldades para aquisi\u00e7\u00e3o de alimentos e outras necessidades.A doa\u00e7\u00e3o para esta fam\u00edlia ocorreu a partir das articula\u00e7\u00f5es que a C\u00e1ritas Brasileira realizou atrav\u00e9s da Opera\u00e7\u00e3o Acolhida, com a Marinha do Brasil e Minist\u00e9rio da Cidadania, para o Programa de Interioriza\u00e7\u00e3o das fam\u00edlias venezuelanas no Brasil.<\/p>\n<p style=\"text-align: justify;\">Ontem \u00a0tamb\u00e9m realizamos \u00a0uma \u00a0doa\u00e7\u00e3o de 20 cestas b\u00e1sicas \u00a0para os ind\u00edgenas waraos que\u00a0 diariamente est\u00e3o nas ruas do Recife. A doa\u00e7\u00e3o foi feita para as Irm\u00e3s da Gl\u00f3ria, no Convento da Gl\u00f3ria, localizado no centro do Recife que\u00a0 tamb\u00e9m tem feito um trabalho exemplar com moradores de rua e os \u00edndios waraos.<\/p>\n<p style=\"text-align: justify;\">Para David Ramos, atitudes e gestos como esses fazem toda a diferen\u00e7a na vida das pessoas. \u201cEsperamos que atitudes como essas se multiplique, pois, nas pr\u00f3ximas semanas teremos outras fam\u00edlias com necessidades de alimenta\u00e7\u00e3o. S\u00e3o pessoas que antes estavam comercializando alguns produtos, ou que trabalhava na constru\u00e7\u00e3o civil e com o surgimento da \u00a0pandemia eles \u00a0n\u00e3o tem como trabalhar, por isso, precisamos nos unir e partilhar. Cada um com o que puder\u201d, declara.<\/p>\n<p style=\"text-align: justify;\">Interessados em realizar doa\u00e7\u00f5es elas podem ser feitas diretamente no Convento da Gl\u00f3ria, localizado na \u00a0Rua da Gl\u00f3ria, 375, bairro Boa Vista-Recife, das 8h \u00e0s 12h , e das 14h \u00e0s 16h. Para mais informa\u00e7\u00f5es a C\u00e1ritas Brasileira Regional Nordeste 2, disponibiliza o telefone (81) 9.8143-3295, ou atrav\u00e9s do email <a href=\"mailto:casadedireitos.pe@caritas.org.br\">casadedireitos.pe@caritas.org.br<\/a>.<\/p>\n<p>&nbsp;<\/p>\n<div id='gallery-1' class='gallery galleryid-6733 gallery-columns-3 gallery-size-medium'><figure class='gallery-item'>\n\t\t\t<div class='gallery-icon portrait'>\n\t\t\t\t<img width=\"169\" height=\"300\" src=\"https:\/\/www.caritasne2.org.br\/site\/wp-content\/uploads\/2020\/03\/3-5-169x300.jpg\" class=\"attachment-medium size-medium\" alt=\"\" decoding=\"async\" loading=\"lazy\" srcset=\"https:\/\/www.caritasne2.org.br\/site\/wp-content\/uploads\/2020\/03\/3-5-169x300.jpg 169w, https:\/\/www.caritasne2.org.br\/site\/wp-content\/uploads\/2020\/03\/3-5-576x1024.jpg 576w, https:\/\/www.caritasne2.org.br\/site\/wp-content\/uploads\/2020\/03\/3-5.jpg 720w\" sizes=\"(max-width: 169px) 100vw, 169px\" \/>\n\t\t\t<\/div><\/figure><figure class='gallery-item'>\n\t\t\t<div class='gallery-icon portrait'>\n\t\t\t\t<img width=\"169\" height=\"300\" src=\"https:\/\/www.caritasne2.org.br\/site\/wp-content\/uploads\/2020\/03\/2-4-169x300.jpg\" class=\"attachment-medium size-medium\" alt=\"\" decoding=\"async\" loading=\"lazy\" srcset=\"https:\/\/www.caritasne2.org.br\/site\/wp-content\/uploads\/2020\/03\/2-4-169x300.jpg 169w, https:\/\/www.caritasne2.org.br\/site\/wp-content\/uploads\/2020\/03\/2-4-576x1024.jpg 576w, https:\/\/www.caritasne2.org.br\/site\/wp-content\/uploads\/2020\/03\/2-4.jpg 720w\" sizes=\"(max-width: 169px) 100vw, 169px\" \/>\n\t\t\t<\/div><\/figure><figure class='gallery-item'>\n\t\t\t<div class='gallery-icon portrait'>\n\t\t\t\t<img width=\"169\" height=\"300\" src=\"https:\/\/www.caritasne2.org.br\/site\/wp-content\/uploads\/2020\/03\/1-4-169x300.jpg\" class=\"attachment-medium size-medium\" alt=\"\" decoding=\"async\" loading=\"lazy\" srcset=\"https:\/\/www.caritasne2.org.br\/site\/wp-content\/uploads\/2020\/03\/1-4-169x300.jpg 169w, https:\/\/www.caritasne2.org.br\/site\/wp-content\/uploads\/2020\/03\/1-4-576x1024.jpg 576w, https:\/\/www.caritasne2.org.br\/site\/wp-content\/uploads\/2020\/03\/1-4.jpg 720w\" sizes=\"(max-width: 169px) 100vw, 169px\" \/>\n\t\t\t<\/div><\/figure>\n\t\t<\/div>\n\n<ul class=\"ssb_list_wrapper\"><li class=\"fb2\" style=\"width:135px\"><iframe src=\"\/\/www.facebook.com\/plugins\/like.php?href=https%3A%2F%2Fwww.caritasne2.org.br%2Fsite%2Fmigrantes-venezuelanos-recebem-doacao-de-alimentos-e-produtos-de-higiene%2F&amp;layout=button_count&amp;action=like&amp;show_faces=false&amp;share=true&amp;width=135&amp;height=21&amp;appId=307091639398582\" scrolling=\"no\" frameborder=\"0\" style=\"border:none; overflow:hidden;  width:150px; height:21px;\" allowTransparency=\"true\"><\/iframe><\/li><li class=\"twtr\" style=\"width:90px\"><a href=\"https:\/\/twitter.com\/share\" class=\"twitter-share-button\" data-url=\"https:\/\/www.caritasne2.org.br\/site\/migrantes-venezuelanos-recebem-doacao-de-alimentos-e-produtos-de-higiene\/\">&nbsp;<\/a><script>!function(d,s,id){var js,fjs=d.getElementsByTagName(s)[0],p=\/^http:\/.test(d.location)?'http':'https';if(!d.getElementById(id)){js=d.createElement(s);js.id=id;js.src=p+':\/\/platform.twitter.com\/widgets.js';fjs.parentNode.insertBefore(js,fjs);}}(document, 'script', 'twitter-wjs');<\/script><\/li><li class=\"gplus\" style=\"width:68px\"><div class=\"g-plusone\" data-size=\"medium\" data-href=\"https:\/\/www.caritasne2.org.br\/site\/migrantes-venezuelanos-recebem-doacao-de-alimentos-e-produtos-de-higiene\/\"><\/div><\/li><li class=\"ssb_linkedin\" style=\"width:64px\"><script src=\"\/\/platform.linkedin.com\/in.js\" type=\"text\/javascript\">lang: en_US<\/script><script type=\"IN\/Share\" data-url=\"https:\/\/www.caritasne2.org.br\/site\/migrantes-venezuelanos-recebem-doacao-de-alimentos-e-produtos-de-higiene\/\" data-counter=\"right\"><\/script><\/li><\/ul>","protected":false},"excerpt":{"rendered":"<p>O distanciamento social em fun\u00e7\u00e3o a pandemia do Coronav\u00edrus COVID-19, afastou fisicamente as pessoas, mas, aproximou o olhar, e o cora\u00e7\u00e3o pelos que est\u00e3o em situa\u00e7\u00e3o de vulnerabilidade e exclus\u00e3o social, como \u00e9 o caso dos nossos irm\u00e3os migrantes. Nesta sexta-feira,27, a C\u00e1ritas Brasileira Regional Nordeste 2, na pessoa do agente C\u00e1ritas e educador social do Programa de Migra\u00e7\u00e3o e Ref\u00fagio, Davi Ramos, realizou entrega [&hellip;]<\/p>\n<ul class=\"ssb_list_wrapper\"><li class=\"fb2\" style=\"width:135px\"><iframe src=\"\/\/www.facebook.com\/plugins\/like.php?href=https%3A%2F%2Fwww.caritasne2.org.br%2Fsite%2Fmigrantes-venezuelanos-recebem-doacao-de-alimentos-e-produtos-de-higiene%2F&amp;layout=button_count&amp;action=like&amp;show_faces=false&amp;share=true&amp;width=135&amp;height=21&amp;appId=307091639398582\" scrolling=\"no\" frameborder=\"0\" style=\"border:none; overflow:hidden;  width:150px; height:21px;\" allowTransparency=\"true\"><\/iframe><\/li><li class=\"twtr\" style=\"width:90px\"><a href=\"https:\/\/twitter.com\/share\" class=\"twitter-share-button\" data-url=\"https:\/\/www.caritasne2.org.br\/site\/migrantes-venezuelanos-recebem-doacao-de-alimentos-e-produtos-de-higiene\/\">&nbsp;<\/a><script>!function(d,s,id){var js,fjs=d.getElementsByTagName(s)[0],p=\/^http:\/.test(d.location)?'http':'https';if(!d.getElementById(id)){js=d.createElement(s);js.id=id;js.src=p+':\/\/platform.twitter.com\/widgets.js';fjs.parentNode.insertBefore(js,fjs);}}(document, 'script', 'twitter-wjs');<\/script><\/li><li class=\"gplus\" style=\"width:68px\"><div class=\"g-plusone\" data-size=\"medium\" data-href=\"https:\/\/www.caritasne2.org.br\/site\/migrantes-venezuelanos-recebem-doacao-de-alimentos-e-produtos-de-higiene\/\"><\/div><\/li><li class=\"ssb_linkedin\" style=\"width:64px\"><script src=\"\/\/platform.linkedin.com\/in.js\" type=\"text\/javascript\">lang: en_US<\/script><script type=\"IN\/Share\" data-url=\"https:\/\/www.caritasne2.org.br\/site\/migrantes-venezuelanos-recebem-doacao-de-alimentos-e-produtos-de-higiene\/\" data-counter=\"right\"><\/script><\/li><\/ul>","protected":false},"author":4,"featured_media":0,"comment_status":"open","ping_status":"open","sticky":false,"template":"","format":"standard","meta":[],"categories":[20],"tags":[],"_links":{"self":[{"href":"https:\/\/www.caritasne2.org.br\/site\/wp-json\/wp\/v2\/posts\/6733"}],"collection":[{"href":"https:\/\/www.caritasne2.org.br\/site\/wp-json\/wp\/v2\/posts"}],"about":[{"href":"https:\/\/www.caritasne2.org.br\/site\/wp-json\/wp\/v2\/types\/post"}],"author":[{"embeddable":true,"href":"https:\/\/www.caritasne2.org.br\/site\/wp-json\/wp\/v2\/users\/4"}],"replies":[{"embeddable":true,"href":"https:\/\/www.caritasne2.org.br\/site\/wp-json\/wp\/v2\/comments?post=6733"}],"version-history":[{"count":0,"href":"https:\/\/www.caritasne2.org.br\/site\/wp-json\/wp\/v2\/posts\/6733\/revisions"}],"wp:attachment":[{"href":"https:\/\/www.caritasne2.org.br\/site\/wp-json\/wp\/v2\/media?parent=6733"}],"wp:term":[{"taxonomy":"category","embeddable":true,"href":"https:\/\/www.caritasne2.org.br\/site\/wp-json\/wp\/v2\/categories?post=6733"},{"taxonomy":"post_tag","embeddable":true,"href":"https:\/\/www.caritasne2.org.br\/site\/wp-json\/wp\/v2\/tags?post=6733"}],"curies":[{"name":"wp","href":"https:\/\/api.w.org\/{rel}","templated":true}]}}