{"id":6704,"date":"2020-03-24T11:15:43","date_gmt":"2020-03-24T14:15:43","guid":{"rendered":"http:\/\/www.caritasne2.org.br\/?p=6704"},"modified":"2020-03-24T11:15:43","modified_gmt":"2020-03-24T14:15:43","slug":"comunicado-do-processo-de-selecao-simplificada-modalidade-selecao-de-curriculo","status":"publish","type":"post","link":"https:\/\/www.caritasne2.org.br\/site\/comunicado-do-processo-de-selecao-simplificada-modalidade-selecao-de-curriculo\/","title":{"rendered":"Comunicado do Processo de Sele\u00e7\u00e3o Simplificada Modalidade Sele\u00e7\u00e3o de Curr\u00edculo"},"content":{"rendered":"<p style=\"text-align: center;\">\u00a0<strong>COMUNICADO DO PROCESSO DE SELE\u00c7\u00c3O SIMPLIFICADA MODALIDADE SELE\u00c7\u00c3O DE CURR\u00cdCULO N\u00ba 02\/2020<\/strong><\/p>\n<p style=\"text-align: justify;\">A C\u00e1ritas Brasileira Regional Nordeste 2, organismo da Confer\u00eancia Nacional dos Bispos do Brasil &#8211; CNBB, no uso de suas atribui\u00e7\u00f5es legais torna p\u00fablico que de acordo com o edital publicado <em>(\u201cA C\u00e1ritas Brasileira Regional NE2 se reserva ao direito de n\u00e3o contratar ningu\u00e9m para esta fun\u00e7\u00e3o, caso os curr\u00edculos e\/ou as entrevistas n\u00e3o preencham os requisitos exigidos para essa fun\u00e7\u00e3o<\/em>\u201d), a Comiss\u00e3o de Sele\u00e7\u00e3o n\u00e3o selecionou nenhum candidato para a fun\u00e7\u00e3o.<\/p>\n<p style=\"text-align: right;\">\n<p style=\"text-align: right;\">Recife, 18 de mar\u00e7o de 2020.<\/p>\n<p>&nbsp;<\/p>\n<p style=\"text-align: center;\">Comiss\u00e3o de Sele\u00e7\u00e3o<\/p>\n<p style=\"text-align: center;\">C\u00e1ritas Brasileira Regional NE2<\/p>\n<ul class=\"ssb_list_wrapper\"><li class=\"fb2\" style=\"width:135px\"><iframe src=\"\/\/www.facebook.com\/plugins\/like.php?href=https%3A%2F%2Fwww.caritasne2.org.br%2Fsite%2Fcomunicado-do-processo-de-selecao-simplificada-modalidade-selecao-de-curriculo%2F&amp;layout=button_count&amp;action=like&amp;show_faces=false&amp;share=true&amp;width=135&amp;height=21&amp;appId=307091639398582\" scrolling=\"no\" frameborder=\"0\" style=\"border:none; overflow:hidden;  width:150px; height:21px;\" allowTransparency=\"true\"><\/iframe><\/li><li class=\"twtr\" style=\"width:90px\"><a href=\"https:\/\/twitter.com\/share\" class=\"twitter-share-button\" data-url=\"https:\/\/www.caritasne2.org.br\/site\/comunicado-do-processo-de-selecao-simplificada-modalidade-selecao-de-curriculo\/\">&nbsp;<\/a><script>!function(d,s,id){var js,fjs=d.getElementsByTagName(s)[0],p=\/^http:\/.test(d.location)?'http':'https';if(!d.getElementById(id)){js=d.createElement(s);js.id=id;js.src=p+':\/\/platform.twitter.com\/widgets.js';fjs.parentNode.insertBefore(js,fjs);}}(document, 'script', 'twitter-wjs');<\/script><\/li><li class=\"gplus\" style=\"width:68px\"><div class=\"g-plusone\" data-size=\"medium\" data-href=\"https:\/\/www.caritasne2.org.br\/site\/comunicado-do-processo-de-selecao-simplificada-modalidade-selecao-de-curriculo\/\"><\/div><\/li><li class=\"ssb_linkedin\" style=\"width:64px\"><script src=\"\/\/platform.linkedin.com\/in.js\" type=\"text\/javascript\">lang: en_US<\/script><script type=\"IN\/Share\" data-url=\"https:\/\/www.caritasne2.org.br\/site\/comunicado-do-processo-de-selecao-simplificada-modalidade-selecao-de-curriculo\/\" data-counter=\"right\"><\/script><\/li><\/ul>","protected":false},"excerpt":{"rendered":"<p>\u00a0COMUNICADO DO PROCESSO DE SELE\u00c7\u00c3O SIMPLIFICADA MODALIDADE SELE\u00c7\u00c3O DE CURR\u00cdCULO N\u00ba 02\/2020 A C\u00e1ritas Brasileira Regional Nordeste 2, organismo da Confer\u00eancia Nacional dos Bispos do Brasil &#8211; CNBB, no uso de suas atribui\u00e7\u00f5es legais torna p\u00fablico que de acordo com o edital publicado (\u201cA C\u00e1ritas Brasileira Regional NE2 se reserva ao direito de n\u00e3o contratar ningu\u00e9m para esta fun\u00e7\u00e3o, caso os curr\u00edculos e\/ou as entrevistas [&hellip;]<\/p>\n<ul class=\"ssb_list_wrapper\"><li class=\"fb2\" style=\"width:135px\"><iframe src=\"\/\/www.facebook.com\/plugins\/like.php?href=https%3A%2F%2Fwww.caritasne2.org.br%2Fsite%2Fcomunicado-do-processo-de-selecao-simplificada-modalidade-selecao-de-curriculo%2F&amp;layout=button_count&amp;action=like&amp;show_faces=false&amp;share=true&amp;width=135&amp;height=21&amp;appId=307091639398582\" scrolling=\"no\" frameborder=\"0\" style=\"border:none; overflow:hidden;  width:150px; height:21px;\" allowTransparency=\"true\"><\/iframe><\/li><li class=\"twtr\" style=\"width:90px\"><a href=\"https:\/\/twitter.com\/share\" class=\"twitter-share-button\" data-url=\"https:\/\/www.caritasne2.org.br\/site\/comunicado-do-processo-de-selecao-simplificada-modalidade-selecao-de-curriculo\/\">&nbsp;<\/a><script>!function(d,s,id){var js,fjs=d.getElementsByTagName(s)[0],p=\/^http:\/.test(d.location)?'http':'https';if(!d.getElementById(id)){js=d.createElement(s);js.id=id;js.src=p+':\/\/platform.twitter.com\/widgets.js';fjs.parentNode.insertBefore(js,fjs);}}(document, 'script', 'twitter-wjs');<\/script><\/li><li class=\"gplus\" style=\"width:68px\"><div class=\"g-plusone\" data-size=\"medium\" data-href=\"https:\/\/www.caritasne2.org.br\/site\/comunicado-do-processo-de-selecao-simplificada-modalidade-selecao-de-curriculo\/\"><\/div><\/li><li class=\"ssb_linkedin\" style=\"width:64px\"><script src=\"\/\/platform.linkedin.com\/in.js\" type=\"text\/javascript\">lang: en_US<\/script><script type=\"IN\/Share\" data-url=\"https:\/\/www.caritasne2.org.br\/site\/comunicado-do-processo-de-selecao-simplificada-modalidade-selecao-de-curriculo\/\" data-counter=\"right\"><\/script><\/li><\/ul>","protected":false},"author":4,"featured_media":0,"comment_status":"open","ping_status":"open","sticky":false,"template":"","format":"standard","meta":[],"categories":[20],"tags":[],"_links":{"self":[{"href":"https:\/\/www.caritasne2.org.br\/site\/wp-json\/wp\/v2\/posts\/6704"}],"collection":[{"href":"https:\/\/www.caritasne2.org.br\/site\/wp-json\/wp\/v2\/posts"}],"about":[{"href":"https:\/\/www.caritasne2.org.br\/site\/wp-json\/wp\/v2\/types\/post"}],"author":[{"embeddable":true,"href":"https:\/\/www.caritasne2.org.br\/site\/wp-json\/wp\/v2\/users\/4"}],"replies":[{"embeddable":true,"href":"https:\/\/www.caritasne2.org.br\/site\/wp-json\/wp\/v2\/comments?post=6704"}],"version-history":[{"count":0,"href":"https:\/\/www.caritasne2.org.br\/site\/wp-json\/wp\/v2\/posts\/6704\/revisions"}],"wp:attachment":[{"href":"https:\/\/www.caritasne2.org.br\/site\/wp-json\/wp\/v2\/media?parent=6704"}],"wp:term":[{"taxonomy":"category","embeddable":true,"href":"https:\/\/www.caritasne2.org.br\/site\/wp-json\/wp\/v2\/categories?post=6704"},{"taxonomy":"post_tag","embeddable":true,"href":"https:\/\/www.caritasne2.org.br\/site\/wp-json\/wp\/v2\/tags?post=6704"}],"curies":[{"name":"wp","href":"https:\/\/api.w.org\/{rel}","templated":true}]}}