{"id":6669,"date":"2020-03-19T09:47:10","date_gmt":"2020-03-19T12:47:10","guid":{"rendered":"http:\/\/www.caritasne2.org.br\/?p=6669"},"modified":"2020-03-19T09:47:11","modified_gmt":"2020-03-19T12:47:11","slug":"caritas-brasileira-regional-nordeste-2-participa-de-debate-sobre-impactos-da-energia-eolica","status":"publish","type":"post","link":"https:\/\/www.caritasne2.org.br\/site\/caritas-brasileira-regional-nordeste-2-participa-de-debate-sobre-impactos-da-energia-eolica\/","title":{"rendered":"C\u00e1ritas Brasileira Regional Nordeste 2 participa de debate sobre impactos da Energia E\u00f3lica"},"content":{"rendered":"<p style=\"text-align: justify;\">Discutir quais s\u00e3o os principais desafios, oportunidades e impactos causados pela instala\u00e7\u00e3o dos parques e\u00f3licos nos nove estados no Nordeste. Esse foi o principal objetivo do Encontro de Parceiros da Misereor sobre energias e\u00f3licas, que ocorreu de 10 a 12 de mar\u00e7o, no Rio Grande do Norte, estado que concentra o maior n\u00famero de parques e\u00f3licos instalados em todo o Nordeste.<\/p>\n<p style=\"text-align: justify;\">A C\u00e1ritas foi representada no encontro pelas\u00a0agentes C\u00e1ritas Bruna Suianne e Ev\u00e2nia Rodrigues, e da C\u00e1ritas Diocesana de Caic\u00f3, Fabiana da Silva e Silvana Barbosa.\u00a0 A atividade reuniu ainda diversas representa\u00e7\u00f5es de Organiza\u00e7\u00f5es Sociais, Movimentos, agricultores (as) e estudiosos da tem\u00e1tica.<\/p>\n<p style=\"text-align: justify;\">O agricultor Sim\u00e3o Salgado, da S\u00edtio Pau Ferro, munic\u00edpio de Caet\u00e9s, agreste pernambucano, falou da import\u00e2ncia em participar dos debates acerca do tema, que tem impactado negativamente a vida de toda sua comunidade. &#8220;Sou presidente de uma associa\u00e7\u00e3o local e diretor do Sindicato dos (as) Trabalhadores (as) Rurais do munic\u00edpio. N\u00f3s, que estamos nessas localidades, \u00e9 que sentimos na pele o que as instala\u00e7\u00f5es desses parques causam para a toda a comunidade, quest\u00f5es graves de sa\u00fade, que est\u00e3o acabando com a paz que a gente sempre teve. Al\u00e9m disso, os empres\u00e1rios se aproveitam da inoc\u00eancia do agricultor para assinar esses contratos, que no final de tudo, s\u00f3 beneficiam eles mesmos&#8221;, salientou.<\/p>\n<p style=\"text-align: justify;\">Al\u00e9m de apontar as experi\u00eancias dos territ\u00f3rios, o encontro tamb\u00e9m pautou quais os desafios enfrentados em rela\u00e7\u00e3o \u00e0 implementa\u00e7\u00e3o de empreendimentos e\u00f3licos nas quest\u00f5es relativas a direitos territoriais, socioambientais, socioecon\u00f4micos e culturais; bem como, a exist\u00eancia de iniciativas desenvolvidas pelas organiza\u00e7\u00f5es sociais e comunidades, na incid\u00eancia sobre \u00f3rg\u00e3os p\u00fablicos, empresas, opini\u00e3o p\u00fablica e sociedade civil.<\/p>\n<p style=\"text-align: justify;\">&#8220;Vale ressaltar que um dos principais pontos levantados no encontro foi que n\u00f3s n\u00e3o somos contra a energia e\u00f3lica, e sim contra a forma como ela \u00e9 implementada e os impactos que isso tem para as comunidades e para as pessoas. O modelo que existe hoje afeta negativamente tamb\u00e9m o meio ambiente, o que \u00e9 distorcido quando falamos que a energia produzida pelas e\u00f3licas \u00e9 limpa e sustent\u00e1vel&#8221;, destacou a\u00a0Articuladora\u00a0da C\u00e1ritas Regional NE2, Bruna Suianne.<\/p>\n<p style=\"text-align: justify;\">O encontro foi finalizado com propostas estrat\u00e9gicas de incid\u00eancia regional e em rede entre as Organiza\u00e7\u00f5es, como investimentos em materiais comunica\u00e7\u00e3o alertando as comunidades sobre os impactos dos empreendimentos; em interc\u00e2mbios entre realidades dos munic\u00edpios e comunidade; incorpora\u00e7\u00e3o da tem\u00e1tica dentro das pastorais sociais; fortalecimento da parceria com a Misereor, dentre outros.<\/p>\n<p><a href=\"http:\/\/www.caritasne2.org.br\/?attachment_id=6664\" rel=\"attachment wp-att-6664\"><img decoding=\"async\" loading=\"lazy\" class=\"aligncenter  wp-image-6664\" src=\"http:\/\/www.caritasne2.org.br\/wp-content\/uploads\/2020\/03\/2-1-300x164.jpg\" alt=\"\" width=\"371\" height=\"203\" srcset=\"https:\/\/www.caritasne2.org.br\/site\/wp-content\/uploads\/2020\/03\/2-1-300x164.jpg 300w, https:\/\/www.caritasne2.org.br\/site\/wp-content\/uploads\/2020\/03\/2-1-768x421.jpg 768w, https:\/\/www.caritasne2.org.br\/site\/wp-content\/uploads\/2020\/03\/2-1-1024x561.jpg 1024w\" sizes=\"(max-width: 371px) 100vw, 371px\" \/><\/a><\/p>\n<p><a href=\"http:\/\/www.caritasne2.org.br\/?attachment_id=6663\" rel=\"attachment wp-att-6663\"><img decoding=\"async\" loading=\"lazy\" class=\"aligncenter  wp-image-6663\" src=\"http:\/\/www.caritasne2.org.br\/wp-content\/uploads\/2020\/03\/1-1-300x169.jpg\" alt=\"\" width=\"362\" height=\"204\" srcset=\"https:\/\/www.caritasne2.org.br\/site\/wp-content\/uploads\/2020\/03\/1-1-300x169.jpg 300w, https:\/\/www.caritasne2.org.br\/site\/wp-content\/uploads\/2020\/03\/1-1-768x432.jpg 768w, https:\/\/www.caritasne2.org.br\/site\/wp-content\/uploads\/2020\/03\/1-1-1024x576.jpg 1024w, https:\/\/www.caritasne2.org.br\/site\/wp-content\/uploads\/2020\/03\/1-1-588x330.jpg 588w\" sizes=\"(max-width: 362px) 100vw, 362px\" \/><\/a><\/p>\n<p><a href=\"http:\/\/www.caritasne2.org.br\/?attachment_id=6666\" rel=\"attachment wp-att-6666\"><img decoding=\"async\" loading=\"lazy\" class=\"aligncenter  wp-image-6666\" src=\"http:\/\/www.caritasne2.org.br\/wp-content\/uploads\/2020\/03\/5-300x157.jpg\" alt=\"\" width=\"362\" height=\"189\" srcset=\"https:\/\/www.caritasne2.org.br\/site\/wp-content\/uploads\/2020\/03\/5-300x157.jpg 300w, https:\/\/www.caritasne2.org.br\/site\/wp-content\/uploads\/2020\/03\/5-768x402.jpg 768w, https:\/\/www.caritasne2.org.br\/site\/wp-content\/uploads\/2020\/03\/5-1024x536.jpg 1024w\" sizes=\"(max-width: 362px) 100vw, 362px\" \/><\/a><\/p>\n<p>&nbsp;<\/p>\n<p>&nbsp;<\/p>\n<ul class=\"ssb_list_wrapper\"><li class=\"fb2\" style=\"width:135px\"><iframe src=\"\/\/www.facebook.com\/plugins\/like.php?href=https%3A%2F%2Fwww.caritasne2.org.br%2Fsite%2Fcaritas-brasileira-regional-nordeste-2-participa-de-debate-sobre-impactos-da-energia-eolica%2F&amp;layout=button_count&amp;action=like&amp;show_faces=false&amp;share=true&amp;width=135&amp;height=21&amp;appId=307091639398582\" scrolling=\"no\" frameborder=\"0\" style=\"border:none; overflow:hidden;  width:150px; height:21px;\" allowTransparency=\"true\"><\/iframe><\/li><li class=\"twtr\" style=\"width:90px\"><a href=\"https:\/\/twitter.com\/share\" class=\"twitter-share-button\" data-url=\"https:\/\/www.caritasne2.org.br\/site\/caritas-brasileira-regional-nordeste-2-participa-de-debate-sobre-impactos-da-energia-eolica\/\">&nbsp;<\/a><script>!function(d,s,id){var js,fjs=d.getElementsByTagName(s)[0],p=\/^http:\/.test(d.location)?'http':'https';if(!d.getElementById(id)){js=d.createElement(s);js.id=id;js.src=p+':\/\/platform.twitter.com\/widgets.js';fjs.parentNode.insertBefore(js,fjs);}}(document, 'script', 'twitter-wjs');<\/script><\/li><li class=\"gplus\" style=\"width:68px\"><div class=\"g-plusone\" data-size=\"medium\" data-href=\"https:\/\/www.caritasne2.org.br\/site\/caritas-brasileira-regional-nordeste-2-participa-de-debate-sobre-impactos-da-energia-eolica\/\"><\/div><\/li><li class=\"ssb_linkedin\" style=\"width:64px\"><script src=\"\/\/platform.linkedin.com\/in.js\" type=\"text\/javascript\">lang: en_US<\/script><script type=\"IN\/Share\" data-url=\"https:\/\/www.caritasne2.org.br\/site\/caritas-brasileira-regional-nordeste-2-participa-de-debate-sobre-impactos-da-energia-eolica\/\" data-counter=\"right\"><\/script><\/li><\/ul>","protected":false},"excerpt":{"rendered":"<p>Discutir quais s\u00e3o os principais desafios, oportunidades e impactos causados pela instala\u00e7\u00e3o dos parques e\u00f3licos nos nove estados no Nordeste. Esse foi o principal objetivo do Encontro de Parceiros da Misereor sobre energias e\u00f3licas, que ocorreu de 10 a 12 de mar\u00e7o, no Rio Grande do Norte, estado que concentra o maior n\u00famero de parques e\u00f3licos instalados em todo o Nordeste. A C\u00e1ritas foi representada [&hellip;]<\/p>\n<ul class=\"ssb_list_wrapper\"><li class=\"fb2\" style=\"width:135px\"><iframe src=\"\/\/www.facebook.com\/plugins\/like.php?href=https%3A%2F%2Fwww.caritasne2.org.br%2Fsite%2Fcaritas-brasileira-regional-nordeste-2-participa-de-debate-sobre-impactos-da-energia-eolica%2F&amp;layout=button_count&amp;action=like&amp;show_faces=false&amp;share=true&amp;width=135&amp;height=21&amp;appId=307091639398582\" scrolling=\"no\" frameborder=\"0\" style=\"border:none; overflow:hidden;  width:150px; height:21px;\" allowTransparency=\"true\"><\/iframe><\/li><li class=\"twtr\" style=\"width:90px\"><a href=\"https:\/\/twitter.com\/share\" class=\"twitter-share-button\" data-url=\"https:\/\/www.caritasne2.org.br\/site\/caritas-brasileira-regional-nordeste-2-participa-de-debate-sobre-impactos-da-energia-eolica\/\">&nbsp;<\/a><script>!function(d,s,id){var js,fjs=d.getElementsByTagName(s)[0],p=\/^http:\/.test(d.location)?'http':'https';if(!d.getElementById(id)){js=d.createElement(s);js.id=id;js.src=p+':\/\/platform.twitter.com\/widgets.js';fjs.parentNode.insertBefore(js,fjs);}}(document, 'script', 'twitter-wjs');<\/script><\/li><li class=\"gplus\" style=\"width:68px\"><div class=\"g-plusone\" data-size=\"medium\" data-href=\"https:\/\/www.caritasne2.org.br\/site\/caritas-brasileira-regional-nordeste-2-participa-de-debate-sobre-impactos-da-energia-eolica\/\"><\/div><\/li><li class=\"ssb_linkedin\" style=\"width:64px\"><script src=\"\/\/platform.linkedin.com\/in.js\" type=\"text\/javascript\">lang: en_US<\/script><script type=\"IN\/Share\" data-url=\"https:\/\/www.caritasne2.org.br\/site\/caritas-brasileira-regional-nordeste-2-participa-de-debate-sobre-impactos-da-energia-eolica\/\" data-counter=\"right\"><\/script><\/li><\/ul>","protected":false},"author":4,"featured_media":6665,"comment_status":"open","ping_status":"open","sticky":false,"template":"","format":"standard","meta":[],"categories":[21,20],"tags":[],"_links":{"self":[{"href":"https:\/\/www.caritasne2.org.br\/site\/wp-json\/wp\/v2\/posts\/6669"}],"collection":[{"href":"https:\/\/www.caritasne2.org.br\/site\/wp-json\/wp\/v2\/posts"}],"about":[{"href":"https:\/\/www.caritasne2.org.br\/site\/wp-json\/wp\/v2\/types\/post"}],"author":[{"embeddable":true,"href":"https:\/\/www.caritasne2.org.br\/site\/wp-json\/wp\/v2\/users\/4"}],"replies":[{"embeddable":true,"href":"https:\/\/www.caritasne2.org.br\/site\/wp-json\/wp\/v2\/comments?post=6669"}],"version-history":[{"count":0,"href":"https:\/\/www.caritasne2.org.br\/site\/wp-json\/wp\/v2\/posts\/6669\/revisions"}],"wp:featuredmedia":[{"embeddable":true,"href":"https:\/\/www.caritasne2.org.br\/site\/wp-json\/wp\/v2\/media\/6665"}],"wp:attachment":[{"href":"https:\/\/www.caritasne2.org.br\/site\/wp-json\/wp\/v2\/media?parent=6669"}],"wp:term":[{"taxonomy":"category","embeddable":true,"href":"https:\/\/www.caritasne2.org.br\/site\/wp-json\/wp\/v2\/categories?post=6669"},{"taxonomy":"post_tag","embeddable":true,"href":"https:\/\/www.caritasne2.org.br\/site\/wp-json\/wp\/v2\/tags?post=6669"}],"curies":[{"name":"wp","href":"https:\/\/api.w.org\/{rel}","templated":true}]}}