{"id":6654,"date":"2020-03-20T08:27:09","date_gmt":"2020-03-20T11:27:09","guid":{"rendered":"http:\/\/www.caritasne2.org.br\/?p=6654"},"modified":"2020-03-20T08:27:10","modified_gmt":"2020-03-20T11:27:10","slug":"encontro-regional-de-juventudes-traca-estrategias-de-fortalecimento-para-programa-piaj-no-regional-nordeste-2","status":"publish","type":"post","link":"https:\/\/www.caritasne2.org.br\/site\/encontro-regional-de-juventudes-traca-estrategias-de-fortalecimento-para-programa-piaj-no-regional-nordeste-2\/","title":{"rendered":"Encontro Regional de Juventudes tra\u00e7a estrat\u00e9gias de fortalecimento para Programa PIAJ no Regional Nordeste 2"},"content":{"rendered":"<p style=\"text-align: justify;\">O Convento de S\u00e3o Francisco, em Olinda, recebeu nos dias 13 e 14 de mar\u00e7o, o Encontro Regional de Juventudes, promovido pela C\u00e1ritas Brasileira Regional Nordeste 2. O objetivo principal da atividade foi o fortalecimento das a\u00e7\u00f5es do Programa Inf\u00e2ncia Adolesc\u00eancia e Juventude (PIAJ) a luz das experi\u00eancias das Entidades Membros, e da a\u00e7\u00e3o do projeto Movimento Juvenil de Articula\u00e7\u00e3o Comunit\u00e1ria: Uma interven\u00e7\u00e3o urbana pela constru\u00e7\u00e3o de uma cultura de paz, do Regional Nordeste 2.<\/p>\n<p style=\"text-align: justify;\">O encontro come\u00e7ou com a acolhida dos(as) participantes, na sua grande maioria jovens, dos estados de Alagoas, Pernambuco e Rio Grande do Norte que integram as Entidades Membros do Regional, e que possuem atua\u00e7\u00e3o com o PIAJ e com projetos sociais ligados a juventudes urbanas e rurais.<\/p>\n<p style=\"text-align: justify;\">Durante a atividade, a educadora social Roseane Ferreira apresentou a experi\u00eancia do Projeto Protagonismo Juvenil, uma parceria da C\u00e1ritas Regional com a C\u00e1ritas Alem\u00e3, que tem como objetivo contribuir para a constru\u00e7\u00e3o de uma cultura de paz por meio da articula\u00e7\u00e3o de jovens em comunidades vulner\u00e1veis da Regi\u00e3o Metropolitana do Recife, atrav\u00e9s de forma\u00e7\u00f5es para media\u00e7\u00e3o de conflitos escolares. \u201cAs a\u00e7\u00f5es do projeto foram pautadas na constru\u00e7\u00e3o de valores e controle social, bem como, na participa\u00e7\u00e3o em espa\u00e7os de discuss\u00e3o social que fomentem o empoderamento dos sujeitos sobre a situa\u00e7\u00e3o politica do pa\u00eds, do Estado e do munic\u00edpio, al\u00e9m da garantia de Direitos, promo\u00e7\u00e3o de paz e celebra\u00e7\u00e3o da vida\u201d, refor\u00e7ou Roseane.<\/p>\n<p style=\"text-align: justify;\">Alguns dos (as) jovens participantes do projeto, executado nas escolas estaduais S\u00e3o Francisco de Assis e Pedro Augusto Carneiro Le\u00e3o, estiveram presentes no encontro e relataram um pouco da mudan\u00e7a de vida dentro da escola e na comunidade ap\u00f3s a chegada do projeto. \u201cEu tinha prazer em incomodar meus colegas, n\u00e3o me pergunte o porqu\u00ea, mas eu tinha. Ap\u00f3s minha participa\u00e7\u00e3o nas atividades do projeto eu percebi que o que n\u00e3o quero pra mim, n\u00e3o posso fazer com os outros\u201d, salientou a jovem Jennifer Pereira,\u00a0 ex- aluna da Escola Estadual Pedro Augusto Carneiro Le\u00e3o.<\/p>\n<p style=\"text-align: justify;\">O primeiro dia foi finalizado com o lan\u00e7amento da Revista Metodol\u00f3gica do Projeto Protagonismo Juvenil, e apresenta\u00e7\u00e3o de uma pe\u00e7a teatral dos estudantes mediadores de conflito, que conta a hist\u00f3ria de um jovem que sofre com as principais problem\u00e1ticas da sociedade atual, \u00a0da import\u00e2ncia da toler\u00e2ncia e do acolhimento para mudan\u00e7a de realidades.<\/p>\n<p style=\"text-align: justify;\">No segundo dia de encontro, os (as) participantes promoveram a socializa\u00e7\u00e3o dos projetos e atividades realizadas pelas Entidades Membros , e ainda constru\u00edram um painel em retalho feito por v\u00e1rias m\u00e3os, contextualizando quais s\u00e3o as principais a\u00e7\u00f5es executadas nos estados, na tem\u00e1tica da juventude. Ao final do encontro, os participantes pensaram em conjunto quais as estrat\u00e9gias de fortalecimento do PIAJ para a C\u00e1ritas Nordeste 2.<\/p>\n<p>&nbsp;<\/p>\n<p><a href=\"http:\/\/www.caritasne2.org.br\/encontro-regional-de-juventudes-traca-estrategias-de-fortalecimento-para-programa-piaj-no-regional-nordeste-2\/1-9\/\" rel=\"attachment wp-att-6655\"><img decoding=\"async\" loading=\"lazy\" class=\"aligncenter  wp-image-6655\" src=\"http:\/\/www.caritasne2.org.br\/wp-content\/uploads\/2020\/03\/1-300x195.jpg\" alt=\"\" width=\"418\" height=\"272\" srcset=\"https:\/\/www.caritasne2.org.br\/site\/wp-content\/uploads\/2020\/03\/1-300x195.jpg 300w, https:\/\/www.caritasne2.org.br\/site\/wp-content\/uploads\/2020\/03\/1-768x500.jpg 768w, https:\/\/www.caritasne2.org.br\/site\/wp-content\/uploads\/2020\/03\/1-1024x667.jpg 1024w\" sizes=\"(max-width: 418px) 100vw, 418px\" \/><\/a><\/p>\n<p><a href=\"http:\/\/www.caritasne2.org.br\/encontro-regional-de-juventudes-traca-estrategias-de-fortalecimento-para-programa-piaj-no-regional-nordeste-2\/attachment\/8\/\" rel=\"attachment wp-att-6661\"><img decoding=\"async\" loading=\"lazy\" class=\"aligncenter  wp-image-6661\" src=\"http:\/\/www.caritasne2.org.br\/wp-content\/uploads\/2020\/03\/8-300x145.jpg\" alt=\"\" width=\"424\" height=\"205\" srcset=\"https:\/\/www.caritasne2.org.br\/site\/wp-content\/uploads\/2020\/03\/8-300x145.jpg 300w, https:\/\/www.caritasne2.org.br\/site\/wp-content\/uploads\/2020\/03\/8-768x372.jpg 768w, https:\/\/www.caritasne2.org.br\/site\/wp-content\/uploads\/2020\/03\/8-1024x496.jpg 1024w, https:\/\/www.caritasne2.org.br\/site\/wp-content\/uploads\/2020\/03\/8.jpg 1029w\" sizes=\"(max-width: 424px) 100vw, 424px\" \/><\/a><\/p>\n<p><a href=\"http:\/\/www.caritasne2.org.br\/encontro-regional-de-juventudes-traca-estrategias-de-fortalecimento-para-programa-piaj-no-regional-nordeste-2\/7-2\/\" rel=\"attachment wp-att-6660\"><img decoding=\"async\" loading=\"lazy\" class=\"aligncenter  wp-image-6660\" src=\"http:\/\/www.caritasne2.org.br\/wp-content\/uploads\/2020\/03\/7-300x225.jpg\" alt=\"\" width=\"425\" height=\"319\" srcset=\"https:\/\/www.caritasne2.org.br\/site\/wp-content\/uploads\/2020\/03\/7-300x225.jpg 300w, https:\/\/www.caritasne2.org.br\/site\/wp-content\/uploads\/2020\/03\/7-768x576.jpg 768w, https:\/\/www.caritasne2.org.br\/site\/wp-content\/uploads\/2020\/03\/7-1024x768.jpg 1024w, https:\/\/www.caritasne2.org.br\/site\/wp-content\/uploads\/2020\/03\/7.jpg 1032w\" sizes=\"(max-width: 425px) 100vw, 425px\" \/><\/a><\/p>\n<p><a href=\"http:\/\/www.caritasne2.org.br\/encontro-regional-de-juventudes-traca-estrategias-de-fortalecimento-para-programa-piaj-no-regional-nordeste-2\/6-2\/\" rel=\"attachment wp-att-6659\"><img decoding=\"async\" loading=\"lazy\" class=\"aligncenter  wp-image-6659\" src=\"http:\/\/www.caritasne2.org.br\/wp-content\/uploads\/2020\/03\/6-300x233.jpg\" alt=\"\" width=\"459\" height=\"357\" srcset=\"https:\/\/www.caritasne2.org.br\/site\/wp-content\/uploads\/2020\/03\/6-300x233.jpg 300w, https:\/\/www.caritasne2.org.br\/site\/wp-content\/uploads\/2020\/03\/6-768x596.jpg 768w, https:\/\/www.caritasne2.org.br\/site\/wp-content\/uploads\/2020\/03\/6-1024x795.jpg 1024w, https:\/\/www.caritasne2.org.br\/site\/wp-content\/uploads\/2020\/03\/6-90x70.jpg 90w\" sizes=\"(max-width: 459px) 100vw, 459px\" \/><\/a><\/p>\n<p><a href=\"http:\/\/www.caritasne2.org.br\/encontro-regional-de-juventudes-traca-estrategias-de-fortalecimento-para-programa-piaj-no-regional-nordeste-2\/3-2\/\" rel=\"attachment wp-att-6657\"><img decoding=\"async\" loading=\"lazy\" class=\"aligncenter  wp-image-6657\" src=\"http:\/\/www.caritasne2.org.br\/wp-content\/uploads\/2020\/03\/3-300x222.jpg\" alt=\"\" width=\"453\" height=\"335\" srcset=\"https:\/\/www.caritasne2.org.br\/site\/wp-content\/uploads\/2020\/03\/3-300x222.jpg 300w, https:\/\/www.caritasne2.org.br\/site\/wp-content\/uploads\/2020\/03\/3-768x570.jpg 768w, https:\/\/www.caritasne2.org.br\/site\/wp-content\/uploads\/2020\/03\/3-1024x759.jpg 1024w\" sizes=\"(max-width: 453px) 100vw, 453px\" \/><\/a><\/p>\n<p><a href=\"http:\/\/www.caritasne2.org.br\/encontro-regional-de-juventudes-traca-estrategias-de-fortalecimento-para-programa-piaj-no-regional-nordeste-2\/2-6\/\" rel=\"attachment wp-att-6656\"><img decoding=\"async\" loading=\"lazy\" class=\"aligncenter  wp-image-6656\" src=\"http:\/\/www.caritasne2.org.br\/wp-content\/uploads\/2020\/03\/2-300x258.jpg\" alt=\"\" width=\"438\" height=\"377\" srcset=\"https:\/\/www.caritasne2.org.br\/site\/wp-content\/uploads\/2020\/03\/2-300x258.jpg 300w, https:\/\/www.caritasne2.org.br\/site\/wp-content\/uploads\/2020\/03\/2-768x660.jpg 768w, https:\/\/www.caritasne2.org.br\/site\/wp-content\/uploads\/2020\/03\/2-1024x879.jpg 1024w\" sizes=\"(max-width: 438px) 100vw, 438px\" \/><br \/>\n<\/a><\/p>\n<p>&nbsp;<\/p>\n<ul class=\"ssb_list_wrapper\"><li class=\"fb2\" style=\"width:135px\"><iframe src=\"\/\/www.facebook.com\/plugins\/like.php?href=https%3A%2F%2Fwww.caritasne2.org.br%2Fsite%2Fencontro-regional-de-juventudes-traca-estrategias-de-fortalecimento-para-programa-piaj-no-regional-nordeste-2%2F&amp;layout=button_count&amp;action=like&amp;show_faces=false&amp;share=true&amp;width=135&amp;height=21&amp;appId=307091639398582\" scrolling=\"no\" frameborder=\"0\" style=\"border:none; overflow:hidden;  width:150px; height:21px;\" allowTransparency=\"true\"><\/iframe><\/li><li class=\"twtr\" style=\"width:90px\"><a href=\"https:\/\/twitter.com\/share\" class=\"twitter-share-button\" data-url=\"https:\/\/www.caritasne2.org.br\/site\/encontro-regional-de-juventudes-traca-estrategias-de-fortalecimento-para-programa-piaj-no-regional-nordeste-2\/\">&nbsp;<\/a><script>!function(d,s,id){var js,fjs=d.getElementsByTagName(s)[0],p=\/^http:\/.test(d.location)?'http':'https';if(!d.getElementById(id)){js=d.createElement(s);js.id=id;js.src=p+':\/\/platform.twitter.com\/widgets.js';fjs.parentNode.insertBefore(js,fjs);}}(document, 'script', 'twitter-wjs');<\/script><\/li><li class=\"gplus\" style=\"width:68px\"><div class=\"g-plusone\" data-size=\"medium\" data-href=\"https:\/\/www.caritasne2.org.br\/site\/encontro-regional-de-juventudes-traca-estrategias-de-fortalecimento-para-programa-piaj-no-regional-nordeste-2\/\"><\/div><\/li><li class=\"ssb_linkedin\" style=\"width:64px\"><script src=\"\/\/platform.linkedin.com\/in.js\" type=\"text\/javascript\">lang: en_US<\/script><script type=\"IN\/Share\" data-url=\"https:\/\/www.caritasne2.org.br\/site\/encontro-regional-de-juventudes-traca-estrategias-de-fortalecimento-para-programa-piaj-no-regional-nordeste-2\/\" data-counter=\"right\"><\/script><\/li><\/ul>","protected":false},"excerpt":{"rendered":"<p>O Convento de S\u00e3o Francisco, em Olinda, recebeu nos dias 13 e 14 de mar\u00e7o, o Encontro Regional de Juventudes, promovido pela C\u00e1ritas Brasileira Regional Nordeste 2. O objetivo principal da atividade foi o fortalecimento das a\u00e7\u00f5es do Programa Inf\u00e2ncia Adolesc\u00eancia e Juventude (PIAJ) a luz das experi\u00eancias das Entidades Membros, e da a\u00e7\u00e3o do projeto Movimento Juvenil de Articula\u00e7\u00e3o Comunit\u00e1ria: Uma interven\u00e7\u00e3o urbana pela [&hellip;]<\/p>\n<ul class=\"ssb_list_wrapper\"><li class=\"fb2\" style=\"width:135px\"><iframe src=\"\/\/www.facebook.com\/plugins\/like.php?href=https%3A%2F%2Fwww.caritasne2.org.br%2Fsite%2Fencontro-regional-de-juventudes-traca-estrategias-de-fortalecimento-para-programa-piaj-no-regional-nordeste-2%2F&amp;layout=button_count&amp;action=like&amp;show_faces=false&amp;share=true&amp;width=135&amp;height=21&amp;appId=307091639398582\" scrolling=\"no\" frameborder=\"0\" style=\"border:none; overflow:hidden;  width:150px; height:21px;\" allowTransparency=\"true\"><\/iframe><\/li><li class=\"twtr\" style=\"width:90px\"><a href=\"https:\/\/twitter.com\/share\" class=\"twitter-share-button\" data-url=\"https:\/\/www.caritasne2.org.br\/site\/encontro-regional-de-juventudes-traca-estrategias-de-fortalecimento-para-programa-piaj-no-regional-nordeste-2\/\">&nbsp;<\/a><script>!function(d,s,id){var js,fjs=d.getElementsByTagName(s)[0],p=\/^http:\/.test(d.location)?'http':'https';if(!d.getElementById(id)){js=d.createElement(s);js.id=id;js.src=p+':\/\/platform.twitter.com\/widgets.js';fjs.parentNode.insertBefore(js,fjs);}}(document, 'script', 'twitter-wjs');<\/script><\/li><li class=\"gplus\" style=\"width:68px\"><div class=\"g-plusone\" data-size=\"medium\" data-href=\"https:\/\/www.caritasne2.org.br\/site\/encontro-regional-de-juventudes-traca-estrategias-de-fortalecimento-para-programa-piaj-no-regional-nordeste-2\/\"><\/div><\/li><li class=\"ssb_linkedin\" style=\"width:64px\"><script src=\"\/\/platform.linkedin.com\/in.js\" type=\"text\/javascript\">lang: en_US<\/script><script type=\"IN\/Share\" data-url=\"https:\/\/www.caritasne2.org.br\/site\/encontro-regional-de-juventudes-traca-estrategias-de-fortalecimento-para-programa-piaj-no-regional-nordeste-2\/\" data-counter=\"right\"><\/script><\/li><\/ul>","protected":false},"author":4,"featured_media":6658,"comment_status":"open","ping_status":"open","sticky":false,"template":"","format":"standard","meta":[],"categories":[21,20],"tags":[],"_links":{"self":[{"href":"https:\/\/www.caritasne2.org.br\/site\/wp-json\/wp\/v2\/posts\/6654"}],"collection":[{"href":"https:\/\/www.caritasne2.org.br\/site\/wp-json\/wp\/v2\/posts"}],"about":[{"href":"https:\/\/www.caritasne2.org.br\/site\/wp-json\/wp\/v2\/types\/post"}],"author":[{"embeddable":true,"href":"https:\/\/www.caritasne2.org.br\/site\/wp-json\/wp\/v2\/users\/4"}],"replies":[{"embeddable":true,"href":"https:\/\/www.caritasne2.org.br\/site\/wp-json\/wp\/v2\/comments?post=6654"}],"version-history":[{"count":0,"href":"https:\/\/www.caritasne2.org.br\/site\/wp-json\/wp\/v2\/posts\/6654\/revisions"}],"wp:featuredmedia":[{"embeddable":true,"href":"https:\/\/www.caritasne2.org.br\/site\/wp-json\/wp\/v2\/media\/6658"}],"wp:attachment":[{"href":"https:\/\/www.caritasne2.org.br\/site\/wp-json\/wp\/v2\/media?parent=6654"}],"wp:term":[{"taxonomy":"category","embeddable":true,"href":"https:\/\/www.caritasne2.org.br\/site\/wp-json\/wp\/v2\/categories?post=6654"},{"taxonomy":"post_tag","embeddable":true,"href":"https:\/\/www.caritasne2.org.br\/site\/wp-json\/wp\/v2\/tags?post=6654"}],"curies":[{"name":"wp","href":"https:\/\/api.w.org\/{rel}","templated":true}]}}