{"id":6578,"date":"2020-03-13T16:46:21","date_gmt":"2020-03-13T19:46:21","guid":{"rendered":"http:\/\/www.caritasne2.org.br\/?p=6578"},"modified":"2020-03-13T16:47:27","modified_gmt":"2020-03-13T19:47:27","slug":"caritas-diocesana-inaugura-mais-uma-edicao-do-projeto-aguas-para-educar-que-beneficiou-mais-de-1500-pessoas-diretamente","status":"publish","type":"post","link":"https:\/\/www.caritasne2.org.br\/site\/caritas-diocesana-inaugura-mais-uma-edicao-do-projeto-aguas-para-educar-que-beneficiou-mais-de-1500-pessoas-diretamente\/","title":{"rendered":"C\u00e1ritas Diocesana inaugura mais uma edi\u00e7\u00e3o do Projeto \u00c1guas para Educar com 1500 pessoas beneficiadas diretamente"},"content":{"rendered":"<p>O Projeto \u00c1guas para Educar, executado pela C\u00e1ritas Diocesana de Pesqueira, nesta 3\u00aa edi\u00e7\u00e3o contou com a parceria da Fundaci\u00f3n Avina, Loja Dona Santa e Revista Vogue, na perspectiva de trabalhar a educa\u00e7\u00e3o contextualizada para a conviv\u00eancia com o Semi\u00e1rido e para seguran\u00e7a alimentar e nutricional, a partir da implanta\u00e7\u00e3o de sistemas de reuso de \u00e1guas residuais, o bio\u00e1gua, e de hortas e pomares em duas escolas da cidade de Pesqueira, atendendo diretamente 1.540 pessoas.<\/p>\n<p>Para concretizar esse sonho, na \u00faltima quarta-feira (4), foram realizadas as inaugura\u00e7\u00f5es oficiais do projeto em cada escola, contando com a participa\u00e7\u00e3o da coordenadora program\u00e1tica da Funda\u00e7\u00e3o Avina, Fernanda Ferreira; da gerente de marketing da Dona Santa, Ana Lu\u00edza; convidados; lideran\u00e7as; alunos, professores, gest\u00e3o e colaboradores das escolas. Da C\u00e1ritas Diocesana de Pesqueira, acompanharam as inaugura\u00e7\u00f5es a secret\u00e1ria executiva, Magna Pollyana; coordena\u00e7\u00e3o colegiada; Itamar de Carvalho e Francim\u00e1rio Gomes; o assessor t\u00e9cnico, Aldo Siqueira e a assistente social, Edis\u00e2ngela Lins.<\/p>\n<p>&#8220;A felicidade \u00e9 imensa ao inaugurar mais um projeto, porque sabemos que de alguma forma estamos contribuindo na realiza\u00e7\u00e3o de um sonho, e principalmente, ajudando na forma\u00e7\u00e3o dessa juventude. A nossa metodologia enquanto C\u00e1ritas \u00e9 promover a autonomia do nosso p\u00fablico, por isto, o projeto agora \u00e9 de inteira responsabilidade de toda comunidade escolar, e esperamos poder ver os frutos dessa parceria&#8221;, comenta Magna.<\/p>\n<p>O primeiro ato simb\u00f3lico aconteceu na Escola de Refer\u00eancia em Ensino M\u00e9dio Professora Margarida de Lima Falc\u00e3o, onde os participantes foram acolhidos de forma muito especial pelos alunos ao som de m\u00fasica ao vivo. Logo em seguida, o segundo momento ocorreu na Aldeia Vila de Cimbres \u2013 territ\u00f3rio ind\u00edgena Xukur\u00fa de Ororub\u00e1 \u2013 na Escola Intermedi\u00e1ria Monsenhor Ol\u00edmpio Torres, que emocionou a todos os presentes com a dan\u00e7a do Tor\u00e9, um ritual da cultura ind\u00edgena desse territ\u00f3rio.<\/p>\n<p>&#8220;Para n\u00f3s da Avina \u00e9 uma grande alegria inaugurarmos mais uma escola com esse projeto. Essa parceria com a C\u00e1ritas aqui nesta regi\u00e3o j\u00e1 beneficiou 10 escolas, entre elas, quilombolas, ind\u00edgenas e tradicionais. E queremos continuar com esse debate de acesso \u00e0 \u00e1gua, expandindo e mobilizando novas possibilidades e parceiros. E finalizo, deixando o nosso agradecimento \u00e0 multimarca Dona Santa, que mais uma vez acreditou neste trabalhou e nos apoiou com muito carinho e compromisso&#8221;, relata Fernanda.<\/p>\n<p>Durante as visitas, aconteceram apresenta\u00e7\u00f5es culturais, bem como o corte simb\u00f3lico da fita e a inaugura\u00e7\u00e3o da placa de homenagem que ficar\u00e1 fixada nas escolas.<\/p>\n<p>&#8220;Sempre estivemos conectados com a natureza, por isso abra\u00e7amos com muito carinho esse projeto. Antes, gast\u00e1vamos cerca de 2000 litros de \u00e1gua para manter a horta escolar, e isso era dif\u00edcil devido \u00e0 escassez de \u00e1gua na regi\u00e3o, ent\u00e3o n\u00e3o dava para produzir muita coisa. Mas com a chegada do bio\u00e1gua isso mudou, a gente pode reaproveitar a \u00e1gua das pias para a nossa produ\u00e7\u00e3o. Nossa horta ganhou cores, variedades e temos \u00e1gua todo dia para garantir a planta\u00e7\u00e3o desses alimentos para os nossos alunos&#8221;, finaliza a professora de biologia, Renata Barros.<\/p>\n<p><a href=\"http:\/\/www.caritasne2.org.br\/?attachment_id=6628\" rel=\"attachment wp-att-6628\"><img decoding=\"async\" loading=\"lazy\" class=\"aligncenter wp-image-6628\" src=\"http:\/\/www.caritasne2.org.br\/wp-content\/uploads\/2020\/03\/IMG_8408-1-300x187.jpg\" alt=\"\" width=\"409\" height=\"255\" srcset=\"https:\/\/www.caritasne2.org.br\/site\/wp-content\/uploads\/2020\/03\/IMG_8408-1-300x187.jpg 300w, https:\/\/www.caritasne2.org.br\/site\/wp-content\/uploads\/2020\/03\/IMG_8408-1-768x478.jpg 768w, https:\/\/www.caritasne2.org.br\/site\/wp-content\/uploads\/2020\/03\/IMG_8408-1-1024x637.jpg 1024w, https:\/\/www.caritasne2.org.br\/site\/wp-content\/uploads\/2020\/03\/IMG_8408-1.jpg 2000w\" sizes=\"(max-width: 409px) 100vw, 409px\" \/><\/a><\/p>\n<p><a href=\"http:\/\/www.caritasne2.org.br\/caritas-diocesana-inaugura-mais-uma-edicao-do-projeto-aguas-para-educar-que-beneficiou-mais-de-1500-pessoas-diretamente\/2ok\/\" rel=\"attachment wp-att-6632\"><img decoding=\"async\" loading=\"lazy\" class=\"aligncenter wp-image-6632\" src=\"http:\/\/www.caritasne2.org.br\/wp-content\/uploads\/2020\/03\/2ok-300x190.jpg\" alt=\"\" width=\"405\" height=\"256\" srcset=\"https:\/\/www.caritasne2.org.br\/site\/wp-content\/uploads\/2020\/03\/2ok-300x190.jpg 300w, https:\/\/www.caritasne2.org.br\/site\/wp-content\/uploads\/2020\/03\/2ok-768x485.jpg 768w, https:\/\/www.caritasne2.org.br\/site\/wp-content\/uploads\/2020\/03\/2ok-1024x647.jpg 1024w\" sizes=\"(max-width: 405px) 100vw, 405px\" \/><\/a><\/p>\n<p><a href=\"http:\/\/www.caritasne2.org.br\/caritas-diocesana-inaugura-mais-uma-edicao-do-projeto-aguas-para-educar-que-beneficiou-mais-de-1500-pessoas-diretamente\/3ok\/\" rel=\"attachment wp-att-6637\"><img decoding=\"async\" loading=\"lazy\" class=\"aligncenter wp-image-6637\" src=\"http:\/\/www.caritasne2.org.br\/wp-content\/uploads\/2020\/03\/3ok-300x202.jpg\" alt=\"\" width=\"416\" height=\"280\" srcset=\"https:\/\/www.caritasne2.org.br\/site\/wp-content\/uploads\/2020\/03\/3ok-300x202.jpg 300w, https:\/\/www.caritasne2.org.br\/site\/wp-content\/uploads\/2020\/03\/3ok-768x518.jpg 768w, https:\/\/www.caritasne2.org.br\/site\/wp-content\/uploads\/2020\/03\/3ok-1024x690.jpg 1024w\" sizes=\"(max-width: 416px) 100vw, 416px\" \/><\/a><\/p>\n<ul class=\"ssb_list_wrapper\"><li class=\"fb2\" style=\"width:135px\"><iframe src=\"\/\/www.facebook.com\/plugins\/like.php?href=https%3A%2F%2Fwww.caritasne2.org.br%2Fsite%2Fcaritas-diocesana-inaugura-mais-uma-edicao-do-projeto-aguas-para-educar-que-beneficiou-mais-de-1500-pessoas-diretamente%2F&amp;layout=button_count&amp;action=like&amp;show_faces=false&amp;share=true&amp;width=135&amp;height=21&amp;appId=307091639398582\" scrolling=\"no\" frameborder=\"0\" style=\"border:none; overflow:hidden;  width:150px; height:21px;\" allowTransparency=\"true\"><\/iframe><\/li><li class=\"twtr\" style=\"width:90px\"><a href=\"https:\/\/twitter.com\/share\" class=\"twitter-share-button\" data-url=\"https:\/\/www.caritasne2.org.br\/site\/caritas-diocesana-inaugura-mais-uma-edicao-do-projeto-aguas-para-educar-que-beneficiou-mais-de-1500-pessoas-diretamente\/\">&nbsp;<\/a><script>!function(d,s,id){var js,fjs=d.getElementsByTagName(s)[0],p=\/^http:\/.test(d.location)?'http':'https';if(!d.getElementById(id)){js=d.createElement(s);js.id=id;js.src=p+':\/\/platform.twitter.com\/widgets.js';fjs.parentNode.insertBefore(js,fjs);}}(document, 'script', 'twitter-wjs');<\/script><\/li><li class=\"gplus\" style=\"width:68px\"><div class=\"g-plusone\" data-size=\"medium\" data-href=\"https:\/\/www.caritasne2.org.br\/site\/caritas-diocesana-inaugura-mais-uma-edicao-do-projeto-aguas-para-educar-que-beneficiou-mais-de-1500-pessoas-diretamente\/\"><\/div><\/li><li class=\"ssb_linkedin\" style=\"width:64px\"><script src=\"\/\/platform.linkedin.com\/in.js\" type=\"text\/javascript\">lang: en_US<\/script><script type=\"IN\/Share\" data-url=\"https:\/\/www.caritasne2.org.br\/site\/caritas-diocesana-inaugura-mais-uma-edicao-do-projeto-aguas-para-educar-que-beneficiou-mais-de-1500-pessoas-diretamente\/\" data-counter=\"right\"><\/script><\/li><\/ul>","protected":false},"excerpt":{"rendered":"<p>O Projeto \u00c1guas para Educar, executado pela C\u00e1ritas Diocesana de Pesqueira, nesta 3\u00aa edi\u00e7\u00e3o contou com a parceria da Fundaci\u00f3n Avina, Loja Dona Santa e Revista Vogue, na perspectiva de trabalhar a educa\u00e7\u00e3o contextualizada para a conviv\u00eancia com o Semi\u00e1rido e para seguran\u00e7a alimentar e nutricional, a partir da implanta\u00e7\u00e3o de sistemas de reuso de \u00e1guas residuais, o bio\u00e1gua, e de hortas e pomares em [&hellip;]<\/p>\n<ul class=\"ssb_list_wrapper\"><li class=\"fb2\" style=\"width:135px\"><iframe src=\"\/\/www.facebook.com\/plugins\/like.php?href=https%3A%2F%2Fwww.caritasne2.org.br%2Fsite%2Fcaritas-diocesana-inaugura-mais-uma-edicao-do-projeto-aguas-para-educar-que-beneficiou-mais-de-1500-pessoas-diretamente%2F&amp;layout=button_count&amp;action=like&amp;show_faces=false&amp;share=true&amp;width=135&amp;height=21&amp;appId=307091639398582\" scrolling=\"no\" frameborder=\"0\" style=\"border:none; overflow:hidden;  width:150px; height:21px;\" allowTransparency=\"true\"><\/iframe><\/li><li class=\"twtr\" style=\"width:90px\"><a href=\"https:\/\/twitter.com\/share\" class=\"twitter-share-button\" data-url=\"https:\/\/www.caritasne2.org.br\/site\/caritas-diocesana-inaugura-mais-uma-edicao-do-projeto-aguas-para-educar-que-beneficiou-mais-de-1500-pessoas-diretamente\/\">&nbsp;<\/a><script>!function(d,s,id){var js,fjs=d.getElementsByTagName(s)[0],p=\/^http:\/.test(d.location)?'http':'https';if(!d.getElementById(id)){js=d.createElement(s);js.id=id;js.src=p+':\/\/platform.twitter.com\/widgets.js';fjs.parentNode.insertBefore(js,fjs);}}(document, 'script', 'twitter-wjs');<\/script><\/li><li class=\"gplus\" style=\"width:68px\"><div class=\"g-plusone\" data-size=\"medium\" data-href=\"https:\/\/www.caritasne2.org.br\/site\/caritas-diocesana-inaugura-mais-uma-edicao-do-projeto-aguas-para-educar-que-beneficiou-mais-de-1500-pessoas-diretamente\/\"><\/div><\/li><li class=\"ssb_linkedin\" style=\"width:64px\"><script src=\"\/\/platform.linkedin.com\/in.js\" type=\"text\/javascript\">lang: en_US<\/script><script type=\"IN\/Share\" data-url=\"https:\/\/www.caritasne2.org.br\/site\/caritas-diocesana-inaugura-mais-uma-edicao-do-projeto-aguas-para-educar-que-beneficiou-mais-de-1500-pessoas-diretamente\/\" data-counter=\"right\"><\/script><\/li><\/ul>","protected":false},"author":4,"featured_media":6630,"comment_status":"open","ping_status":"open","sticky":false,"template":"","format":"standard","meta":[],"categories":[21,20,466,259],"tags":[],"_links":{"self":[{"href":"https:\/\/www.caritasne2.org.br\/site\/wp-json\/wp\/v2\/posts\/6578"}],"collection":[{"href":"https:\/\/www.caritasne2.org.br\/site\/wp-json\/wp\/v2\/posts"}],"about":[{"href":"https:\/\/www.caritasne2.org.br\/site\/wp-json\/wp\/v2\/types\/post"}],"author":[{"embeddable":true,"href":"https:\/\/www.caritasne2.org.br\/site\/wp-json\/wp\/v2\/users\/4"}],"replies":[{"embeddable":true,"href":"https:\/\/www.caritasne2.org.br\/site\/wp-json\/wp\/v2\/comments?post=6578"}],"version-history":[{"count":0,"href":"https:\/\/www.caritasne2.org.br\/site\/wp-json\/wp\/v2\/posts\/6578\/revisions"}],"wp:featuredmedia":[{"embeddable":true,"href":"https:\/\/www.caritasne2.org.br\/site\/wp-json\/wp\/v2\/media\/6630"}],"wp:attachment":[{"href":"https:\/\/www.caritasne2.org.br\/site\/wp-json\/wp\/v2\/media?parent=6578"}],"wp:term":[{"taxonomy":"category","embeddable":true,"href":"https:\/\/www.caritasne2.org.br\/site\/wp-json\/wp\/v2\/categories?post=6578"},{"taxonomy":"post_tag","embeddable":true,"href":"https:\/\/www.caritasne2.org.br\/site\/wp-json\/wp\/v2\/tags?post=6578"}],"curies":[{"name":"wp","href":"https:\/\/api.w.org\/{rel}","templated":true}]}}