{"id":6541,"date":"2020-03-09T17:28:53","date_gmt":"2020-03-09T20:28:53","guid":{"rendered":"http:\/\/www.caritasne2.org.br\/?p=6541"},"modified":"2020-03-10T19:56:08","modified_gmt":"2020-03-10T22:56:08","slug":"caritas-e-compassiva-promovem-mutirao-de-atendimento-para-revalidacao-de-diplomas-a-refugiados-e-venezuelanos-em-recife","status":"publish","type":"post","link":"https:\/\/www.caritasne2.org.br\/site\/caritas-e-compassiva-promovem-mutirao-de-atendimento-para-revalidacao-de-diplomas-a-refugiados-e-venezuelanos-em-recife\/","title":{"rendered":"C\u00e1ritas e Compassiva promovem mutir\u00e3o de atendimento para revalida\u00e7\u00e3o de diplomas a refugiados e venezuelanos, em Recife"},"content":{"rendered":"<p>Compreender que os imigrantes que deixaram a sua terra natal por situa\u00e7\u00f5es de viola\u00e7\u00f5es de Direitos precisam se integrar em uma nova cultura, e o primeiro passo para esta nova vida \u00e9 se inserir no mercado de trabalho.<\/p>\n<p>Entretanto, muitas vezes a forma\u00e7\u00e3o conquistada em um pa\u00eds n\u00e3o \u00e9 facilmente reconhecida fora da na\u00e7\u00e3o de origem, e os migrantes e refugiados precisam revalidar os seus diplomas. Os altos custos, a burocracia e a lentid\u00e3o dos processos de revalida\u00e7\u00e3o dos diplomas imigrantes e refugiados no Brasil s\u00e3o algumas das dificuldades para os que desejam o reconhecimento da gradua\u00e7\u00e3o.<\/p>\n<p>A C\u00e1ritas Nordeste 2, organismo da CNBB, em parceria com a organiza\u00e7\u00e3o n\u00e3o governamental Compassiva que atua na tem\u00e1tica migrantes e refugiados, ir\u00e3o promover o Mutir\u00e3o de Atendimento para Revalida\u00e7\u00e3o de Diplomas de Gradua\u00e7\u00e3o.<\/p>\n<p>A a\u00e7\u00e3o \u00e9 destinada a todos os migrantes venezuelanos de qualquer estatus migrat\u00f3rio, ou refugiados, em Recife. As vagas s\u00e3o limitadas, e para participar os interessados devem se inscrever at\u00e9 o dia\u00a0 06 de mar\u00e7o (sexta-feira), atrav\u00e9s do email revalidacao@compassiva.org.br.<\/p>\n<p>\u00c9 importante apresentar os seguintes documentos para revalida\u00e7\u00e3o: documentos pessoais (RNE e RNM ou protocolo, CPF, comprovante de resid\u00eancia); diploma de gradua\u00e7\u00e3o, hist\u00f3rico, conte\u00fado program\u00e1tico, curr\u00edculo dos professores, informa\u00e7\u00f5es institucionais da Universidade, e reportagens da Universidade.<\/p>\n<p>Servi\u00e7o<\/p>\n<p>Mutir\u00e3o de Atendimento para Revalida\u00e7\u00e3o de Diplomas de Gradua\u00e7\u00e3o<\/p>\n<p>Quando: nos dias 10 e 11 de mar\u00e7o, segunda e ter\u00e7a \u2013 feira<\/p>\n<p>Hor\u00e1rio: das 9h \u00e0s 16h<\/p>\n<p>Local: Casa de Direitos , rua do Pr\u00edncipe, 576, 1\u00ba andar, Boa Vista, Recife (PE)<\/p>\n<p>Vagas limitadas<\/p>\n<p>Inscri\u00e7\u00e3o at\u00e9 06 de mar\u00e7o atrav\u00e9s do email : revalidacao@compassiva.org.br<\/p>\n<p>&nbsp;<\/p>\n<p><a href=\"http:\/\/www.caritasne2.org.br\/__trashed\/mutirao-de-atendimento-diploma-1\/\" rel=\"attachment wp-att-6537\"><img decoding=\"async\" loading=\"lazy\" class=\"aligncenter wp-image-6537\" src=\"http:\/\/www.caritasne2.org.br\/wp-content\/uploads\/2020\/03\/Mutir\u00e3o-de-Atendimento-Diploma-1-300x300.png\" alt=\"\" width=\"364\" height=\"364\" srcset=\"https:\/\/www.caritasne2.org.br\/site\/wp-content\/uploads\/2020\/03\/Mutir\u00e3o-de-Atendimento-Diploma-1-300x300.png 300w, https:\/\/www.caritasne2.org.br\/site\/wp-content\/uploads\/2020\/03\/Mutir\u00e3o-de-Atendimento-Diploma-1-150x150.png 150w, https:\/\/www.caritasne2.org.br\/site\/wp-content\/uploads\/2020\/03\/Mutir\u00e3o-de-Atendimento-Diploma-1-768x768.png 768w, https:\/\/www.caritasne2.org.br\/site\/wp-content\/uploads\/2020\/03\/Mutir\u00e3o-de-Atendimento-Diploma-1-1024x1024.png 1024w, https:\/\/www.caritasne2.org.br\/site\/wp-content\/uploads\/2020\/03\/Mutir\u00e3o-de-Atendimento-Diploma-1.png 1080w\" sizes=\"(max-width: 364px) 100vw, 364px\" \/><\/a><\/p>\n<p>&nbsp;<\/p>\n<ul class=\"ssb_list_wrapper\"><li class=\"fb2\" style=\"width:135px\"><iframe src=\"\/\/www.facebook.com\/plugins\/like.php?href=https%3A%2F%2Fwww.caritasne2.org.br%2Fsite%2Fcaritas-e-compassiva-promovem-mutirao-de-atendimento-para-revalidacao-de-diplomas-a-refugiados-e-venezuelanos-em-recife%2F&amp;layout=button_count&amp;action=like&amp;show_faces=false&amp;share=true&amp;width=135&amp;height=21&amp;appId=307091639398582\" scrolling=\"no\" frameborder=\"0\" style=\"border:none; overflow:hidden;  width:150px; height:21px;\" allowTransparency=\"true\"><\/iframe><\/li><li class=\"twtr\" style=\"width:90px\"><a href=\"https:\/\/twitter.com\/share\" class=\"twitter-share-button\" data-url=\"https:\/\/www.caritasne2.org.br\/site\/caritas-e-compassiva-promovem-mutirao-de-atendimento-para-revalidacao-de-diplomas-a-refugiados-e-venezuelanos-em-recife\/\">&nbsp;<\/a><script>!function(d,s,id){var js,fjs=d.getElementsByTagName(s)[0],p=\/^http:\/.test(d.location)?'http':'https';if(!d.getElementById(id)){js=d.createElement(s);js.id=id;js.src=p+':\/\/platform.twitter.com\/widgets.js';fjs.parentNode.insertBefore(js,fjs);}}(document, 'script', 'twitter-wjs');<\/script><\/li><li class=\"gplus\" style=\"width:68px\"><div class=\"g-plusone\" data-size=\"medium\" data-href=\"https:\/\/www.caritasne2.org.br\/site\/caritas-e-compassiva-promovem-mutirao-de-atendimento-para-revalidacao-de-diplomas-a-refugiados-e-venezuelanos-em-recife\/\"><\/div><\/li><li class=\"ssb_linkedin\" style=\"width:64px\"><script src=\"\/\/platform.linkedin.com\/in.js\" type=\"text\/javascript\">lang: en_US<\/script><script type=\"IN\/Share\" data-url=\"https:\/\/www.caritasne2.org.br\/site\/caritas-e-compassiva-promovem-mutirao-de-atendimento-para-revalidacao-de-diplomas-a-refugiados-e-venezuelanos-em-recife\/\" data-counter=\"right\"><\/script><\/li><\/ul>","protected":false},"excerpt":{"rendered":"<p>Compreender que os imigrantes que deixaram a sua terra natal por situa\u00e7\u00f5es de viola\u00e7\u00f5es de Direitos precisam se integrar em uma nova cultura, e o primeiro passo para esta nova vida \u00e9 se inserir no mercado de trabalho. Entretanto, muitas vezes a forma\u00e7\u00e3o conquistada em um pa\u00eds n\u00e3o \u00e9 facilmente reconhecida fora da na\u00e7\u00e3o de origem, e os migrantes e refugiados precisam revalidar os seus [&hellip;]<\/p>\n<ul class=\"ssb_list_wrapper\"><li class=\"fb2\" style=\"width:135px\"><iframe src=\"\/\/www.facebook.com\/plugins\/like.php?href=https%3A%2F%2Fwww.caritasne2.org.br%2Fsite%2Fcaritas-e-compassiva-promovem-mutirao-de-atendimento-para-revalidacao-de-diplomas-a-refugiados-e-venezuelanos-em-recife%2F&amp;layout=button_count&amp;action=like&amp;show_faces=false&amp;share=true&amp;width=135&amp;height=21&amp;appId=307091639398582\" scrolling=\"no\" frameborder=\"0\" style=\"border:none; overflow:hidden;  width:150px; height:21px;\" allowTransparency=\"true\"><\/iframe><\/li><li class=\"twtr\" style=\"width:90px\"><a href=\"https:\/\/twitter.com\/share\" class=\"twitter-share-button\" data-url=\"https:\/\/www.caritasne2.org.br\/site\/caritas-e-compassiva-promovem-mutirao-de-atendimento-para-revalidacao-de-diplomas-a-refugiados-e-venezuelanos-em-recife\/\">&nbsp;<\/a><script>!function(d,s,id){var js,fjs=d.getElementsByTagName(s)[0],p=\/^http:\/.test(d.location)?'http':'https';if(!d.getElementById(id)){js=d.createElement(s);js.id=id;js.src=p+':\/\/platform.twitter.com\/widgets.js';fjs.parentNode.insertBefore(js,fjs);}}(document, 'script', 'twitter-wjs');<\/script><\/li><li class=\"gplus\" style=\"width:68px\"><div class=\"g-plusone\" data-size=\"medium\" data-href=\"https:\/\/www.caritasne2.org.br\/site\/caritas-e-compassiva-promovem-mutirao-de-atendimento-para-revalidacao-de-diplomas-a-refugiados-e-venezuelanos-em-recife\/\"><\/div><\/li><li class=\"ssb_linkedin\" style=\"width:64px\"><script src=\"\/\/platform.linkedin.com\/in.js\" type=\"text\/javascript\">lang: en_US<\/script><script type=\"IN\/Share\" data-url=\"https:\/\/www.caritasne2.org.br\/site\/caritas-e-compassiva-promovem-mutirao-de-atendimento-para-revalidacao-de-diplomas-a-refugiados-e-venezuelanos-em-recife\/\" data-counter=\"right\"><\/script><\/li><\/ul>","protected":false},"author":4,"featured_media":0,"comment_status":"open","ping_status":"open","sticky":false,"template":"","format":"standard","meta":[],"categories":[20],"tags":[],"_links":{"self":[{"href":"https:\/\/www.caritasne2.org.br\/site\/wp-json\/wp\/v2\/posts\/6541"}],"collection":[{"href":"https:\/\/www.caritasne2.org.br\/site\/wp-json\/wp\/v2\/posts"}],"about":[{"href":"https:\/\/www.caritasne2.org.br\/site\/wp-json\/wp\/v2\/types\/post"}],"author":[{"embeddable":true,"href":"https:\/\/www.caritasne2.org.br\/site\/wp-json\/wp\/v2\/users\/4"}],"replies":[{"embeddable":true,"href":"https:\/\/www.caritasne2.org.br\/site\/wp-json\/wp\/v2\/comments?post=6541"}],"version-history":[{"count":0,"href":"https:\/\/www.caritasne2.org.br\/site\/wp-json\/wp\/v2\/posts\/6541\/revisions"}],"wp:attachment":[{"href":"https:\/\/www.caritasne2.org.br\/site\/wp-json\/wp\/v2\/media?parent=6541"}],"wp:term":[{"taxonomy":"category","embeddable":true,"href":"https:\/\/www.caritasne2.org.br\/site\/wp-json\/wp\/v2\/categories?post=6541"},{"taxonomy":"post_tag","embeddable":true,"href":"https:\/\/www.caritasne2.org.br\/site\/wp-json\/wp\/v2\/tags?post=6541"}],"curies":[{"name":"wp","href":"https:\/\/api.w.org\/{rel}","templated":true}]}}