{"id":6521,"date":"2020-02-10T18:15:51","date_gmt":"2020-02-10T21:15:51","guid":{"rendered":"http:\/\/www.caritasne2.org.br\/?p=6521"},"modified":"2020-02-10T18:17:20","modified_gmt":"2020-02-10T21:17:20","slug":"caritas-brasileira-regional-nordeste-2-lancas-editais-para-selecao-simplificada","status":"publish","type":"post","link":"https:\/\/www.caritasne2.org.br\/site\/caritas-brasileira-regional-nordeste-2-lancas-editais-para-selecao-simplificada\/","title":{"rendered":"C\u00e1ritas Brasileira Regional Nordeste 2  lan\u00e7a editais para  sele\u00e7\u00e3o simplificada"},"content":{"rendered":"<p style=\"text-align: justify;\">A C\u00e1ritas Brasileira Regional Nordeste 2, organismo da CNBB (Confer\u00eancia Nacional dos Bispos do Brasil), com atua\u00e7\u00e3o nos estados de Alagoas, Para\u00edba, Pernambuco e Rio Grande do Norte, torna p\u00fablico a realiza\u00e7\u00e3o do processo seletivo simplificado para contrata\u00e7\u00e3o dos seguintes profissionais:\u00a0 Articulador(a) Pedag\u00f3gico (a)\u00a0 Institucional , e Supervisor (a) de Projetos Sociais, conforme editais n\u00ba 001\/2020 e 002\/2020.<\/p>\n<p>Mais Informa\u00e7\u00f5es: <a href=\"http:\/\/www.caritasne2.org.br\/editais\/processos-seletivos\/\">http:\/\/www.caritasne2.org.br\/editais\/processos-seletivos\/<\/a><\/p>\n<p>&nbsp;<\/p>\n<p>Recife, 10 de fevereiro de 2020.<\/p>\n<p><em>\u00a0Comiss\u00e3o de Sele\u00e7\u00e3o<\/em><\/p>\n<p><em>C\u00e1ritas Brasileira NE2<\/em><\/p>\n<ul class=\"ssb_list_wrapper\"><li class=\"fb2\" style=\"width:135px\"><iframe src=\"\/\/www.facebook.com\/plugins\/like.php?href=https%3A%2F%2Fwww.caritasne2.org.br%2Fsite%2Fcaritas-brasileira-regional-nordeste-2-lancas-editais-para-selecao-simplificada%2F&amp;layout=button_count&amp;action=like&amp;show_faces=false&amp;share=true&amp;width=135&amp;height=21&amp;appId=307091639398582\" scrolling=\"no\" frameborder=\"0\" style=\"border:none; overflow:hidden;  width:150px; height:21px;\" allowTransparency=\"true\"><\/iframe><\/li><li class=\"twtr\" style=\"width:90px\"><a href=\"https:\/\/twitter.com\/share\" class=\"twitter-share-button\" data-url=\"https:\/\/www.caritasne2.org.br\/site\/caritas-brasileira-regional-nordeste-2-lancas-editais-para-selecao-simplificada\/\">&nbsp;<\/a><script>!function(d,s,id){var js,fjs=d.getElementsByTagName(s)[0],p=\/^http:\/.test(d.location)?'http':'https';if(!d.getElementById(id)){js=d.createElement(s);js.id=id;js.src=p+':\/\/platform.twitter.com\/widgets.js';fjs.parentNode.insertBefore(js,fjs);}}(document, 'script', 'twitter-wjs');<\/script><\/li><li class=\"gplus\" style=\"width:68px\"><div class=\"g-plusone\" data-size=\"medium\" data-href=\"https:\/\/www.caritasne2.org.br\/site\/caritas-brasileira-regional-nordeste-2-lancas-editais-para-selecao-simplificada\/\"><\/div><\/li><li class=\"ssb_linkedin\" style=\"width:64px\"><script src=\"\/\/platform.linkedin.com\/in.js\" type=\"text\/javascript\">lang: en_US<\/script><script type=\"IN\/Share\" data-url=\"https:\/\/www.caritasne2.org.br\/site\/caritas-brasileira-regional-nordeste-2-lancas-editais-para-selecao-simplificada\/\" data-counter=\"right\"><\/script><\/li><\/ul>","protected":false},"excerpt":{"rendered":"<p>A C\u00e1ritas Brasileira Regional Nordeste 2, organismo da CNBB (Confer\u00eancia Nacional dos Bispos do Brasil), com atua\u00e7\u00e3o nos estados de Alagoas, Para\u00edba, Pernambuco e Rio Grande do Norte, torna p\u00fablico a realiza\u00e7\u00e3o do processo seletivo simplificado para contrata\u00e7\u00e3o dos seguintes profissionais:\u00a0 Articulador(a) Pedag\u00f3gico (a)\u00a0 Institucional , e Supervisor (a) de Projetos Sociais, conforme editais n\u00ba 001\/2020 e 002\/2020. Mais Informa\u00e7\u00f5es: http:\/\/www.caritasne2.org.br\/editais\/processos-seletivos\/ &nbsp; Recife, 10 de [&hellip;]<\/p>\n<ul class=\"ssb_list_wrapper\"><li class=\"fb2\" style=\"width:135px\"><iframe src=\"\/\/www.facebook.com\/plugins\/like.php?href=https%3A%2F%2Fwww.caritasne2.org.br%2Fsite%2Fcaritas-brasileira-regional-nordeste-2-lancas-editais-para-selecao-simplificada%2F&amp;layout=button_count&amp;action=like&amp;show_faces=false&amp;share=true&amp;width=135&amp;height=21&amp;appId=307091639398582\" scrolling=\"no\" frameborder=\"0\" style=\"border:none; overflow:hidden;  width:150px; height:21px;\" allowTransparency=\"true\"><\/iframe><\/li><li class=\"twtr\" style=\"width:90px\"><a href=\"https:\/\/twitter.com\/share\" class=\"twitter-share-button\" data-url=\"https:\/\/www.caritasne2.org.br\/site\/caritas-brasileira-regional-nordeste-2-lancas-editais-para-selecao-simplificada\/\">&nbsp;<\/a><script>!function(d,s,id){var js,fjs=d.getElementsByTagName(s)[0],p=\/^http:\/.test(d.location)?'http':'https';if(!d.getElementById(id)){js=d.createElement(s);js.id=id;js.src=p+':\/\/platform.twitter.com\/widgets.js';fjs.parentNode.insertBefore(js,fjs);}}(document, 'script', 'twitter-wjs');<\/script><\/li><li class=\"gplus\" style=\"width:68px\"><div class=\"g-plusone\" data-size=\"medium\" data-href=\"https:\/\/www.caritasne2.org.br\/site\/caritas-brasileira-regional-nordeste-2-lancas-editais-para-selecao-simplificada\/\"><\/div><\/li><li class=\"ssb_linkedin\" style=\"width:64px\"><script src=\"\/\/platform.linkedin.com\/in.js\" type=\"text\/javascript\">lang: en_US<\/script><script type=\"IN\/Share\" data-url=\"https:\/\/www.caritasne2.org.br\/site\/caritas-brasileira-regional-nordeste-2-lancas-editais-para-selecao-simplificada\/\" data-counter=\"right\"><\/script><\/li><\/ul>","protected":false},"author":4,"featured_media":0,"comment_status":"open","ping_status":"open","sticky":false,"template":"","format":"standard","meta":[],"categories":[20],"tags":[],"_links":{"self":[{"href":"https:\/\/www.caritasne2.org.br\/site\/wp-json\/wp\/v2\/posts\/6521"}],"collection":[{"href":"https:\/\/www.caritasne2.org.br\/site\/wp-json\/wp\/v2\/posts"}],"about":[{"href":"https:\/\/www.caritasne2.org.br\/site\/wp-json\/wp\/v2\/types\/post"}],"author":[{"embeddable":true,"href":"https:\/\/www.caritasne2.org.br\/site\/wp-json\/wp\/v2\/users\/4"}],"replies":[{"embeddable":true,"href":"https:\/\/www.caritasne2.org.br\/site\/wp-json\/wp\/v2\/comments?post=6521"}],"version-history":[{"count":0,"href":"https:\/\/www.caritasne2.org.br\/site\/wp-json\/wp\/v2\/posts\/6521\/revisions"}],"wp:attachment":[{"href":"https:\/\/www.caritasne2.org.br\/site\/wp-json\/wp\/v2\/media?parent=6521"}],"wp:term":[{"taxonomy":"category","embeddable":true,"href":"https:\/\/www.caritasne2.org.br\/site\/wp-json\/wp\/v2\/categories?post=6521"},{"taxonomy":"post_tag","embeddable":true,"href":"https:\/\/www.caritasne2.org.br\/site\/wp-json\/wp\/v2\/tags?post=6521"}],"curies":[{"name":"wp","href":"https:\/\/api.w.org\/{rel}","templated":true}]}}