{"id":650,"date":"2012-03-29T09:29:04","date_gmt":"2012-03-29T12:29:04","guid":{"rendered":"http:\/\/especial.caritas.org.br\/?p=361"},"modified":"2017-07-11T15:25:40","modified_gmt":"2017-07-11T18:25:40","slug":"campanha-da-fraternidade-e-homenageada-na-camara-dos-deputados","status":"publish","type":"post","link":"https:\/\/www.caritasne2.org.br\/site\/campanha-da-fraternidade-e-homenageada-na-camara-dos-deputados\/","title":{"rendered":"Campanha da Fraternidade \u00e9 homenageada na C\u00e2mara dos Deputados"},"content":{"rendered":"<p style=\"text-align: justify;\">A C\u00e2mara dos Deputados, em Bras\u00edlia (DF), realizou na \u00faltima ter\u00e7a-feira, 27, pela manh\u00e3, uma sess\u00e3o solene em homenagem \u00e0 Campanha da Fraternidade 2012, cujo tema \u00e9 &#8220;Fraternidade e Sa\u00fade P\u00fablica&#8221;. A campanha tem como objetivo geral &#8220;refletir sobre a realidade da sa\u00fade no Brasil em vista de uma vida saud\u00e1vel, suscitando o esp\u00edrito fraterno e comunit\u00e1rio das pessoas na aten\u00e7\u00e3o aos enfermos e mobilizando por melhoria no sistema p\u00fablico de sa\u00fade&#8221;, segundo o texto base da CF deste ano.<\/p>\n<p style=\"text-align: justify;\">A sess\u00e3o foi realizada \u00e0s 10 horas, no Plen\u00e1rio Ulysses Guimar\u00e3es. O debate foi proposto pelos deputados Nelson Pellegrino (PT-BA), Alessandro Molon (PT-RJ), Izalci (PR-DF), Luiz Couto (PT-PB), Raimundo Gomes de Matos (PSDB-CE), Sib\u00e1 Machado (PT-AC), Vicentinho (PT-SP) e Jos\u00e9 Linhares (PP-CE).<\/p>\n<p style=\"text-align: justify;\">A presidente em exerc\u00edcio da C\u00e2mara, deputada Rose de Freitas (PMDB-ES), afirmou que a Campanha da Fraternidade 2012 pode ajudar a sensibilizar a administra\u00e7\u00e3o p\u00fablica pela luta em favor da sa\u00fade p\u00fablica de qualidade. &#8220;Pesquisas indicam que a popula\u00e7\u00e3o brasileira acredita que a sa\u00fade \u00e9 o principal problema do Pa\u00eds&#8221;, disse.<\/p>\n<p style=\"text-align: justify;\">Rose de Freitas destacou que a recente regulamenta\u00e7\u00e3o da Emenda 29, que prev\u00ea a aplica\u00e7\u00e3o de recursos m\u00ednimos no setor, foi um passo importante para melhorar a sa\u00fade do Pa\u00eds. &#8220;Agora temos regra clara sobre qual investimento vai se ter para a sa\u00fade&#8221;, destacou.<\/p>\n<p style=\"text-align: justify;\">A presidente interina da Casa ressaltou ainda que o conceito de sa\u00fade n\u00e3o \u00e9 mais entendido como aus\u00eancia de enfermidade ou dor, mas tamb\u00e9m engloba a &#8220;pacifica\u00e7\u00e3o do esp\u00edrito&#8221;, o equil\u00edbrio e o bem-estar social. &#8220;No Brasil, pol\u00edtica e f\u00e9 t\u00eam andado de m\u00e3os dadas para promover o bem-estar&#8221;, complementou.<\/p>\n<p style=\"text-align: justify;\">Representando a Confer\u00eancia Nacional dos Bispos do Brasil (CNBB), dom Guilherme Werlang disse que &#8220;a Campanha contribui na caminhada quaresmal das comunidades eclesiais com o convite \u00e0 convers\u00e3o, em prepara\u00e7\u00e3o para a celebra\u00e7\u00e3o da P\u00e1scoa de Jesus Cristo&#8221;. Sobre o lema &#8220;Sa\u00fade para todos&#8221; o bispo afirmou a sa\u00fade ser &#8220;um processo harmonioso de bem-estar f\u00edsico, ps\u00edquico, social e espiritual, e n\u00e3o apenas aus\u00eancia de doen\u00e7a, que capacita o ser humano a cumprir a miss\u00e3o que Deus lhe destinou&#8221;.<\/p>\n<p style=\"text-align: justify;\"><strong>Leia a \u00edntegra do discurso de dom Guilherme Werlang aos deputados.<\/strong><\/p>\n<p style=\"text-align: justify;\"><a href=\"http:\/\/especial.caritas.org.br\/wp-content\/uploads\/2012\/03\/domguilhermewerlang2012camara.jpg\"><img decoding=\"async\" loading=\"lazy\" class=\"alignright size-full wp-image-443\" title=\"domguilhermewerlang2012camara\" src=\"http:\/\/especial.caritas.org.br\/wp-content\/uploads\/2012\/03\/domguilhermewerlang2012camara.jpg\" alt=\"\" width=\"300\" height=\"458\" \/><\/a>Em nome da CNBB (Confer\u00eancia Nacional dos Bispos do Brasil), sa\u00fado sua Excel\u00eancia, Deputado Marco Maia, presidente desta Casa que congrega os representantes do povo brasileiro. Sa\u00fado igualmente os Excelent\u00edssimos Deputados: Izalci, Nelson Pellegrino, Alessandro Molon, Luiz Couto, Raimundo Gomes de Matos, Sib\u00e1 Machado, Vicentinho e Jos\u00e9 Linhares, autores do requerimento desta Sess\u00e3o Solene em homenagem \u00e0 Campanha da Fraternidade de 2012, demais Deputados e Deputadas\u00a0 e, Senhores e Senhoras presentes nesse ato.<\/p>\n<p style=\"text-align: justify;\">A Campanha da Fraternidade \u00e9 um projeto de Evangeliza\u00e7\u00e3o da Igreja no Brasil. Desde o ano de 1964 vem proporcionando grandes reflex\u00f5es e suscitando gestos concretos de transforma\u00e7\u00e3o pessoal e social em nosso pa\u00eds. Nesse sentido, se a Campanha contribui na caminhada quaresmal das comunidades eclesiais com o convite \u00e0 convers\u00e3o, em prepara\u00e7\u00e3o\u00a0 para a celebra\u00e7\u00e3o da P\u00e1scoa de Jesus Cristo, tamb\u00e9m proporciona que esse influxo transformador chegue \u00e0 sociedade. Ao longo de sua hist\u00f3ria, ela tem abordado temas de grande\u00a0 relev\u00e2ncia pol\u00edtico-social, segundo o contexto, visando mobilizar pessoas, entidades e poderes p\u00fablicos, em torno de uma realidade a ser transformada.<\/p>\n<p style=\"text-align: justify;\">Na Campanha da Fraternidade deste ano, a Igreja Cat\u00f3lica no Brasil retoma o tema ligado \u00e0 sa\u00fade, j\u00e1 abordado em 1981 com o lema &#8220;Sa\u00fade para todos&#8221;. A a sa\u00fade \u00e9 um bem fundamental e uma das condi\u00e7\u00f5es para que as pessoas tenham a vida em abund\u00e2ncia, segundo projeto de Jesus, expresso no evangelho de S\u00e3o Jo\u00e3o (Jo 10,10). E quando a Igreja fala em sa\u00fade, ela a entende como sendo &#8220;um processo harmonioso de bem-estar f\u00edsico, ps\u00edquico, social e espiritual, e n\u00e3o apenas aus\u00eancia de doen\u00e7a, que capacita o ser humano a cumprir a miss\u00e3o que Deus lhe destinou&#8221;.<\/p>\n<p style=\"text-align: justify;\">Para atingir esse ideal, \u00e9 fundamental um sistema de sa\u00fade p\u00fablica eficaz e eficiente.\u00a0 O que constatamos, no entanto, a sa\u00fade p\u00fablica n\u00e3o vai bem apesar dos muitos e significativos avan\u00e7os que j\u00e1 tivemos, sobretudo, pela implanta\u00e7\u00e3o do SUS, reconhecido mundialmente.<\/p>\n<p style=\"text-align: justify;\">Assim, a CF 2012, com o tema &#8220;Fraternidade e Sa\u00fade P\u00fablica&#8221;, aponta, por um lado, para uma das feridas sociais mais agudas de nosso pa\u00eds, que evidencia a dimens\u00e3o da desigualdade ainda existente no seio de nossa sociedade, por outro,\u00a0 para a fraternidade ferida, que gera situa\u00e7\u00e3o de morte para grande parcela de nossa popula\u00e7\u00e3o.<\/p>\n<p style=\"text-align: justify;\">Esta Campanha quer dar voz ao clamor dos que n\u00e3o t\u00eam acesso \u00e0 sa\u00fade por falta de estrutura, seja nas regi\u00f5es mais pobres do pa\u00eds ou nas periferias urbanas, seja, nas comunidades quilombolas e\u00a0 ind\u00edgenas (tamb\u00e9m amea\u00e7adas\u00a0 em seus direitos pela PEC 215 aprovada na Comiss\u00e3o de Constitui\u00e7\u00e3o, Justi\u00e7a e Cidadania desta Casa); H\u00e1, ainda os que enfrentam as longas filas para o atendimento e a marca\u00e7\u00e3o de exames e os que esbarram em hospitais lotados e n\u00e3o t\u00eam acesso aos medicamentos etc.<\/p>\n<p style=\"text-align: justify;\">A Igreja intenta com esta Campanha sensibilizar a todos sobre a dura realidade enfrentada por irm\u00e3os e irm\u00e3s ao recorrerem \u00e0 assist\u00eancia de sa\u00fade p\u00fablica, um direito de todos e dever do Estado (Constirui\u00e7\u00e3o Federal, Art. 196), para que estas estruturas sejam transformadas e venham a contar com um atendimento segundo suas necessidades e dignidade.<\/p>\n<p style=\"text-align: justify;\">Tem sido alentadora a repercuss\u00e3o desta Campanha desde que foi lan\u00e7ada h\u00e1 um m\u00eas. As iniciativas v\u00e3o desde audi\u00eancias p\u00fablicas propostas por parlamentares para debater o tema da sa\u00fade p\u00fablica at\u00e9 den\u00fancias de corrup\u00e7\u00e3o como as que assistimos h\u00e1 poucos mais de uma semana no programa Fant\u00e1stico, da Rede Globo.<\/p>\n<p style=\"text-align: justify;\">Esses fatos s\u00e3o ind\u00edcios de que a Campanha ora em curso cumpre o seu objetivo de colocar este tema urgente, especialmente para os mais necessitados, na pauta das grandes quest\u00f5es da sociedade brasileira. E, ao repercutir nessa casa, ficamos esperan\u00e7osos por avan\u00e7os no sistema p\u00fablico de sa\u00fade, como em sua humaniza\u00e7\u00e3o e cuidado dos doentes. Esperan\u00e7osos porque esta Casa, em sua ess\u00eancia, \u00e9 constitu\u00edda para prestar um servi\u00e7o \u00e0 sociedade brasileira, se debru\u00e7ando sobre as grandes quest\u00f5es e responder de modo efetivo para o avan\u00e7o na supera\u00e7\u00e3o das desigualdades e consolida\u00e7\u00e3o de uma na\u00e7\u00e3o para todos.<\/p>\n<p style=\"text-align: justify;\">Deixamos nosso apelo para que a sa\u00fade tenha tratamento priorit\u00e1rio no conjunto das grandes preocupa\u00e7\u00f5es e a\u00e7\u00f5es do governo, com um justo financiamento, boa gest\u00e3o e bons programas, que no conjunto proporcionem o acesso e tratamento almejados pelos usu\u00e1rios, para que a &#8220;sa\u00fade se difunda sobre a terra&#8221;.<\/p>\n<p style=\"text-align: justify;\">Agrade\u00e7o, em nome da CNBB, esta solenidade que nos engrandece e reafirmo o compromisso da Igreja em servir nosso povo evangelizando, contribuindo assim, para que o esp\u00edrito de fraternidade nos irmane e inspire na viv\u00eancia da justi\u00e7a, cujo fruto \u00e9 paz.<\/p>\n<p style=\"text-align: justify;\">Muito obrigado!<\/p>\n<p style=\"text-align: justify;\"><strong>Fonte:<\/strong> CNBB<\/p>\n<ul class=\"ssb_list_wrapper\"><li class=\"fb2\" style=\"width:135px\"><iframe src=\"\/\/www.facebook.com\/plugins\/like.php?href=https%3A%2F%2Fwww.caritasne2.org.br%2Fsite%2Fcampanha-da-fraternidade-e-homenageada-na-camara-dos-deputados%2F&amp;layout=button_count&amp;action=like&amp;show_faces=false&amp;share=true&amp;width=135&amp;height=21&amp;appId=307091639398582\" scrolling=\"no\" frameborder=\"0\" style=\"border:none; overflow:hidden;  width:150px; height:21px;\" allowTransparency=\"true\"><\/iframe><\/li><li class=\"twtr\" style=\"width:90px\"><a href=\"https:\/\/twitter.com\/share\" class=\"twitter-share-button\" data-url=\"https:\/\/www.caritasne2.org.br\/site\/campanha-da-fraternidade-e-homenageada-na-camara-dos-deputados\/\">&nbsp;<\/a><script>!function(d,s,id){var js,fjs=d.getElementsByTagName(s)[0],p=\/^http:\/.test(d.location)?'http':'https';if(!d.getElementById(id)){js=d.createElement(s);js.id=id;js.src=p+':\/\/platform.twitter.com\/widgets.js';fjs.parentNode.insertBefore(js,fjs);}}(document, 'script', 'twitter-wjs');<\/script><\/li><li class=\"gplus\" style=\"width:68px\"><div class=\"g-plusone\" data-size=\"medium\" data-href=\"https:\/\/www.caritasne2.org.br\/site\/campanha-da-fraternidade-e-homenageada-na-camara-dos-deputados\/\"><\/div><\/li><li class=\"ssb_linkedin\" style=\"width:64px\"><script src=\"\/\/platform.linkedin.com\/in.js\" type=\"text\/javascript\">lang: en_US<\/script><script type=\"IN\/Share\" data-url=\"https:\/\/www.caritasne2.org.br\/site\/campanha-da-fraternidade-e-homenageada-na-camara-dos-deputados\/\" data-counter=\"right\"><\/script><\/li><\/ul>","protected":false},"excerpt":{"rendered":"<p>A C\u00e2mara dos Deputados, em Bras\u00edlia (DF), realizou na \u00faltima ter\u00e7a-feira, 27, pela manh\u00e3, uma sess\u00e3o solene em homenagem \u00e0 Campanha da Fraternidade 2012, cujo tema \u00e9 &#8220;Fraternidade e Sa\u00fade P\u00fablica&#8221;. A campanha tem como objetivo geral &#8220;refletir sobre a realidade da sa\u00fade no Brasil em vista de uma vida saud\u00e1vel, suscitando o esp\u00edrito fraterno e comunit\u00e1rio das pessoas na aten\u00e7\u00e3o aos enfermos e mobilizando [&hellip;]<\/p>\n<ul class=\"ssb_list_wrapper\"><li class=\"fb2\" style=\"width:135px\"><iframe src=\"\/\/www.facebook.com\/plugins\/like.php?href=https%3A%2F%2Fwww.caritasne2.org.br%2Fsite%2Fcampanha-da-fraternidade-e-homenageada-na-camara-dos-deputados%2F&amp;layout=button_count&amp;action=like&amp;show_faces=false&amp;share=true&amp;width=135&amp;height=21&amp;appId=307091639398582\" scrolling=\"no\" frameborder=\"0\" style=\"border:none; overflow:hidden;  width:150px; height:21px;\" allowTransparency=\"true\"><\/iframe><\/li><li class=\"twtr\" style=\"width:90px\"><a href=\"https:\/\/twitter.com\/share\" class=\"twitter-share-button\" data-url=\"https:\/\/www.caritasne2.org.br\/site\/campanha-da-fraternidade-e-homenageada-na-camara-dos-deputados\/\">&nbsp;<\/a><script>!function(d,s,id){var js,fjs=d.getElementsByTagName(s)[0],p=\/^http:\/.test(d.location)?'http':'https';if(!d.getElementById(id)){js=d.createElement(s);js.id=id;js.src=p+':\/\/platform.twitter.com\/widgets.js';fjs.parentNode.insertBefore(js,fjs);}}(document, 'script', 'twitter-wjs');<\/script><\/li><li class=\"gplus\" style=\"width:68px\"><div class=\"g-plusone\" data-size=\"medium\" data-href=\"https:\/\/www.caritasne2.org.br\/site\/campanha-da-fraternidade-e-homenageada-na-camara-dos-deputados\/\"><\/div><\/li><li class=\"ssb_linkedin\" style=\"width:64px\"><script src=\"\/\/platform.linkedin.com\/in.js\" type=\"text\/javascript\">lang: en_US<\/script><script type=\"IN\/Share\" data-url=\"https:\/\/www.caritasne2.org.br\/site\/campanha-da-fraternidade-e-homenageada-na-camara-dos-deputados\/\" data-counter=\"right\"><\/script><\/li><\/ul>","protected":false},"author":3,"featured_media":611,"comment_status":"open","ping_status":"open","sticky":false,"template":"","format":"standard","meta":[],"categories":[49,20],"tags":[45,46,47,48,50,51,52,53,54,55,56,57,58],"_links":{"self":[{"href":"https:\/\/www.caritasne2.org.br\/site\/wp-json\/wp\/v2\/posts\/650"}],"collection":[{"href":"https:\/\/www.caritasne2.org.br\/site\/wp-json\/wp\/v2\/posts"}],"about":[{"href":"https:\/\/www.caritasne2.org.br\/site\/wp-json\/wp\/v2\/types\/post"}],"author":[{"embeddable":true,"href":"https:\/\/www.caritasne2.org.br\/site\/wp-json\/wp\/v2\/users\/3"}],"replies":[{"embeddable":true,"href":"https:\/\/www.caritasne2.org.br\/site\/wp-json\/wp\/v2\/comments?post=650"}],"version-history":[{"count":0,"href":"https:\/\/www.caritasne2.org.br\/site\/wp-json\/wp\/v2\/posts\/650\/revisions"}],"wp:featuredmedia":[{"embeddable":true,"href":"https:\/\/www.caritasne2.org.br\/site\/wp-json\/wp\/v2\/media\/611"}],"wp:attachment":[{"href":"https:\/\/www.caritasne2.org.br\/site\/wp-json\/wp\/v2\/media?parent=650"}],"wp:term":[{"taxonomy":"category","embeddable":true,"href":"https:\/\/www.caritasne2.org.br\/site\/wp-json\/wp\/v2\/categories?post=650"},{"taxonomy":"post_tag","embeddable":true,"href":"https:\/\/www.caritasne2.org.br\/site\/wp-json\/wp\/v2\/tags?post=650"}],"curies":[{"name":"wp","href":"https:\/\/api.w.org\/{rel}","templated":true}]}}