{"id":6490,"date":"2020-01-27T17:05:49","date_gmt":"2020-01-27T20:05:49","guid":{"rendered":"http:\/\/www.caritasne2.org.br\/?p=6490"},"modified":"2020-01-27T17:05:49","modified_gmt":"2020-01-27T20:05:49","slug":"caritas-e-ufpe-discutem-parceria-em-projetos-sobre-migracao-e-refugio","status":"publish","type":"post","link":"https:\/\/www.caritasne2.org.br\/site\/caritas-e-ufpe-discutem-parceria-em-projetos-sobre-migracao-e-refugio\/","title":{"rendered":"C\u00e1ritas e UFPE discutem parceria em projetos sobre migra\u00e7\u00e3o e ref\u00fagio"},"content":{"rendered":"<p style=\"text-align: justify;\">A C\u00e1ritas Brasileira Regional Nordeste 2 recebeu, na manh\u00e3 da \u00faltima quinta-feira (23), representantes da Universidade Federal de Pernambuco (UFPE) e Universidade Cat\u00f3lica de Pernambuco (Unicap) para discutir estrat\u00e9gias de integra\u00e7\u00e3o entre projetos da UFPE e C\u00e1ritas, cujo foco \u00e9 migra\u00e7\u00e3o e ref\u00fagio. A parceria pode ser desenvolvida para a realiza\u00e7\u00e3o de um curso de extens\u00e3o e semin\u00e1rios sobre o tema na universidade, assim como para a promo\u00e7\u00e3o de feiras multiculturais e pesquisas de campo.<\/p>\n<p style=\"text-align: justify;\">A ideia \u00e9 unir for\u00e7as, para que as a\u00e7\u00f5es de apoio e melhoria das condi\u00e7\u00f5es de vida de migrantes e refugiados no Brasil sejam exemplos que fomentem a transforma\u00e7\u00e3o de ajudas pontuais em Pol\u00edticas P\u00fablicas permanentes, visto que existe na regi\u00e3o um fluxo migrat\u00f3rio constante, n\u00e3o apenas de venezuelanos, como tamb\u00e9m de outras nacionalidades. Nesse sentido, tanto as a\u00e7\u00f5es como o Projeto Creciendo, parceira com a funda\u00e7\u00e3o Interamericana (IAF), executado pela C\u00e1ritas NE2, como o Projeto Migra (UFPE), buscam atender demandas de migrantes venezuelanos em Pernambuco e podem contribuir juntos para a realiza\u00e7\u00e3o de a\u00e7\u00f5es importantes como forma\u00e7\u00e3o profissional e de incid\u00eancia pol\u00edtica que garantam o empoderamento desse p\u00fablico.<\/p>\n<p style=\"text-align: justify;\">A trajet\u00f3ria de acolhida, prote\u00e7\u00e3o e promo\u00e7\u00e3o dos migrantes venezuelanos da C\u00e1ritas NE2 iniciou-se com o Programa Pana, em parceria com a C\u00e1ritas Su\u00ed\u00e7a e Governo Americano, passando depois para o projeto Europana, que garantiu aux\u00edlio financeiro para as fam\u00edlias que iniciaram um processo de autonomia econ\u00f4mica e desligamento dos projetos que prestaram a assist\u00eancia inicial na chegada ao Recife. Nesse momento, a institui\u00e7\u00e3o busca auxiliar os migrantes na inser\u00e7\u00e3o ao mercado de trabalho, assim como fomentar iniciativas de empreendimentos econ\u00f4micos solid\u00e1rios aos venezuelanos com perfil empreendedor.<\/p>\n<p style=\"text-align: justify;\">Para a coordenadora do Projeto Creciendo, Luciana Flor\u00eancio, contar com a Universidade Federal de Pernambuco, assim como a Unicap, no desenvolvimento de algumas a\u00e7\u00f5es significa somar conhecimentos pr\u00e1ticos e cient\u00edficos que s\u00f3 enriquece o debate e agrega iniciativas criativas nas a\u00e7\u00f5es de fortalecimento desse p\u00fablico. \u201cOs parceiros s\u00e3o sempre fundamentais para promo\u00e7\u00e3o de direitos e melhoria da qualidade de vida dos benefici\u00e1rios\u201d, comenta.<\/p>\n<p style=\"text-align: justify;\">A C\u00c1RITAS sediou reuni\u00e3o a convite da UFPE, que tamb\u00e9m estendeu o convite\u00a0 UNICAP para dialogar\u00a0 sobre o PROJETO sobre migra\u00e7\u00e3o\u00a0 \u2013 MIGRA, com iniciativas\u00a0 de professores e estudantes da UFPE, das \u00e1rea de comunica\u00e7\u00e3o e geografia. O projeto tem como objetivos realizar um mapeamento das institui\u00e7\u00f5es que atuam com migra\u00e7\u00e3o e com os processos migrat\u00f3rios nas cidades do estado. A iniciativa tamb\u00e9m prev\u00ea a realiza\u00e7\u00e3o de uma feira multicultural, assim como a fomenta\u00e7\u00e3o de feiras existentes na universidade, de artesanato e agroecol\u00f3gica, entre outras. E de atividades formativas para os profissionais, imigrantes, comunidade acad\u00eamica e sociedade civil.<\/p>\n<p>&nbsp;<\/p>\n<p>&nbsp;<\/p>\n<ul class=\"ssb_list_wrapper\"><li class=\"fb2\" style=\"width:135px\"><iframe src=\"\/\/www.facebook.com\/plugins\/like.php?href=https%3A%2F%2Fwww.caritasne2.org.br%2Fsite%2Fcaritas-e-ufpe-discutem-parceria-em-projetos-sobre-migracao-e-refugio%2F&amp;layout=button_count&amp;action=like&amp;show_faces=false&amp;share=true&amp;width=135&amp;height=21&amp;appId=307091639398582\" scrolling=\"no\" frameborder=\"0\" style=\"border:none; overflow:hidden;  width:150px; height:21px;\" allowTransparency=\"true\"><\/iframe><\/li><li class=\"twtr\" style=\"width:90px\"><a href=\"https:\/\/twitter.com\/share\" class=\"twitter-share-button\" data-url=\"https:\/\/www.caritasne2.org.br\/site\/caritas-e-ufpe-discutem-parceria-em-projetos-sobre-migracao-e-refugio\/\">&nbsp;<\/a><script>!function(d,s,id){var js,fjs=d.getElementsByTagName(s)[0],p=\/^http:\/.test(d.location)?'http':'https';if(!d.getElementById(id)){js=d.createElement(s);js.id=id;js.src=p+':\/\/platform.twitter.com\/widgets.js';fjs.parentNode.insertBefore(js,fjs);}}(document, 'script', 'twitter-wjs');<\/script><\/li><li class=\"gplus\" style=\"width:68px\"><div class=\"g-plusone\" data-size=\"medium\" data-href=\"https:\/\/www.caritasne2.org.br\/site\/caritas-e-ufpe-discutem-parceria-em-projetos-sobre-migracao-e-refugio\/\"><\/div><\/li><li class=\"ssb_linkedin\" style=\"width:64px\"><script src=\"\/\/platform.linkedin.com\/in.js\" type=\"text\/javascript\">lang: en_US<\/script><script type=\"IN\/Share\" data-url=\"https:\/\/www.caritasne2.org.br\/site\/caritas-e-ufpe-discutem-parceria-em-projetos-sobre-migracao-e-refugio\/\" data-counter=\"right\"><\/script><\/li><\/ul>","protected":false},"excerpt":{"rendered":"<p>A C\u00e1ritas Brasileira Regional Nordeste 2 recebeu, na manh\u00e3 da \u00faltima quinta-feira (23), representantes da Universidade Federal de Pernambuco (UFPE) e Universidade Cat\u00f3lica de Pernambuco (Unicap) para discutir estrat\u00e9gias de integra\u00e7\u00e3o entre projetos da UFPE e C\u00e1ritas, cujo foco \u00e9 migra\u00e7\u00e3o e ref\u00fagio. A parceria pode ser desenvolvida para a realiza\u00e7\u00e3o de um curso de extens\u00e3o e semin\u00e1rios sobre o tema na universidade, assim como [&hellip;]<\/p>\n<ul class=\"ssb_list_wrapper\"><li class=\"fb2\" style=\"width:135px\"><iframe src=\"\/\/www.facebook.com\/plugins\/like.php?href=https%3A%2F%2Fwww.caritasne2.org.br%2Fsite%2Fcaritas-e-ufpe-discutem-parceria-em-projetos-sobre-migracao-e-refugio%2F&amp;layout=button_count&amp;action=like&amp;show_faces=false&amp;share=true&amp;width=135&amp;height=21&amp;appId=307091639398582\" scrolling=\"no\" frameborder=\"0\" style=\"border:none; overflow:hidden;  width:150px; height:21px;\" allowTransparency=\"true\"><\/iframe><\/li><li class=\"twtr\" style=\"width:90px\"><a href=\"https:\/\/twitter.com\/share\" class=\"twitter-share-button\" data-url=\"https:\/\/www.caritasne2.org.br\/site\/caritas-e-ufpe-discutem-parceria-em-projetos-sobre-migracao-e-refugio\/\">&nbsp;<\/a><script>!function(d,s,id){var js,fjs=d.getElementsByTagName(s)[0],p=\/^http:\/.test(d.location)?'http':'https';if(!d.getElementById(id)){js=d.createElement(s);js.id=id;js.src=p+':\/\/platform.twitter.com\/widgets.js';fjs.parentNode.insertBefore(js,fjs);}}(document, 'script', 'twitter-wjs');<\/script><\/li><li class=\"gplus\" style=\"width:68px\"><div class=\"g-plusone\" data-size=\"medium\" data-href=\"https:\/\/www.caritasne2.org.br\/site\/caritas-e-ufpe-discutem-parceria-em-projetos-sobre-migracao-e-refugio\/\"><\/div><\/li><li class=\"ssb_linkedin\" style=\"width:64px\"><script src=\"\/\/platform.linkedin.com\/in.js\" type=\"text\/javascript\">lang: en_US<\/script><script type=\"IN\/Share\" data-url=\"https:\/\/www.caritasne2.org.br\/site\/caritas-e-ufpe-discutem-parceria-em-projetos-sobre-migracao-e-refugio\/\" data-counter=\"right\"><\/script><\/li><\/ul>","protected":false},"author":4,"featured_media":6491,"comment_status":"open","ping_status":"open","sticky":false,"template":"","format":"standard","meta":[],"categories":[21,20,466,259],"tags":[],"_links":{"self":[{"href":"https:\/\/www.caritasne2.org.br\/site\/wp-json\/wp\/v2\/posts\/6490"}],"collection":[{"href":"https:\/\/www.caritasne2.org.br\/site\/wp-json\/wp\/v2\/posts"}],"about":[{"href":"https:\/\/www.caritasne2.org.br\/site\/wp-json\/wp\/v2\/types\/post"}],"author":[{"embeddable":true,"href":"https:\/\/www.caritasne2.org.br\/site\/wp-json\/wp\/v2\/users\/4"}],"replies":[{"embeddable":true,"href":"https:\/\/www.caritasne2.org.br\/site\/wp-json\/wp\/v2\/comments?post=6490"}],"version-history":[{"count":0,"href":"https:\/\/www.caritasne2.org.br\/site\/wp-json\/wp\/v2\/posts\/6490\/revisions"}],"wp:featuredmedia":[{"embeddable":true,"href":"https:\/\/www.caritasne2.org.br\/site\/wp-json\/wp\/v2\/media\/6491"}],"wp:attachment":[{"href":"https:\/\/www.caritasne2.org.br\/site\/wp-json\/wp\/v2\/media?parent=6490"}],"wp:term":[{"taxonomy":"category","embeddable":true,"href":"https:\/\/www.caritasne2.org.br\/site\/wp-json\/wp\/v2\/categories?post=6490"},{"taxonomy":"post_tag","embeddable":true,"href":"https:\/\/www.caritasne2.org.br\/site\/wp-json\/wp\/v2\/tags?post=6490"}],"curies":[{"name":"wp","href":"https:\/\/api.w.org\/{rel}","templated":true}]}}