{"id":6481,"date":"2020-01-22T17:02:52","date_gmt":"2020-01-22T20:02:52","guid":{"rendered":"http:\/\/www.caritasne2.org.br\/?p=6481"},"modified":"2025-01-09T13:39:12","modified_gmt":"2025-01-09T16:39:12","slug":"documentario-sobre-a-acolhida-aos-venezuelanos-e-lancado-em-recife","status":"publish","type":"post","link":"https:\/\/www.caritasne2.org.br\/site\/documentario-sobre-a-acolhida-aos-venezuelanos-e-lancado-em-recife\/","title":{"rendered":"Document\u00e1rio sobre a acolhida aos venezuelanos \u00e9 lan\u00e7ado em Recife"},"content":{"rendered":"<p style=\"text-align: justify;\">Entender o outro a partir de hist\u00f3rias de vida contadas numa tela de cinema. Na noite desta segunda-feira (20), a arte foi o canal para provocar empatia no p\u00fablico que esteve no Cinema S\u00e3o Luiz, no centro do Recife, para assistir o document\u00e1rio Vindas e Vidas. Com sala lotada, o filme relatou como foi a sa\u00edda de quatro fam\u00edlias venezuelanas do seu pa\u00eds, contou qual foi a raz\u00e3o dessa migra\u00e7\u00e3o, assim como mostrou suas trajet\u00f3rias at\u00e9 a chegada na capital pernambucana, onde foram acolhidos pala C\u00e1ritas Brasileira Regional Nordeste 2.<\/p>\n<p><a href=\"https:\/\/www.youtube.com\/watch?v=cJbey-7n4Bc&amp;pp=ygUOdmluZGFzIGUgdmlkYXM%3D\" target=\"_blank\" rel=\"noopener\"><strong>ACESSE O DOCUMENT\u00c1RIO<\/strong><\/a><\/p>\n<p style=\"text-align: justify;\">A exibi\u00e7\u00e3o levou o p\u00fablico a sentir uma mistura dos sentimentos de angustias, afli\u00e7\u00e3o, determina\u00e7\u00e3o, for\u00e7a e saudade. Quem v\u00ea entende que os que chegaram \u00e0s terras brasileiras n\u00e3o vieram por op\u00e7\u00e3o ou para trazer problemas, n\u00e3o h\u00e1 o desejo de ficar, chegaram porque precisaram fugir da fome e das dificuldades econ\u00f4micas pelas quais est\u00e1 passando o povo da Venezuela, na maior crise humanit\u00e1ria vivida no pa\u00eds vizinho.<\/p>\n<p style=\"text-align: justify;\"><a href=\"http:\/\/www.caritasne2.org.br\/documentario-sobre-a-acolhida-aos-venezuelanos-e-lancado-em-recife\/maira\/\" rel=\"attachment wp-att-6485\"><img decoding=\"async\" loading=\"lazy\" class=\"size-medium wp-image-6485 alignleft\" src=\"http:\/\/www.caritasne2.org.br\/wp-content\/uploads\/2020\/01\/Maira-300x204.png\" alt=\"\" width=\"300\" height=\"204\" srcset=\"https:\/\/www.caritasne2.org.br\/site\/wp-content\/uploads\/2020\/01\/Maira-300x204.png 300w, https:\/\/www.caritasne2.org.br\/site\/wp-content\/uploads\/2020\/01\/Maira-768x523.png 768w, https:\/\/www.caritasne2.org.br\/site\/wp-content\/uploads\/2020\/01\/Maira.png 998w\" sizes=\"(max-width: 300px) 100vw, 300px\" \/><\/a>\u201cQuando tu chegas em casa e n\u00e3o tem comida para alimentar os filhos, a \u00fanica solu\u00e7\u00e3o \u00e9 fugir\u201d, nos conta com l\u00e1grimas nos olhos a venezuelana Maira Karina Camacho durante o document\u00e1rio. \u201cNingu\u00e9m quer sair do seu pa\u00eds e todo venezuelano quer voltar para a Venezuela. At\u00e9 quem vai conhecer tamb\u00e9m quer voltar, porque \u00e9 um lugar muito bonito\u201d, completa Franklin Rivas no v\u00eddeo.<\/p>\n<p style=\"text-align: justify;\">Para quem atravessou dois pa\u00edses inteiros em busca de sobreviv\u00eancia, como o casal formado pela venezuelana Noelis Quijada e brasileiro Rodrigo Escobar, que sa\u00edram de Caracas (Norte da Venezuela) e fizeram uma viagem de carro durante um m\u00eas at\u00e9 Porto Alegre, na regi\u00e3o Sul do Brasil, antes de vir para Pernambuco, a busca foi pelo recome\u00e7o. \u201cEspero que as pessoas entendam que estamos come\u00e7ando do zero. E n\u00e3o \u00e9 f\u00e1cil, porque j\u00e1 t\u00ednhamos come\u00e7ado tudo. N\u00f3s t\u00ednhamos tudo na Venezuela, t\u00ednhamos nossa casa pr\u00f3pria. Ent\u00e3o acho que esse filme vai servir muito para aprofundar essa sensibilidade que o brasileiro j\u00e1 tem para com nossos problemas\u201d, comenta Noelis.<\/p>\n<p style=\"text-align: justify;\">Segundo a secret\u00e1ria regional da C\u00e1ritas Brasileira, Neilda Pereira, o document\u00e1rio mostra o trabalho de acolhida realizado com muito amor e cuidado pela igreja cat\u00f3lica, atrav\u00e9s da C\u00e1ritas Brasileira, organismo da Confer\u00eancia Nacional dos Bispos do Brasil (CNBB). \u201cO Papa Francisco nos orienta a acolher, proteger, promover e integrar, e assim fizemos no projeto Pana, em parceria com a C\u00e1ritas Su\u00ed\u00e7a, e como fazemos em todas as a\u00e7\u00f5es do Regional Nordeste 2 onde o foco \u00e9 migra\u00e7\u00e3o\u201d.<\/p>\n<p style=\"text-align: justify;\">A secret\u00e1ria entende ainda que o maior objetivo para a produ\u00e7\u00e3o do document\u00e1rio j\u00e1 est\u00e1 sendo alcan\u00e7ado, que \u00e9 fomentar na sociedade as discuss\u00f5es e formata\u00e7\u00e3o de pol\u00edticas p\u00fablicas voltadas para Migrantes e Refugiados. \u201cN\u00e3o queremos parar at\u00e9 que haja de fato pol\u00edticas eficazes, porque os venezuelanos continuam chegando e a grande parte deles em situa\u00e7\u00e3o de vulnerabilidade, como \u00e9 o caso dos ind\u00edgenas da etnia Warao, que temos visto pedindo esmolas nos sinais da cidade\u201d, lembra Neilda.<\/p>\n<p style=\"text-align: justify;\"><a href=\"http:\/\/www.caritasne2.org.br\/documentario-sobre-a-acolhida-aos-venezuelanos-e-lancado-em-recife\/11cafbea-41ab-444e-ae02-7f4b76a40dc4\/\" rel=\"attachment wp-att-6482\"><img decoding=\"async\" loading=\"lazy\" class=\"size-medium wp-image-6482 alignright\" src=\"http:\/\/www.caritasne2.org.br\/wp-content\/uploads\/2020\/01\/11cafbea-41ab-444e-ae02-7f4b76a40dc4-300x225.jpg\" alt=\"\" width=\"300\" height=\"225\" srcset=\"https:\/\/www.caritasne2.org.br\/site\/wp-content\/uploads\/2020\/01\/11cafbea-41ab-444e-ae02-7f4b76a40dc4-300x225.jpg 300w, https:\/\/www.caritasne2.org.br\/site\/wp-content\/uploads\/2020\/01\/11cafbea-41ab-444e-ae02-7f4b76a40dc4-768x576.jpg 768w, https:\/\/www.caritasne2.org.br\/site\/wp-content\/uploads\/2020\/01\/11cafbea-41ab-444e-ae02-7f4b76a40dc4-1024x768.jpg 1024w, https:\/\/www.caritasne2.org.br\/site\/wp-content\/uploads\/2020\/01\/11cafbea-41ab-444e-ae02-7f4b76a40dc4.jpg 1152w\" sizes=\"(max-width: 300px) 100vw, 300px\" \/><\/a>O filme com cerca de 50 minutos de dura\u00e7\u00e3o foi resultado da parceria entre a C\u00e1ritas Brasileira Regional Nordeste 2, o Minist\u00e9rio P\u00fablico Federal (MPF) e a Universidade Cat\u00f3lica de Pernambuco. Durante a sess\u00e3o estiveram presentes os representantes das tr\u00eas institui\u00e7\u00f5es Neilda Pereira, o procurador-chefe da PRR5, Marcelo Alves, e o reitor da Unicap, Padre Pedro Rubens, al\u00e9m de convidados representantes da Igreja, como Dom Fernando Saborido, do Governo do Estado de Pernambuco, o secret\u00e1rio Justi\u00e7a e Direitos Humanos, Pedro Eurico, e o presidente da Ordem dos Advogados do Brasil (OAB\/PE), Bruno Batista.<\/p>\n<p style=\"text-align: justify;\">Apesar do document\u00e1rio ter sido apresentado em sess\u00e3o \u00fanica no Cinema S\u00e3o Luiz, as institui\u00e7\u00f5es parceiras est\u00e3o montando um calend\u00e1rio de exibi\u00e7\u00e3o. A ideia \u00e9 apresent\u00e1-lo inicialmente em espa\u00e7os onde possam ser fomentados debates acerca do tema migra\u00e7\u00e3o e ref\u00fagio, para depois disponibilizar o trabalho em plataformas abertas como o YouTube.<\/p>\n<p>&nbsp;<\/p>\n<p>&nbsp;<\/p>\n<ul class=\"ssb_list_wrapper\"><li class=\"fb2\" style=\"width:135px\"><iframe src=\"\/\/www.facebook.com\/plugins\/like.php?href=https%3A%2F%2Fwww.caritasne2.org.br%2Fsite%2Fdocumentario-sobre-a-acolhida-aos-venezuelanos-e-lancado-em-recife%2F&amp;layout=button_count&amp;action=like&amp;show_faces=false&amp;share=true&amp;width=135&amp;height=21&amp;appId=307091639398582\" scrolling=\"no\" frameborder=\"0\" style=\"border:none; overflow:hidden;  width:150px; height:21px;\" allowTransparency=\"true\"><\/iframe><\/li><li class=\"twtr\" style=\"width:90px\"><a href=\"https:\/\/twitter.com\/share\" class=\"twitter-share-button\" data-url=\"https:\/\/www.caritasne2.org.br\/site\/documentario-sobre-a-acolhida-aos-venezuelanos-e-lancado-em-recife\/\">&nbsp;<\/a><script>!function(d,s,id){var js,fjs=d.getElementsByTagName(s)[0],p=\/^http:\/.test(d.location)?'http':'https';if(!d.getElementById(id)){js=d.createElement(s);js.id=id;js.src=p+':\/\/platform.twitter.com\/widgets.js';fjs.parentNode.insertBefore(js,fjs);}}(document, 'script', 'twitter-wjs');<\/script><\/li><li class=\"gplus\" style=\"width:68px\"><div class=\"g-plusone\" data-size=\"medium\" data-href=\"https:\/\/www.caritasne2.org.br\/site\/documentario-sobre-a-acolhida-aos-venezuelanos-e-lancado-em-recife\/\"><\/div><\/li><li class=\"ssb_linkedin\" style=\"width:64px\"><script src=\"\/\/platform.linkedin.com\/in.js\" type=\"text\/javascript\">lang: en_US<\/script><script type=\"IN\/Share\" data-url=\"https:\/\/www.caritasne2.org.br\/site\/documentario-sobre-a-acolhida-aos-venezuelanos-e-lancado-em-recife\/\" data-counter=\"right\"><\/script><\/li><\/ul>","protected":false},"excerpt":{"rendered":"<p>Entender o outro a partir de hist\u00f3rias de vida contadas numa tela de cinema. Na noite desta segunda-feira (20), a arte foi o canal para provocar empatia no p\u00fablico que esteve no Cinema S\u00e3o Luiz, no centro do Recife, para assistir o document\u00e1rio Vindas e Vidas. Com sala lotada, o filme relatou como foi a sa\u00edda de quatro fam\u00edlias venezuelanas do seu pa\u00eds, contou qual [&hellip;]<\/p>\n<ul class=\"ssb_list_wrapper\"><li class=\"fb2\" style=\"width:135px\"><iframe src=\"\/\/www.facebook.com\/plugins\/like.php?href=https%3A%2F%2Fwww.caritasne2.org.br%2Fsite%2Fdocumentario-sobre-a-acolhida-aos-venezuelanos-e-lancado-em-recife%2F&amp;layout=button_count&amp;action=like&amp;show_faces=false&amp;share=true&amp;width=135&amp;height=21&amp;appId=307091639398582\" scrolling=\"no\" frameborder=\"0\" style=\"border:none; overflow:hidden;  width:150px; height:21px;\" allowTransparency=\"true\"><\/iframe><\/li><li class=\"twtr\" style=\"width:90px\"><a href=\"https:\/\/twitter.com\/share\" class=\"twitter-share-button\" data-url=\"https:\/\/www.caritasne2.org.br\/site\/documentario-sobre-a-acolhida-aos-venezuelanos-e-lancado-em-recife\/\">&nbsp;<\/a><script>!function(d,s,id){var js,fjs=d.getElementsByTagName(s)[0],p=\/^http:\/.test(d.location)?'http':'https';if(!d.getElementById(id)){js=d.createElement(s);js.id=id;js.src=p+':\/\/platform.twitter.com\/widgets.js';fjs.parentNode.insertBefore(js,fjs);}}(document, 'script', 'twitter-wjs');<\/script><\/li><li class=\"gplus\" style=\"width:68px\"><div class=\"g-plusone\" data-size=\"medium\" data-href=\"https:\/\/www.caritasne2.org.br\/site\/documentario-sobre-a-acolhida-aos-venezuelanos-e-lancado-em-recife\/\"><\/div><\/li><li class=\"ssb_linkedin\" style=\"width:64px\"><script src=\"\/\/platform.linkedin.com\/in.js\" type=\"text\/javascript\">lang: en_US<\/script><script type=\"IN\/Share\" data-url=\"https:\/\/www.caritasne2.org.br\/site\/documentario-sobre-a-acolhida-aos-venezuelanos-e-lancado-em-recife\/\" data-counter=\"right\"><\/script><\/li><\/ul>","protected":false},"author":4,"featured_media":6483,"comment_status":"open","ping_status":"open","sticky":false,"template":"","format":"standard","meta":[],"categories":[21,20,466,259],"tags":[],"_links":{"self":[{"href":"https:\/\/www.caritasne2.org.br\/site\/wp-json\/wp\/v2\/posts\/6481"}],"collection":[{"href":"https:\/\/www.caritasne2.org.br\/site\/wp-json\/wp\/v2\/posts"}],"about":[{"href":"https:\/\/www.caritasne2.org.br\/site\/wp-json\/wp\/v2\/types\/post"}],"author":[{"embeddable":true,"href":"https:\/\/www.caritasne2.org.br\/site\/wp-json\/wp\/v2\/users\/4"}],"replies":[{"embeddable":true,"href":"https:\/\/www.caritasne2.org.br\/site\/wp-json\/wp\/v2\/comments?post=6481"}],"version-history":[{"count":2,"href":"https:\/\/www.caritasne2.org.br\/site\/wp-json\/wp\/v2\/posts\/6481\/revisions"}],"predecessor-version":[{"id":13057,"href":"https:\/\/www.caritasne2.org.br\/site\/wp-json\/wp\/v2\/posts\/6481\/revisions\/13057"}],"wp:featuredmedia":[{"embeddable":true,"href":"https:\/\/www.caritasne2.org.br\/site\/wp-json\/wp\/v2\/media\/6483"}],"wp:attachment":[{"href":"https:\/\/www.caritasne2.org.br\/site\/wp-json\/wp\/v2\/media?parent=6481"}],"wp:term":[{"taxonomy":"category","embeddable":true,"href":"https:\/\/www.caritasne2.org.br\/site\/wp-json\/wp\/v2\/categories?post=6481"},{"taxonomy":"post_tag","embeddable":true,"href":"https:\/\/www.caritasne2.org.br\/site\/wp-json\/wp\/v2\/tags?post=6481"}],"curies":[{"name":"wp","href":"https:\/\/api.w.org\/{rel}","templated":true}]}}