{"id":6471,"date":"2020-01-17T12:12:33","date_gmt":"2020-01-17T15:12:33","guid":{"rendered":"http:\/\/www.caritasne2.org.br\/?p=6471"},"modified":"2020-01-20T13:26:25","modified_gmt":"2020-01-20T16:26:25","slug":"primeira-reuniao-do-comite-sobre-migrantes-discute-acesso-ao-mercado-de-trabalho-para-venezuelanos","status":"publish","type":"post","link":"https:\/\/www.caritasne2.org.br\/site\/primeira-reuniao-do-comite-sobre-migrantes-discute-acesso-ao-mercado-de-trabalho-para-venezuelanos\/","title":{"rendered":"Primeira reuni\u00e3o do Comit\u00ea sobre migrantes discute acesso ao mercado de trabalho para venezuelanos"},"content":{"rendered":"<p style=\"text-align: justify;\">O acesso ao mercado de trabalho para venezuelanos, em especial mulheres jovens, foi pauta principal da reuni\u00e3o do Comit\u00ea de Promo\u00e7\u00e3o dos Direitos das Pessoas em Situa\u00e7\u00e3o de Migra\u00e7\u00e3o, Ref\u00fagio e Apatradia (CPDPSM), que aconteceu na manh\u00e3 dessa sexta-feira (17), na sede do Conselho Regional de Psicologia do Recife, com a coordena\u00e7\u00e3o dos t\u00e9cnicos do Programa Creciendo, executado pela C\u00e1ritas Brasileira Regional Nordeste 2 em parceria com a Funda\u00e7\u00e3o Interamericana (IAF).<\/p>\n<p>Na abertura da reuni\u00e3o, foi apresentado pela a equipe da C\u00e1ritas Brasileira Regional Nordeste 2 os resultados do Diagn\u00f3stico R\u00e1pido Urbano Participativo (DRUP), realizado com 88 venezuelanos, e que aponta dire\u00e7\u00f5es para as a\u00e7\u00f5es que ser\u00e3o tra\u00e7adas pela C\u00e1ritas, mas tamb\u00e9m pelos demais \u00d3rg\u00e3os do Estado e sociedade civil que comp\u00f5em o Comit\u00ea. O estudo feito em parceria com doutorandos da Universidade Federal de Pernambuco (UFPE), mostra tamb\u00e9m aspectos culturais e socioecon\u00f4micos dos venezuelanos que chegaram a Pernambuco, suas necessidades atuais e as perspectivas para o futuro.<\/p>\n<p>Para a Coordenadora do Programa Creciendo, Luciana Flor\u00eancio, o diagn\u00f3stico revelou que 61% dos migrantes venezuelanos que est\u00e3o fora do mercado de trabalho s\u00e3o mulheres jovens. \u201cDos entrevistados, 77% se reconhece como empreendedor. A maioria deseja ser capacitada para que possam trabalhar no mercado informal de alimenta\u00e7\u00e3o, moda, artesanato, tecnologia e sa\u00fade, entre outros\u201d.<\/p>\n<p>Em pauta tamb\u00e9m estiveram as discuss\u00f5es sobre os venezuelanos da etnia Warao e as novas den\u00fancias que t\u00eam chegado ao Minist\u00e9rio P\u00fablico de Pernambuco (MPPE), sobre as condi\u00e7\u00f5es de vida do grupo. Os participantes discutiram ainda as articula\u00e7\u00f5es para empregabilidade que est\u00e3o sendo realizadas pelo Minist\u00e9rios P\u00fablico do Trabalho (NPT), um encontro entre crian\u00e7as e adolescentes migrantes de Angola e Venezuela, assim como a exibi\u00e7\u00e3o, na pr\u00f3xima segunda-feira (20), do document\u00e1rio Vindas e Vidas, uma produ\u00e7\u00e3o do Minist\u00e9rio P\u00fablico Federal (MPF) em parceria com a Universidade Cat\u00f3lica de Pernambuco (Unicap) e C\u00e1ritas Brasileira Regional NE2.<\/p>\n<p>A reuni\u00e3o contou ainda com a presen\u00e7a de representantes do Tribunal de Contas de Pe, CIMI NE, AMAI, Unicap, Instituto Alian\u00e7a, Secretaria de Desenvolvimento Social de Carpina e Aldeias Infantis.<\/p>\n<ul class=\"ssb_list_wrapper\"><li class=\"fb2\" style=\"width:135px\"><iframe src=\"\/\/www.facebook.com\/plugins\/like.php?href=https%3A%2F%2Fwww.caritasne2.org.br%2Fsite%2Fprimeira-reuniao-do-comite-sobre-migrantes-discute-acesso-ao-mercado-de-trabalho-para-venezuelanos%2F&amp;layout=button_count&amp;action=like&amp;show_faces=false&amp;share=true&amp;width=135&amp;height=21&amp;appId=307091639398582\" scrolling=\"no\" frameborder=\"0\" style=\"border:none; overflow:hidden;  width:150px; height:21px;\" allowTransparency=\"true\"><\/iframe><\/li><li class=\"twtr\" style=\"width:90px\"><a href=\"https:\/\/twitter.com\/share\" class=\"twitter-share-button\" data-url=\"https:\/\/www.caritasne2.org.br\/site\/primeira-reuniao-do-comite-sobre-migrantes-discute-acesso-ao-mercado-de-trabalho-para-venezuelanos\/\">&nbsp;<\/a><script>!function(d,s,id){var js,fjs=d.getElementsByTagName(s)[0],p=\/^http:\/.test(d.location)?'http':'https';if(!d.getElementById(id)){js=d.createElement(s);js.id=id;js.src=p+':\/\/platform.twitter.com\/widgets.js';fjs.parentNode.insertBefore(js,fjs);}}(document, 'script', 'twitter-wjs');<\/script><\/li><li class=\"gplus\" style=\"width:68px\"><div class=\"g-plusone\" data-size=\"medium\" data-href=\"https:\/\/www.caritasne2.org.br\/site\/primeira-reuniao-do-comite-sobre-migrantes-discute-acesso-ao-mercado-de-trabalho-para-venezuelanos\/\"><\/div><\/li><li class=\"ssb_linkedin\" style=\"width:64px\"><script src=\"\/\/platform.linkedin.com\/in.js\" type=\"text\/javascript\">lang: en_US<\/script><script type=\"IN\/Share\" data-url=\"https:\/\/www.caritasne2.org.br\/site\/primeira-reuniao-do-comite-sobre-migrantes-discute-acesso-ao-mercado-de-trabalho-para-venezuelanos\/\" data-counter=\"right\"><\/script><\/li><\/ul>","protected":false},"excerpt":{"rendered":"<p>O acesso ao mercado de trabalho para venezuelanos, em especial mulheres jovens, foi pauta principal da reuni\u00e3o do Comit\u00ea de Promo\u00e7\u00e3o dos Direitos das Pessoas em Situa\u00e7\u00e3o de Migra\u00e7\u00e3o, Ref\u00fagio e Apatradia (CPDPSM), que aconteceu na manh\u00e3 dessa sexta-feira (17), na sede do Conselho Regional de Psicologia do Recife, com a coordena\u00e7\u00e3o dos t\u00e9cnicos do Programa Creciendo, executado pela C\u00e1ritas Brasileira Regional Nordeste 2 em [&hellip;]<\/p>\n<ul class=\"ssb_list_wrapper\"><li class=\"fb2\" style=\"width:135px\"><iframe src=\"\/\/www.facebook.com\/plugins\/like.php?href=https%3A%2F%2Fwww.caritasne2.org.br%2Fsite%2Fprimeira-reuniao-do-comite-sobre-migrantes-discute-acesso-ao-mercado-de-trabalho-para-venezuelanos%2F&amp;layout=button_count&amp;action=like&amp;show_faces=false&amp;share=true&amp;width=135&amp;height=21&amp;appId=307091639398582\" scrolling=\"no\" frameborder=\"0\" style=\"border:none; overflow:hidden;  width:150px; height:21px;\" allowTransparency=\"true\"><\/iframe><\/li><li class=\"twtr\" style=\"width:90px\"><a href=\"https:\/\/twitter.com\/share\" class=\"twitter-share-button\" data-url=\"https:\/\/www.caritasne2.org.br\/site\/primeira-reuniao-do-comite-sobre-migrantes-discute-acesso-ao-mercado-de-trabalho-para-venezuelanos\/\">&nbsp;<\/a><script>!function(d,s,id){var js,fjs=d.getElementsByTagName(s)[0],p=\/^http:\/.test(d.location)?'http':'https';if(!d.getElementById(id)){js=d.createElement(s);js.id=id;js.src=p+':\/\/platform.twitter.com\/widgets.js';fjs.parentNode.insertBefore(js,fjs);}}(document, 'script', 'twitter-wjs');<\/script><\/li><li class=\"gplus\" style=\"width:68px\"><div class=\"g-plusone\" data-size=\"medium\" data-href=\"https:\/\/www.caritasne2.org.br\/site\/primeira-reuniao-do-comite-sobre-migrantes-discute-acesso-ao-mercado-de-trabalho-para-venezuelanos\/\"><\/div><\/li><li class=\"ssb_linkedin\" style=\"width:64px\"><script src=\"\/\/platform.linkedin.com\/in.js\" type=\"text\/javascript\">lang: en_US<\/script><script type=\"IN\/Share\" data-url=\"https:\/\/www.caritasne2.org.br\/site\/primeira-reuniao-do-comite-sobre-migrantes-discute-acesso-ao-mercado-de-trabalho-para-venezuelanos\/\" data-counter=\"right\"><\/script><\/li><\/ul>","protected":false},"author":4,"featured_media":6474,"comment_status":"open","ping_status":"open","sticky":false,"template":"","format":"standard","meta":[],"categories":[21,20,466,259],"tags":[],"_links":{"self":[{"href":"https:\/\/www.caritasne2.org.br\/site\/wp-json\/wp\/v2\/posts\/6471"}],"collection":[{"href":"https:\/\/www.caritasne2.org.br\/site\/wp-json\/wp\/v2\/posts"}],"about":[{"href":"https:\/\/www.caritasne2.org.br\/site\/wp-json\/wp\/v2\/types\/post"}],"author":[{"embeddable":true,"href":"https:\/\/www.caritasne2.org.br\/site\/wp-json\/wp\/v2\/users\/4"}],"replies":[{"embeddable":true,"href":"https:\/\/www.caritasne2.org.br\/site\/wp-json\/wp\/v2\/comments?post=6471"}],"version-history":[{"count":0,"href":"https:\/\/www.caritasne2.org.br\/site\/wp-json\/wp\/v2\/posts\/6471\/revisions"}],"wp:featuredmedia":[{"embeddable":true,"href":"https:\/\/www.caritasne2.org.br\/site\/wp-json\/wp\/v2\/media\/6474"}],"wp:attachment":[{"href":"https:\/\/www.caritasne2.org.br\/site\/wp-json\/wp\/v2\/media?parent=6471"}],"wp:term":[{"taxonomy":"category","embeddable":true,"href":"https:\/\/www.caritasne2.org.br\/site\/wp-json\/wp\/v2\/categories?post=6471"},{"taxonomy":"post_tag","embeddable":true,"href":"https:\/\/www.caritasne2.org.br\/site\/wp-json\/wp\/v2\/tags?post=6471"}],"curies":[{"name":"wp","href":"https:\/\/api.w.org\/{rel}","templated":true}]}}