{"id":6231,"date":"2019-10-18T10:38:46","date_gmt":"2019-10-18T13:38:46","guid":{"rendered":"http:\/\/www.caritasne2.org.br\/?p=6231"},"modified":"2019-11-08T11:07:12","modified_gmt":"2019-11-08T14:07:12","slug":"caritas-regional-ne2-colabora-com-o-fortalecimento-das-mulheres-de-pureza-rn","status":"publish","type":"post","link":"https:\/\/www.caritasne2.org.br\/site\/caritas-regional-ne2-colabora-com-o-fortalecimento-das-mulheres-de-pureza-rn\/","title":{"rendered":"C\u00e1ritas Regional NE2 colabora com o fortalecimento das mulheres de Pureza | RN"},"content":{"rendered":"<p>A C\u00e1ritas Regional Nordeste II, representada pela articuladora pedag\u00f3gica institucional da entidade em Natal\/RN, Ev\u00e2nia Rodrigues, participou no \u00faltimo dia 15 de outubro, do encontro com as mulheres da comunidade de Nova Descoberta, na capital Potiguar. O objetivo da atividade foi tra\u00e7ar planos e contribuir para o fortalecimento dessa representa\u00e7\u00e3o feminina. Al\u00e9m disso, as participantes trabalharam a auto-organiza\u00e7\u00e3o do grupo, assim como pensaram e planejaram futuras a\u00e7\u00f5es.<\/p>\n<p>O desejo das mulheres da comunidade \u00e9 que possam se organizar em grupos para desenvolver trabalho, renda e autonomia para as donas de casa, exercendo atividades que sabem fazer e podem conciliar com as tarefas do dia a dia como costuras, artesanato e produ\u00e7\u00e3o do hortali\u00e7as, entre outras. A ideia \u00e9 produzir e comercializar dentro da comunidade, assim como na cidade, considerando que h\u00e1 grande dificuldade local em encontrar alimentos livres de agrot\u00f3xicos no com\u00e9rcio.<\/p>\n<ul class=\"ssb_list_wrapper\"><li class=\"fb2\" style=\"width:135px\"><iframe src=\"\/\/www.facebook.com\/plugins\/like.php?href=https%3A%2F%2Fwww.caritasne2.org.br%2Fsite%2Fcaritas-regional-ne2-colabora-com-o-fortalecimento-das-mulheres-de-pureza-rn%2F&amp;layout=button_count&amp;action=like&amp;show_faces=false&amp;share=true&amp;width=135&amp;height=21&amp;appId=307091639398582\" scrolling=\"no\" frameborder=\"0\" style=\"border:none; overflow:hidden;  width:150px; height:21px;\" allowTransparency=\"true\"><\/iframe><\/li><li class=\"twtr\" style=\"width:90px\"><a href=\"https:\/\/twitter.com\/share\" class=\"twitter-share-button\" data-url=\"https:\/\/www.caritasne2.org.br\/site\/caritas-regional-ne2-colabora-com-o-fortalecimento-das-mulheres-de-pureza-rn\/\">&nbsp;<\/a><script>!function(d,s,id){var js,fjs=d.getElementsByTagName(s)[0],p=\/^http:\/.test(d.location)?'http':'https';if(!d.getElementById(id)){js=d.createElement(s);js.id=id;js.src=p+':\/\/platform.twitter.com\/widgets.js';fjs.parentNode.insertBefore(js,fjs);}}(document, 'script', 'twitter-wjs');<\/script><\/li><li class=\"gplus\" style=\"width:68px\"><div class=\"g-plusone\" data-size=\"medium\" data-href=\"https:\/\/www.caritasne2.org.br\/site\/caritas-regional-ne2-colabora-com-o-fortalecimento-das-mulheres-de-pureza-rn\/\"><\/div><\/li><li class=\"ssb_linkedin\" style=\"width:64px\"><script src=\"\/\/platform.linkedin.com\/in.js\" type=\"text\/javascript\">lang: en_US<\/script><script type=\"IN\/Share\" data-url=\"https:\/\/www.caritasne2.org.br\/site\/caritas-regional-ne2-colabora-com-o-fortalecimento-das-mulheres-de-pureza-rn\/\" data-counter=\"right\"><\/script><\/li><\/ul>","protected":false},"excerpt":{"rendered":"<p>A C\u00e1ritas Regional Nordeste II, representada pela articuladora pedag\u00f3gica institucional da entidade em Natal\/RN, Ev\u00e2nia Rodrigues, participou no \u00faltimo dia 15 de outubro, do encontro com as mulheres da comunidade de Nova Descoberta, na capital Potiguar. O objetivo da atividade foi tra\u00e7ar planos e contribuir para o fortalecimento dessa representa\u00e7\u00e3o feminina. Al\u00e9m disso, as participantes trabalharam a auto-organiza\u00e7\u00e3o do grupo, assim como pensaram e planejaram [&hellip;]<\/p>\n<ul class=\"ssb_list_wrapper\"><li class=\"fb2\" style=\"width:135px\"><iframe src=\"\/\/www.facebook.com\/plugins\/like.php?href=https%3A%2F%2Fwww.caritasne2.org.br%2Fsite%2Fcaritas-regional-ne2-colabora-com-o-fortalecimento-das-mulheres-de-pureza-rn%2F&amp;layout=button_count&amp;action=like&amp;show_faces=false&amp;share=true&amp;width=135&amp;height=21&amp;appId=307091639398582\" scrolling=\"no\" frameborder=\"0\" style=\"border:none; overflow:hidden;  width:150px; height:21px;\" allowTransparency=\"true\"><\/iframe><\/li><li class=\"twtr\" style=\"width:90px\"><a href=\"https:\/\/twitter.com\/share\" class=\"twitter-share-button\" data-url=\"https:\/\/www.caritasne2.org.br\/site\/caritas-regional-ne2-colabora-com-o-fortalecimento-das-mulheres-de-pureza-rn\/\">&nbsp;<\/a><script>!function(d,s,id){var js,fjs=d.getElementsByTagName(s)[0],p=\/^http:\/.test(d.location)?'http':'https';if(!d.getElementById(id)){js=d.createElement(s);js.id=id;js.src=p+':\/\/platform.twitter.com\/widgets.js';fjs.parentNode.insertBefore(js,fjs);}}(document, 'script', 'twitter-wjs');<\/script><\/li><li class=\"gplus\" style=\"width:68px\"><div class=\"g-plusone\" data-size=\"medium\" data-href=\"https:\/\/www.caritasne2.org.br\/site\/caritas-regional-ne2-colabora-com-o-fortalecimento-das-mulheres-de-pureza-rn\/\"><\/div><\/li><li class=\"ssb_linkedin\" style=\"width:64px\"><script src=\"\/\/platform.linkedin.com\/in.js\" type=\"text\/javascript\">lang: en_US<\/script><script type=\"IN\/Share\" data-url=\"https:\/\/www.caritasne2.org.br\/site\/caritas-regional-ne2-colabora-com-o-fortalecimento-das-mulheres-de-pureza-rn\/\" data-counter=\"right\"><\/script><\/li><\/ul>","protected":false},"author":4,"featured_media":6210,"comment_status":"open","ping_status":"open","sticky":false,"template":"","format":"standard","meta":[],"categories":[21,20,466,259],"tags":[],"_links":{"self":[{"href":"https:\/\/www.caritasne2.org.br\/site\/wp-json\/wp\/v2\/posts\/6231"}],"collection":[{"href":"https:\/\/www.caritasne2.org.br\/site\/wp-json\/wp\/v2\/posts"}],"about":[{"href":"https:\/\/www.caritasne2.org.br\/site\/wp-json\/wp\/v2\/types\/post"}],"author":[{"embeddable":true,"href":"https:\/\/www.caritasne2.org.br\/site\/wp-json\/wp\/v2\/users\/4"}],"replies":[{"embeddable":true,"href":"https:\/\/www.caritasne2.org.br\/site\/wp-json\/wp\/v2\/comments?post=6231"}],"version-history":[{"count":0,"href":"https:\/\/www.caritasne2.org.br\/site\/wp-json\/wp\/v2\/posts\/6231\/revisions"}],"wp:featuredmedia":[{"embeddable":true,"href":"https:\/\/www.caritasne2.org.br\/site\/wp-json\/wp\/v2\/media\/6210"}],"wp:attachment":[{"href":"https:\/\/www.caritasne2.org.br\/site\/wp-json\/wp\/v2\/media?parent=6231"}],"wp:term":[{"taxonomy":"category","embeddable":true,"href":"https:\/\/www.caritasne2.org.br\/site\/wp-json\/wp\/v2\/categories?post=6231"},{"taxonomy":"post_tag","embeddable":true,"href":"https:\/\/www.caritasne2.org.br\/site\/wp-json\/wp\/v2\/tags?post=6231"}],"curies":[{"name":"wp","href":"https:\/\/api.w.org\/{rel}","templated":true}]}}