{"id":6222,"date":"2019-10-16T16:41:12","date_gmt":"2019-10-16T19:41:12","guid":{"rendered":"http:\/\/www.caritasne2.org.br\/?p=6222"},"modified":"2019-10-24T16:49:08","modified_gmt":"2019-10-24T19:49:08","slug":"caritas-realiza-diagnostico-de-comunidade-atingida-por-parque-eolico-no-rio-grande-do-norte","status":"publish","type":"post","link":"https:\/\/www.caritasne2.org.br\/site\/caritas-realiza-diagnostico-de-comunidade-atingida-por-parque-eolico-no-rio-grande-do-norte\/","title":{"rendered":"C\u00e1ritas realiza diagn\u00f3stico de comunidade atingida por parque e\u00f3lico no Rio Grande do Norte"},"content":{"rendered":"<p style=\"text-align: justify;\">A C\u00e1ritas Regional Nordeste II aplicou, tarde dessa ter\u00e7a-feira (15), o diagn\u00f3stico das comunidades da cidade de Parazinho, afetadas com a instala\u00e7\u00e3o do Parque E\u00f3lico da empresa Renascen\u00e7a V na Regi\u00e3o. Com a atividade de constru\u00e7\u00e3o do mapa falado, o grupo debateu sobre os Mega Projetos e os impactos na comunidade. Os 28 produtores rurais, que s\u00e3o ligados \u00e0 Associa\u00e7\u00e3o de Moradores da comunidade de Al\u00edvio, j\u00e1 s\u00e3o beneficiados com recursos dos aerogeradores e ajudaram na constru\u00e7\u00e3o do mapa.<a href=\"http:\/\/www.caritasne2.org.br\/caritas-faz-formacao-em-associativismo-para-fortalecer-os-catadores-de-ceara-mirim\/af1b7324-6131-4f44-aab0-554946141e04\/\" rel=\"attachment wp-att-6209\"><img decoding=\"async\" loading=\"lazy\" class=\"size-medium wp-image-6209 alignleft\" src=\"http:\/\/www.caritasne2.org.br\/wp-content\/uploads\/2019\/10\/af1b7324-6131-4f44-aab0-554946141e04-300x225.jpg\" alt=\"\" width=\"300\" height=\"225\" srcset=\"https:\/\/www.caritasne2.org.br\/site\/wp-content\/uploads\/2019\/10\/af1b7324-6131-4f44-aab0-554946141e04-300x225.jpg 300w, https:\/\/www.caritasne2.org.br\/site\/wp-content\/uploads\/2019\/10\/af1b7324-6131-4f44-aab0-554946141e04-768x576.jpg 768w, https:\/\/www.caritasne2.org.br\/site\/wp-content\/uploads\/2019\/10\/af1b7324-6131-4f44-aab0-554946141e04-1024x768.jpg 1024w, https:\/\/www.caritasne2.org.br\/site\/wp-content\/uploads\/2019\/10\/af1b7324-6131-4f44-aab0-554946141e04.jpg 1040w\" sizes=\"(max-width: 300px) 100vw, 300px\" \/><\/a><\/p>\n<p style=\"text-align: justify;\">O objetivo da a\u00e7\u00e3o, que mostrou como a regi\u00e3o era antes da chegada dos empreendimentos e\u00f3licos e qual \u00e9 a realidade atual, faz parte do Projeto Misereor executado pela C\u00e1ritas nos estados do Rio Grande do Norte, Para\u00edba, Pernambuco e Alagoas. Parazinho \u00e9 uma cidade localizada a 122km de Natal e recebeu inicialmente 15\u00a0aerogeradores instalados em uma \u00e1rea de 404\u00a0hectares, com a capacidade instalada total de 30 MW. Ap\u00f3s quase quatro anos de instala\u00e7\u00e3o, a comunidade sente fortemente os preju\u00edzos ambientais e de sa\u00fade provocados pela proximidade das torres de energia.<\/p>\n<ul class=\"ssb_list_wrapper\"><li class=\"fb2\" style=\"width:135px\"><iframe src=\"\/\/www.facebook.com\/plugins\/like.php?href=https%3A%2F%2Fwww.caritasne2.org.br%2Fsite%2Fcaritas-realiza-diagnostico-de-comunidade-atingida-por-parque-eolico-no-rio-grande-do-norte%2F&amp;layout=button_count&amp;action=like&amp;show_faces=false&amp;share=true&amp;width=135&amp;height=21&amp;appId=307091639398582\" scrolling=\"no\" frameborder=\"0\" style=\"border:none; overflow:hidden;  width:150px; height:21px;\" allowTransparency=\"true\"><\/iframe><\/li><li class=\"twtr\" style=\"width:90px\"><a href=\"https:\/\/twitter.com\/share\" class=\"twitter-share-button\" data-url=\"https:\/\/www.caritasne2.org.br\/site\/caritas-realiza-diagnostico-de-comunidade-atingida-por-parque-eolico-no-rio-grande-do-norte\/\">&nbsp;<\/a><script>!function(d,s,id){var js,fjs=d.getElementsByTagName(s)[0],p=\/^http:\/.test(d.location)?'http':'https';if(!d.getElementById(id)){js=d.createElement(s);js.id=id;js.src=p+':\/\/platform.twitter.com\/widgets.js';fjs.parentNode.insertBefore(js,fjs);}}(document, 'script', 'twitter-wjs');<\/script><\/li><li class=\"gplus\" style=\"width:68px\"><div class=\"g-plusone\" data-size=\"medium\" data-href=\"https:\/\/www.caritasne2.org.br\/site\/caritas-realiza-diagnostico-de-comunidade-atingida-por-parque-eolico-no-rio-grande-do-norte\/\"><\/div><\/li><li class=\"ssb_linkedin\" style=\"width:64px\"><script src=\"\/\/platform.linkedin.com\/in.js\" type=\"text\/javascript\">lang: en_US<\/script><script type=\"IN\/Share\" data-url=\"https:\/\/www.caritasne2.org.br\/site\/caritas-realiza-diagnostico-de-comunidade-atingida-por-parque-eolico-no-rio-grande-do-norte\/\" data-counter=\"right\"><\/script><\/li><\/ul>","protected":false},"excerpt":{"rendered":"<p>A C\u00e1ritas Regional Nordeste II aplicou, tarde dessa ter\u00e7a-feira (15), o diagn\u00f3stico das comunidades da cidade de Parazinho, afetadas com a instala\u00e7\u00e3o do Parque E\u00f3lico da empresa Renascen\u00e7a V na Regi\u00e3o. Com a atividade de constru\u00e7\u00e3o do mapa falado, o grupo debateu sobre os Mega Projetos e os impactos na comunidade. Os 28 produtores rurais, que s\u00e3o ligados \u00e0 Associa\u00e7\u00e3o de Moradores da comunidade de [&hellip;]<\/p>\n<ul class=\"ssb_list_wrapper\"><li class=\"fb2\" style=\"width:135px\"><iframe src=\"\/\/www.facebook.com\/plugins\/like.php?href=https%3A%2F%2Fwww.caritasne2.org.br%2Fsite%2Fcaritas-realiza-diagnostico-de-comunidade-atingida-por-parque-eolico-no-rio-grande-do-norte%2F&amp;layout=button_count&amp;action=like&amp;show_faces=false&amp;share=true&amp;width=135&amp;height=21&amp;appId=307091639398582\" scrolling=\"no\" frameborder=\"0\" style=\"border:none; overflow:hidden;  width:150px; height:21px;\" allowTransparency=\"true\"><\/iframe><\/li><li class=\"twtr\" style=\"width:90px\"><a href=\"https:\/\/twitter.com\/share\" class=\"twitter-share-button\" data-url=\"https:\/\/www.caritasne2.org.br\/site\/caritas-realiza-diagnostico-de-comunidade-atingida-por-parque-eolico-no-rio-grande-do-norte\/\">&nbsp;<\/a><script>!function(d,s,id){var js,fjs=d.getElementsByTagName(s)[0],p=\/^http:\/.test(d.location)?'http':'https';if(!d.getElementById(id)){js=d.createElement(s);js.id=id;js.src=p+':\/\/platform.twitter.com\/widgets.js';fjs.parentNode.insertBefore(js,fjs);}}(document, 'script', 'twitter-wjs');<\/script><\/li><li class=\"gplus\" style=\"width:68px\"><div class=\"g-plusone\" data-size=\"medium\" data-href=\"https:\/\/www.caritasne2.org.br\/site\/caritas-realiza-diagnostico-de-comunidade-atingida-por-parque-eolico-no-rio-grande-do-norte\/\"><\/div><\/li><li class=\"ssb_linkedin\" style=\"width:64px\"><script src=\"\/\/platform.linkedin.com\/in.js\" type=\"text\/javascript\">lang: en_US<\/script><script type=\"IN\/Share\" data-url=\"https:\/\/www.caritasne2.org.br\/site\/caritas-realiza-diagnostico-de-comunidade-atingida-por-parque-eolico-no-rio-grande-do-norte\/\" data-counter=\"right\"><\/script><\/li><\/ul>","protected":false},"author":4,"featured_media":6206,"comment_status":"open","ping_status":"open","sticky":false,"template":"","format":"standard","meta":[],"categories":[21,20,466,259],"tags":[],"_links":{"self":[{"href":"https:\/\/www.caritasne2.org.br\/site\/wp-json\/wp\/v2\/posts\/6222"}],"collection":[{"href":"https:\/\/www.caritasne2.org.br\/site\/wp-json\/wp\/v2\/posts"}],"about":[{"href":"https:\/\/www.caritasne2.org.br\/site\/wp-json\/wp\/v2\/types\/post"}],"author":[{"embeddable":true,"href":"https:\/\/www.caritasne2.org.br\/site\/wp-json\/wp\/v2\/users\/4"}],"replies":[{"embeddable":true,"href":"https:\/\/www.caritasne2.org.br\/site\/wp-json\/wp\/v2\/comments?post=6222"}],"version-history":[{"count":0,"href":"https:\/\/www.caritasne2.org.br\/site\/wp-json\/wp\/v2\/posts\/6222\/revisions"}],"wp:featuredmedia":[{"embeddable":true,"href":"https:\/\/www.caritasne2.org.br\/site\/wp-json\/wp\/v2\/media\/6206"}],"wp:attachment":[{"href":"https:\/\/www.caritasne2.org.br\/site\/wp-json\/wp\/v2\/media?parent=6222"}],"wp:term":[{"taxonomy":"category","embeddable":true,"href":"https:\/\/www.caritasne2.org.br\/site\/wp-json\/wp\/v2\/categories?post=6222"},{"taxonomy":"post_tag","embeddable":true,"href":"https:\/\/www.caritasne2.org.br\/site\/wp-json\/wp\/v2\/tags?post=6222"}],"curies":[{"name":"wp","href":"https:\/\/api.w.org\/{rel}","templated":true}]}}