{"id":6204,"date":"2019-10-21T14:15:45","date_gmt":"2019-10-21T17:15:45","guid":{"rendered":"http:\/\/www.caritasne2.org.br\/?p=6204"},"modified":"2019-10-24T14:20:46","modified_gmt":"2019-10-24T17:20:46","slug":"caritas-faz-formacao-em-associativismo-para-fortalecer-os-catadores-de-ceara-mirim","status":"publish","type":"post","link":"https:\/\/www.caritasne2.org.br\/site\/caritas-faz-formacao-em-associativismo-para-fortalecer-os-catadores-de-ceara-mirim\/","title":{"rendered":"Catadores de Cear\u00e1-Mirim participam de forma\u00e7\u00e3o sobre associativismo"},"content":{"rendered":"<p style=\"text-align: justify;\">Para fomentar e fortalecer o associativismo e o cooperativismo junto aos catadores de material recicl\u00e1vel de Cear\u00e1-Mirim, no Rio Grande do Norte, a C\u00e1ritas Nossa Senhora M\u00e3e dos Homens em parceria com a C\u00e1ritas Regional Nordeste II promoveu, na manh\u00e3 do \u00faltimo s\u00e1bado (19), um curso de forma\u00e7\u00e3o sobre o tema, que foi realizado na Escola Estadual Francisco Bittencourt. Entre catadores e agentes da C\u00e1ritas Paroquial, cerca de 30 pessoas participaram do evento.<\/p>\n<p style=\"text-align: justify;\"><a href=\"http:\/\/www.caritasne2.org.br\/caritas-faz-formacao-em-associativismo-para-fortalecer-os-catadores-de-ceara-mirim\/2db35f3a-b46a-46c0-83b7-6a7ad1638ff1\/\" rel=\"attachment wp-att-6205\"><img decoding=\"async\" loading=\"lazy\" class=\"size-medium wp-image-6205 alignleft\" src=\"http:\/\/www.caritasne2.org.br\/wp-content\/uploads\/2019\/10\/2db35f3a-b46a-46c0-83b7-6a7ad1638ff1-300x225.jpg\" alt=\"\" width=\"300\" height=\"225\" srcset=\"https:\/\/www.caritasne2.org.br\/site\/wp-content\/uploads\/2019\/10\/2db35f3a-b46a-46c0-83b7-6a7ad1638ff1-300x225.jpg 300w, https:\/\/www.caritasne2.org.br\/site\/wp-content\/uploads\/2019\/10\/2db35f3a-b46a-46c0-83b7-6a7ad1638ff1-768x576.jpg 768w, https:\/\/www.caritasne2.org.br\/site\/wp-content\/uploads\/2019\/10\/2db35f3a-b46a-46c0-83b7-6a7ad1638ff1-1024x768.jpg 1024w, https:\/\/www.caritasne2.org.br\/site\/wp-content\/uploads\/2019\/10\/2db35f3a-b46a-46c0-83b7-6a7ad1638ff1.jpg 1040w\" sizes=\"(max-width: 300px) 100vw, 300px\" \/><\/a>O grupo foi recebido com um caf\u00e9 da manh\u00e3 e um momento de ora\u00e7\u00e3o e m\u00edstica. De forma participativa, todos puderam entender a import\u00e2ncia da forma\u00e7\u00e3o de uma cooperativa ou associa\u00e7\u00e3o de catadores, para que possam manter uma fonte de trabalho e renda para as fam\u00edlias que vivem dos res\u00edduos. Ao final, os participantes fizeram uma avalia\u00e7\u00e3o do aprendizado e encaminhamentos para acompanhamento das futuras atividades propostas.<\/p>\n<p style=\"text-align: justify;\"><a href=\"http:\/\/www.caritasne2.org.br\/caritas-faz-formacao-em-associativismo-para-fortalecer-os-catadores-de-ceara-mirim\/d69b9516-0da2-44e0-850e-b5a70a02dee4\/\" rel=\"attachment wp-att-6212\"><img decoding=\"async\" loading=\"lazy\" class=\"size-medium wp-image-6212 alignright\" src=\"http:\/\/www.caritasne2.org.br\/wp-content\/uploads\/2019\/10\/d69b9516-0da2-44e0-850e-b5a70a02dee4-300x225.jpg\" alt=\"\" width=\"300\" height=\"225\" srcset=\"https:\/\/www.caritasne2.org.br\/site\/wp-content\/uploads\/2019\/10\/d69b9516-0da2-44e0-850e-b5a70a02dee4-300x225.jpg 300w, https:\/\/www.caritasne2.org.br\/site\/wp-content\/uploads\/2019\/10\/d69b9516-0da2-44e0-850e-b5a70a02dee4-768x576.jpg 768w, https:\/\/www.caritasne2.org.br\/site\/wp-content\/uploads\/2019\/10\/d69b9516-0da2-44e0-850e-b5a70a02dee4-1024x768.jpg 1024w, https:\/\/www.caritasne2.org.br\/site\/wp-content\/uploads\/2019\/10\/d69b9516-0da2-44e0-850e-b5a70a02dee4.jpg 1040w\" sizes=\"(max-width: 300px) 100vw, 300px\" \/><\/a>As a\u00e7\u00f5es junto aos catadores de Cear\u00e1-Mirim \u00e9 uma demanda antiga da C\u00e1ritas local que est\u00e1 sendo colocada em a\u00e7\u00e3o a partir da aprova\u00e7\u00e3o do projeto de Campanha de Participa\u00e7\u00e3o Solid\u00e1ria Comunit\u00e1ria \u2013 Vale do Amanhecer junto ao Fundo Nacional Solid\u00e1rio. Al\u00e9m do trabalho com o grupo de Catadores no Vale do Amanhecer (Antiga favela), as entidades est\u00e3o unindo esfor\u00e7os para realizar atividades tamb\u00e9m com o grupo de mulheres do conjunto S\u00e3o Jos\u00e9, periferia do munic\u00edpio, e com o grupo de homens da comunidade de Mineiro.<\/p>\n<ul class=\"ssb_list_wrapper\"><li class=\"fb2\" style=\"width:135px\"><iframe src=\"\/\/www.facebook.com\/plugins\/like.php?href=https%3A%2F%2Fwww.caritasne2.org.br%2Fsite%2Fcaritas-faz-formacao-em-associativismo-para-fortalecer-os-catadores-de-ceara-mirim%2F&amp;layout=button_count&amp;action=like&amp;show_faces=false&amp;share=true&amp;width=135&amp;height=21&amp;appId=307091639398582\" scrolling=\"no\" frameborder=\"0\" style=\"border:none; overflow:hidden;  width:150px; height:21px;\" allowTransparency=\"true\"><\/iframe><\/li><li class=\"twtr\" style=\"width:90px\"><a href=\"https:\/\/twitter.com\/share\" class=\"twitter-share-button\" data-url=\"https:\/\/www.caritasne2.org.br\/site\/caritas-faz-formacao-em-associativismo-para-fortalecer-os-catadores-de-ceara-mirim\/\">&nbsp;<\/a><script>!function(d,s,id){var js,fjs=d.getElementsByTagName(s)[0],p=\/^http:\/.test(d.location)?'http':'https';if(!d.getElementById(id)){js=d.createElement(s);js.id=id;js.src=p+':\/\/platform.twitter.com\/widgets.js';fjs.parentNode.insertBefore(js,fjs);}}(document, 'script', 'twitter-wjs');<\/script><\/li><li class=\"gplus\" style=\"width:68px\"><div class=\"g-plusone\" data-size=\"medium\" data-href=\"https:\/\/www.caritasne2.org.br\/site\/caritas-faz-formacao-em-associativismo-para-fortalecer-os-catadores-de-ceara-mirim\/\"><\/div><\/li><li class=\"ssb_linkedin\" style=\"width:64px\"><script src=\"\/\/platform.linkedin.com\/in.js\" type=\"text\/javascript\">lang: en_US<\/script><script type=\"IN\/Share\" data-url=\"https:\/\/www.caritasne2.org.br\/site\/caritas-faz-formacao-em-associativismo-para-fortalecer-os-catadores-de-ceara-mirim\/\" data-counter=\"right\"><\/script><\/li><\/ul>","protected":false},"excerpt":{"rendered":"<p>Para fomentar e fortalecer o associativismo e o cooperativismo junto aos catadores de material recicl\u00e1vel de Cear\u00e1-Mirim, no Rio Grande do Norte, a C\u00e1ritas Nossa Senhora M\u00e3e dos Homens em parceria com a C\u00e1ritas Regional Nordeste II promoveu, na manh\u00e3 do \u00faltimo s\u00e1bado (19), um curso de forma\u00e7\u00e3o sobre o tema, que foi realizado na Escola Estadual Francisco Bittencourt. Entre catadores e agentes da C\u00e1ritas [&hellip;]<\/p>\n<ul class=\"ssb_list_wrapper\"><li class=\"fb2\" style=\"width:135px\"><iframe src=\"\/\/www.facebook.com\/plugins\/like.php?href=https%3A%2F%2Fwww.caritasne2.org.br%2Fsite%2Fcaritas-faz-formacao-em-associativismo-para-fortalecer-os-catadores-de-ceara-mirim%2F&amp;layout=button_count&amp;action=like&amp;show_faces=false&amp;share=true&amp;width=135&amp;height=21&amp;appId=307091639398582\" scrolling=\"no\" frameborder=\"0\" style=\"border:none; overflow:hidden;  width:150px; height:21px;\" allowTransparency=\"true\"><\/iframe><\/li><li class=\"twtr\" style=\"width:90px\"><a href=\"https:\/\/twitter.com\/share\" class=\"twitter-share-button\" data-url=\"https:\/\/www.caritasne2.org.br\/site\/caritas-faz-formacao-em-associativismo-para-fortalecer-os-catadores-de-ceara-mirim\/\">&nbsp;<\/a><script>!function(d,s,id){var js,fjs=d.getElementsByTagName(s)[0],p=\/^http:\/.test(d.location)?'http':'https';if(!d.getElementById(id)){js=d.createElement(s);js.id=id;js.src=p+':\/\/platform.twitter.com\/widgets.js';fjs.parentNode.insertBefore(js,fjs);}}(document, 'script', 'twitter-wjs');<\/script><\/li><li class=\"gplus\" style=\"width:68px\"><div class=\"g-plusone\" data-size=\"medium\" data-href=\"https:\/\/www.caritasne2.org.br\/site\/caritas-faz-formacao-em-associativismo-para-fortalecer-os-catadores-de-ceara-mirim\/\"><\/div><\/li><li class=\"ssb_linkedin\" style=\"width:64px\"><script src=\"\/\/platform.linkedin.com\/in.js\" type=\"text\/javascript\">lang: en_US<\/script><script type=\"IN\/Share\" data-url=\"https:\/\/www.caritasne2.org.br\/site\/caritas-faz-formacao-em-associativismo-para-fortalecer-os-catadores-de-ceara-mirim\/\" data-counter=\"right\"><\/script><\/li><\/ul>","protected":false},"author":4,"featured_media":6213,"comment_status":"open","ping_status":"open","sticky":false,"template":"","format":"standard","meta":[],"categories":[21,20,466,259],"tags":[],"_links":{"self":[{"href":"https:\/\/www.caritasne2.org.br\/site\/wp-json\/wp\/v2\/posts\/6204"}],"collection":[{"href":"https:\/\/www.caritasne2.org.br\/site\/wp-json\/wp\/v2\/posts"}],"about":[{"href":"https:\/\/www.caritasne2.org.br\/site\/wp-json\/wp\/v2\/types\/post"}],"author":[{"embeddable":true,"href":"https:\/\/www.caritasne2.org.br\/site\/wp-json\/wp\/v2\/users\/4"}],"replies":[{"embeddable":true,"href":"https:\/\/www.caritasne2.org.br\/site\/wp-json\/wp\/v2\/comments?post=6204"}],"version-history":[{"count":0,"href":"https:\/\/www.caritasne2.org.br\/site\/wp-json\/wp\/v2\/posts\/6204\/revisions"}],"wp:featuredmedia":[{"embeddable":true,"href":"https:\/\/www.caritasne2.org.br\/site\/wp-json\/wp\/v2\/media\/6213"}],"wp:attachment":[{"href":"https:\/\/www.caritasne2.org.br\/site\/wp-json\/wp\/v2\/media?parent=6204"}],"wp:term":[{"taxonomy":"category","embeddable":true,"href":"https:\/\/www.caritasne2.org.br\/site\/wp-json\/wp\/v2\/categories?post=6204"},{"taxonomy":"post_tag","embeddable":true,"href":"https:\/\/www.caritasne2.org.br\/site\/wp-json\/wp\/v2\/tags?post=6204"}],"curies":[{"name":"wp","href":"https:\/\/api.w.org\/{rel}","templated":true}]}}