{"id":6169,"date":"2019-10-22T09:00:46","date_gmt":"2019-10-22T12:00:46","guid":{"rendered":"http:\/\/www.caritasne2.org.br\/?p=6169"},"modified":"2019-10-23T09:10:07","modified_gmt":"2019-10-23T12:10:07","slug":"projeto-misereor-realiza-oficina-comunitaria-em-serra-das-pias-e-maravilhaal","status":"publish","type":"post","link":"https:\/\/www.caritasne2.org.br\/site\/projeto-misereor-realiza-oficina-comunitaria-em-serra-das-pias-e-maravilhaal\/","title":{"rendered":"Projeto Misereor realiza oficina comunit\u00e1ria em Serra das Pias e Maravilha\/AL"},"content":{"rendered":"<p style=\"text-align: justify;\">A C\u00e1ritas Regional Nordeste II realizou, nessa segunda-feira (21), a Oficina Comunit\u00e1ria de Sensibiliza\u00e7\u00e3o sobre as Unidades de Desenvolvimento Territorial (UDT), que poder\u00e1 ser implantada na comunidade de refer\u00eancia Serra das Pias, localizada na Zona Rural de Palmeira dos \u00cdndios, atrav\u00e9s do Projeto Misereor no Estado de Alagoas.<\/p>\n<p style=\"text-align: justify;\">A programa\u00e7\u00e3o constou de um momento orante pelo S\u00ednodo Pan-amaz\u00f4nico, din\u00e2mica de integra\u00e7\u00e3o, apresenta\u00e7\u00e3o dos participantes, exposi\u00e7\u00e3o sobre os objetivos do projeto, trabalho em grupo para constru\u00e7\u00e3o das fases vividas pela comunidade nos \u00faltimos trinta anos, reflex\u00e3o sobre Economia Popular Solid\u00e1ria (EPS) e Fundo Rotativo Solid\u00e1rio (FRS).<\/p>\n<p style=\"text-align: justify;\"><a href=\"http:\/\/www.caritasne2.org.br\/projeto-misereor-realiza-oficina-comunitaria-em-serra-das-pias-e-maravilhaal\/923dbd0b-abfc-4090-80ad-20d3161fed20\/\" rel=\"attachment wp-att-6171\"><img decoding=\"async\" loading=\"lazy\" class=\"size-medium wp-image-6171 alignright\" src=\"http:\/\/www.caritasne2.org.br\/wp-content\/uploads\/2019\/10\/923dbd0b-abfc-4090-80ad-20d3161fed20-300x225.jpg\" alt=\"\" width=\"300\" height=\"225\" srcset=\"https:\/\/www.caritasne2.org.br\/site\/wp-content\/uploads\/2019\/10\/923dbd0b-abfc-4090-80ad-20d3161fed20-300x225.jpg 300w, https:\/\/www.caritasne2.org.br\/site\/wp-content\/uploads\/2019\/10\/923dbd0b-abfc-4090-80ad-20d3161fed20-768x576.jpg 768w, https:\/\/www.caritasne2.org.br\/site\/wp-content\/uploads\/2019\/10\/923dbd0b-abfc-4090-80ad-20d3161fed20.jpg 1024w\" sizes=\"(max-width: 300px) 100vw, 300px\" \/><\/a>No encontro, o grupo teve oportunidade de assistir um v\u00eddeo sobre biodigestor, com a apresenta\u00e7\u00e3o dos crit\u00e9rios para o acesso as tecnologias. Al\u00e9m disso, foram encaminhadas as tarefas para a comunidade que, a partir dos crit\u00e9rios apresentados, devem definir as tr\u00eas fam\u00edlias que ser\u00e3o beneficiadas, al\u00e9m da escolha das pessoas para a comiss\u00e3o comunit\u00e1ria de gerenciamento do FRS e cadastramento das fam\u00edlias.<\/p>\n<p style=\"text-align: justify;\">Durante a ter\u00e7a-feira (22), a Oficina de constru\u00e7\u00e3o de parcerias para a implanta\u00e7\u00e3o das UDTs aconteceu na sede do Centro de Desenvolvimento Comunit\u00e1rio de Maravilha (CDECMA) em Maravilha\/AL. Na oportunidade, o tema foi trabalhado com integrantes das associa\u00e7\u00f5es de moradores do S\u00edtio Boa Vista, A\u00e7ude e com a Associa\u00e7\u00e3o dos apicultores da cidade de Maravilha.<\/p>\n<ul class=\"ssb_list_wrapper\"><li class=\"fb2\" style=\"width:135px\"><iframe src=\"\/\/www.facebook.com\/plugins\/like.php?href=https%3A%2F%2Fwww.caritasne2.org.br%2Fsite%2Fprojeto-misereor-realiza-oficina-comunitaria-em-serra-das-pias-e-maravilhaal%2F&amp;layout=button_count&amp;action=like&amp;show_faces=false&amp;share=true&amp;width=135&amp;height=21&amp;appId=307091639398582\" scrolling=\"no\" frameborder=\"0\" style=\"border:none; overflow:hidden;  width:150px; height:21px;\" allowTransparency=\"true\"><\/iframe><\/li><li class=\"twtr\" style=\"width:90px\"><a href=\"https:\/\/twitter.com\/share\" class=\"twitter-share-button\" data-url=\"https:\/\/www.caritasne2.org.br\/site\/projeto-misereor-realiza-oficina-comunitaria-em-serra-das-pias-e-maravilhaal\/\">&nbsp;<\/a><script>!function(d,s,id){var js,fjs=d.getElementsByTagName(s)[0],p=\/^http:\/.test(d.location)?'http':'https';if(!d.getElementById(id)){js=d.createElement(s);js.id=id;js.src=p+':\/\/platform.twitter.com\/widgets.js';fjs.parentNode.insertBefore(js,fjs);}}(document, 'script', 'twitter-wjs');<\/script><\/li><li class=\"gplus\" style=\"width:68px\"><div class=\"g-plusone\" data-size=\"medium\" data-href=\"https:\/\/www.caritasne2.org.br\/site\/projeto-misereor-realiza-oficina-comunitaria-em-serra-das-pias-e-maravilhaal\/\"><\/div><\/li><li class=\"ssb_linkedin\" style=\"width:64px\"><script src=\"\/\/platform.linkedin.com\/in.js\" type=\"text\/javascript\">lang: en_US<\/script><script type=\"IN\/Share\" data-url=\"https:\/\/www.caritasne2.org.br\/site\/projeto-misereor-realiza-oficina-comunitaria-em-serra-das-pias-e-maravilhaal\/\" data-counter=\"right\"><\/script><\/li><\/ul>","protected":false},"excerpt":{"rendered":"<p>A C\u00e1ritas Regional Nordeste II realizou, nessa segunda-feira (21), a Oficina Comunit\u00e1ria de Sensibiliza\u00e7\u00e3o sobre as Unidades de Desenvolvimento Territorial (UDT), que poder\u00e1 ser implantada na comunidade de refer\u00eancia Serra das Pias, localizada na Zona Rural de Palmeira dos \u00cdndios, atrav\u00e9s do Projeto Misereor no Estado de Alagoas. A programa\u00e7\u00e3o constou de um momento orante pelo S\u00ednodo Pan-amaz\u00f4nico, din\u00e2mica de integra\u00e7\u00e3o, apresenta\u00e7\u00e3o dos participantes, exposi\u00e7\u00e3o [&hellip;]<\/p>\n<ul class=\"ssb_list_wrapper\"><li class=\"fb2\" style=\"width:135px\"><iframe src=\"\/\/www.facebook.com\/plugins\/like.php?href=https%3A%2F%2Fwww.caritasne2.org.br%2Fsite%2Fprojeto-misereor-realiza-oficina-comunitaria-em-serra-das-pias-e-maravilhaal%2F&amp;layout=button_count&amp;action=like&amp;show_faces=false&amp;share=true&amp;width=135&amp;height=21&amp;appId=307091639398582\" scrolling=\"no\" frameborder=\"0\" style=\"border:none; overflow:hidden;  width:150px; height:21px;\" allowTransparency=\"true\"><\/iframe><\/li><li class=\"twtr\" style=\"width:90px\"><a href=\"https:\/\/twitter.com\/share\" class=\"twitter-share-button\" data-url=\"https:\/\/www.caritasne2.org.br\/site\/projeto-misereor-realiza-oficina-comunitaria-em-serra-das-pias-e-maravilhaal\/\">&nbsp;<\/a><script>!function(d,s,id){var js,fjs=d.getElementsByTagName(s)[0],p=\/^http:\/.test(d.location)?'http':'https';if(!d.getElementById(id)){js=d.createElement(s);js.id=id;js.src=p+':\/\/platform.twitter.com\/widgets.js';fjs.parentNode.insertBefore(js,fjs);}}(document, 'script', 'twitter-wjs');<\/script><\/li><li class=\"gplus\" style=\"width:68px\"><div class=\"g-plusone\" data-size=\"medium\" data-href=\"https:\/\/www.caritasne2.org.br\/site\/projeto-misereor-realiza-oficina-comunitaria-em-serra-das-pias-e-maravilhaal\/\"><\/div><\/li><li class=\"ssb_linkedin\" style=\"width:64px\"><script src=\"\/\/platform.linkedin.com\/in.js\" type=\"text\/javascript\">lang: en_US<\/script><script type=\"IN\/Share\" data-url=\"https:\/\/www.caritasne2.org.br\/site\/projeto-misereor-realiza-oficina-comunitaria-em-serra-das-pias-e-maravilhaal\/\" data-counter=\"right\"><\/script><\/li><\/ul>","protected":false},"author":4,"featured_media":6170,"comment_status":"open","ping_status":"open","sticky":false,"template":"","format":"standard","meta":[],"categories":[21,20,466,259],"tags":[],"_links":{"self":[{"href":"https:\/\/www.caritasne2.org.br\/site\/wp-json\/wp\/v2\/posts\/6169"}],"collection":[{"href":"https:\/\/www.caritasne2.org.br\/site\/wp-json\/wp\/v2\/posts"}],"about":[{"href":"https:\/\/www.caritasne2.org.br\/site\/wp-json\/wp\/v2\/types\/post"}],"author":[{"embeddable":true,"href":"https:\/\/www.caritasne2.org.br\/site\/wp-json\/wp\/v2\/users\/4"}],"replies":[{"embeddable":true,"href":"https:\/\/www.caritasne2.org.br\/site\/wp-json\/wp\/v2\/comments?post=6169"}],"version-history":[{"count":0,"href":"https:\/\/www.caritasne2.org.br\/site\/wp-json\/wp\/v2\/posts\/6169\/revisions"}],"wp:featuredmedia":[{"embeddable":true,"href":"https:\/\/www.caritasne2.org.br\/site\/wp-json\/wp\/v2\/media\/6170"}],"wp:attachment":[{"href":"https:\/\/www.caritasne2.org.br\/site\/wp-json\/wp\/v2\/media?parent=6169"}],"wp:term":[{"taxonomy":"category","embeddable":true,"href":"https:\/\/www.caritasne2.org.br\/site\/wp-json\/wp\/v2\/categories?post=6169"},{"taxonomy":"post_tag","embeddable":true,"href":"https:\/\/www.caritasne2.org.br\/site\/wp-json\/wp\/v2\/tags?post=6169"}],"curies":[{"name":"wp","href":"https:\/\/api.w.org\/{rel}","templated":true}]}}