{"id":6160,"date":"2019-10-21T15:53:57","date_gmt":"2019-10-21T18:53:57","guid":{"rendered":"http:\/\/www.caritasne2.org.br\/?p=6160"},"modified":"2019-10-22T16:00:32","modified_gmt":"2019-10-22T19:00:32","slug":"projeto-manos-unidas-da-aula-de-cidadania-e-direitos-humanos-em-bom-conselho","status":"publish","type":"post","link":"https:\/\/www.caritasne2.org.br\/site\/projeto-manos-unidas-da-aula-de-cidadania-e-direitos-humanos-em-bom-conselho\/","title":{"rendered":"Projeto Manos Unidas d\u00e1 aula de Cidadania e Direitos Humanos em Bom Conselho"},"content":{"rendered":"<p style=\"text-align: justify;\">Com o objetivo de Desenvolver o senso cr\u00edtico dos jovens para que sejam protagonistas da pr\u00f3pria hist\u00f3ria<strong>, <\/strong>a C\u00e1ritas Regional Nordeste II realizou, no \u00faltimo s\u00e1bado (19), em Bom Conselho, a \u00a0\u200e282 km da capital pernambucana, a 1\u00aa oficina de cidadania plena e dos direitos humanos com 80 jovens envolvidos no projeto Manos Unidas. A ideia foi faz\u00ea-los<strong> c<\/strong>ompreender o conceito, para que a partir dele possam aplicar no cotidiano e, com isso, tornar a vida melhor, contribuindo para a constru\u00e7\u00e3o de uma sociedade mais humana e igualit\u00e1ria todos.<\/p>\n<p style=\"text-align: justify;\"><a href=\"http:\/\/www.caritasne2.org.br\/projeto-manos-unidas-da-aula-de-cidadania-e-direitos-humanos-em-bom-conselho\/cfdcc7c7-31b8-4157-95f8-830ad532620d\/\" rel=\"attachment wp-att-6165\"><img decoding=\"async\" loading=\"lazy\" class=\"size-medium wp-image-6165 alignleft\" src=\"http:\/\/www.caritasne2.org.br\/wp-content\/uploads\/2019\/10\/cfdcc7c7-31b8-4157-95f8-830ad532620d-300x225.jpg\" alt=\"\" width=\"300\" height=\"225\" srcset=\"https:\/\/www.caritasne2.org.br\/site\/wp-content\/uploads\/2019\/10\/cfdcc7c7-31b8-4157-95f8-830ad532620d-300x225.jpg 300w, https:\/\/www.caritasne2.org.br\/site\/wp-content\/uploads\/2019\/10\/cfdcc7c7-31b8-4157-95f8-830ad532620d-768x576.jpg 768w, https:\/\/www.caritasne2.org.br\/site\/wp-content\/uploads\/2019\/10\/cfdcc7c7-31b8-4157-95f8-830ad532620d-1024x768.jpg 1024w, https:\/\/www.caritasne2.org.br\/site\/wp-content\/uploads\/2019\/10\/cfdcc7c7-31b8-4157-95f8-830ad532620d.jpg 1032w\" sizes=\"(max-width: 300px) 100vw, 300px\" \/><\/a>Durante a oficina, os participantes vindos das comunidades quilombolas do S\u00edtio Flores, Angico, Amargoso e Boa Sorte puderam entender conhecer a Declara\u00e7\u00e3o Universal dos Direitos Humanos, o documento que delineia os direitos humanos b\u00e1sicos e que foi adotado pela Organiza\u00e7\u00e3o das Na\u00e7\u00f5es Unidas em 10 de dezembro de 1948.\u00a0 Os jovens puderam conpreender tamb\u00e9m que esses direitos e liberdades s\u00e3o de grande import\u00e2ncia para o pleno cumprimento desse compromisso.<a href=\"http:\/\/www.caritasne2.org.br\/projeto-manos-unidas-da-aula-de-cidadania-e-direitos-humanos-em-bom-conselho\/386032b6-6b5d-4ee0-abf2-72e5bea55ce3\/\" rel=\"attachment wp-att-6162\"><img decoding=\"async\" loading=\"lazy\" class=\"size-medium wp-image-6162 alignright\" src=\"http:\/\/www.caritasne2.org.br\/wp-content\/uploads\/2019\/10\/386032b6-6b5d-4ee0-abf2-72e5bea55ce3-300x225.jpg\" alt=\"\" width=\"300\" height=\"225\" srcset=\"https:\/\/www.caritasne2.org.br\/site\/wp-content\/uploads\/2019\/10\/386032b6-6b5d-4ee0-abf2-72e5bea55ce3-300x225.jpg 300w, https:\/\/www.caritasne2.org.br\/site\/wp-content\/uploads\/2019\/10\/386032b6-6b5d-4ee0-abf2-72e5bea55ce3-768x576.jpg 768w, https:\/\/www.caritasne2.org.br\/site\/wp-content\/uploads\/2019\/10\/386032b6-6b5d-4ee0-abf2-72e5bea55ce3-1024x768.jpg 1024w, https:\/\/www.caritasne2.org.br\/site\/wp-content\/uploads\/2019\/10\/386032b6-6b5d-4ee0-abf2-72e5bea55ce3.jpg 1032w\" sizes=\"(max-width: 300px) 100vw, 300px\" \/><\/a><\/p>\n<p style=\"text-align: justify;\">Com uma din\u00e2mica de sensibiliza\u00e7\u00e3o, os jovens tiveram uma maior aproxima\u00e7\u00e3o com o tema da oficina, e com isso buscar a supera\u00e7\u00e3o da vis\u00e3o parcial e ing\u00eanua com a qual muitos encaravam os problemas sociais que afetam sua realidade. Ao final, o grupo fez uma avalia\u00e7\u00e3o do encontro e o relato pessoa da experi\u00eancia.<\/p>\n<ul class=\"ssb_list_wrapper\"><li class=\"fb2\" style=\"width:135px\"><iframe src=\"\/\/www.facebook.com\/plugins\/like.php?href=https%3A%2F%2Fwww.caritasne2.org.br%2Fsite%2Fprojeto-manos-unidas-da-aula-de-cidadania-e-direitos-humanos-em-bom-conselho%2F&amp;layout=button_count&amp;action=like&amp;show_faces=false&amp;share=true&amp;width=135&amp;height=21&amp;appId=307091639398582\" scrolling=\"no\" frameborder=\"0\" style=\"border:none; overflow:hidden;  width:150px; height:21px;\" allowTransparency=\"true\"><\/iframe><\/li><li class=\"twtr\" style=\"width:90px\"><a href=\"https:\/\/twitter.com\/share\" class=\"twitter-share-button\" data-url=\"https:\/\/www.caritasne2.org.br\/site\/projeto-manos-unidas-da-aula-de-cidadania-e-direitos-humanos-em-bom-conselho\/\">&nbsp;<\/a><script>!function(d,s,id){var js,fjs=d.getElementsByTagName(s)[0],p=\/^http:\/.test(d.location)?'http':'https';if(!d.getElementById(id)){js=d.createElement(s);js.id=id;js.src=p+':\/\/platform.twitter.com\/widgets.js';fjs.parentNode.insertBefore(js,fjs);}}(document, 'script', 'twitter-wjs');<\/script><\/li><li class=\"gplus\" style=\"width:68px\"><div class=\"g-plusone\" data-size=\"medium\" data-href=\"https:\/\/www.caritasne2.org.br\/site\/projeto-manos-unidas-da-aula-de-cidadania-e-direitos-humanos-em-bom-conselho\/\"><\/div><\/li><li class=\"ssb_linkedin\" style=\"width:64px\"><script src=\"\/\/platform.linkedin.com\/in.js\" type=\"text\/javascript\">lang: en_US<\/script><script type=\"IN\/Share\" data-url=\"https:\/\/www.caritasne2.org.br\/site\/projeto-manos-unidas-da-aula-de-cidadania-e-direitos-humanos-em-bom-conselho\/\" data-counter=\"right\"><\/script><\/li><\/ul>","protected":false},"excerpt":{"rendered":"<p>Com o objetivo de Desenvolver o senso cr\u00edtico dos jovens para que sejam protagonistas da pr\u00f3pria hist\u00f3ria, a C\u00e1ritas Regional Nordeste II realizou, no \u00faltimo s\u00e1bado (19), em Bom Conselho, a \u00a0\u200e282 km da capital pernambucana, a 1\u00aa oficina de cidadania plena e dos direitos humanos com 80 jovens envolvidos no projeto Manos Unidas. A ideia foi faz\u00ea-los compreender o conceito, para que a partir [&hellip;]<\/p>\n<ul class=\"ssb_list_wrapper\"><li class=\"fb2\" style=\"width:135px\"><iframe src=\"\/\/www.facebook.com\/plugins\/like.php?href=https%3A%2F%2Fwww.caritasne2.org.br%2Fsite%2Fprojeto-manos-unidas-da-aula-de-cidadania-e-direitos-humanos-em-bom-conselho%2F&amp;layout=button_count&amp;action=like&amp;show_faces=false&amp;share=true&amp;width=135&amp;height=21&amp;appId=307091639398582\" scrolling=\"no\" frameborder=\"0\" style=\"border:none; overflow:hidden;  width:150px; height:21px;\" allowTransparency=\"true\"><\/iframe><\/li><li class=\"twtr\" style=\"width:90px\"><a href=\"https:\/\/twitter.com\/share\" class=\"twitter-share-button\" data-url=\"https:\/\/www.caritasne2.org.br\/site\/projeto-manos-unidas-da-aula-de-cidadania-e-direitos-humanos-em-bom-conselho\/\">&nbsp;<\/a><script>!function(d,s,id){var js,fjs=d.getElementsByTagName(s)[0],p=\/^http:\/.test(d.location)?'http':'https';if(!d.getElementById(id)){js=d.createElement(s);js.id=id;js.src=p+':\/\/platform.twitter.com\/widgets.js';fjs.parentNode.insertBefore(js,fjs);}}(document, 'script', 'twitter-wjs');<\/script><\/li><li class=\"gplus\" style=\"width:68px\"><div class=\"g-plusone\" data-size=\"medium\" data-href=\"https:\/\/www.caritasne2.org.br\/site\/projeto-manos-unidas-da-aula-de-cidadania-e-direitos-humanos-em-bom-conselho\/\"><\/div><\/li><li class=\"ssb_linkedin\" style=\"width:64px\"><script src=\"\/\/platform.linkedin.com\/in.js\" type=\"text\/javascript\">lang: en_US<\/script><script type=\"IN\/Share\" data-url=\"https:\/\/www.caritasne2.org.br\/site\/projeto-manos-unidas-da-aula-de-cidadania-e-direitos-humanos-em-bom-conselho\/\" data-counter=\"right\"><\/script><\/li><\/ul>","protected":false},"author":4,"featured_media":6161,"comment_status":"open","ping_status":"open","sticky":false,"template":"","format":"standard","meta":[],"categories":[21,20,466,259],"tags":[],"_links":{"self":[{"href":"https:\/\/www.caritasne2.org.br\/site\/wp-json\/wp\/v2\/posts\/6160"}],"collection":[{"href":"https:\/\/www.caritasne2.org.br\/site\/wp-json\/wp\/v2\/posts"}],"about":[{"href":"https:\/\/www.caritasne2.org.br\/site\/wp-json\/wp\/v2\/types\/post"}],"author":[{"embeddable":true,"href":"https:\/\/www.caritasne2.org.br\/site\/wp-json\/wp\/v2\/users\/4"}],"replies":[{"embeddable":true,"href":"https:\/\/www.caritasne2.org.br\/site\/wp-json\/wp\/v2\/comments?post=6160"}],"version-history":[{"count":0,"href":"https:\/\/www.caritasne2.org.br\/site\/wp-json\/wp\/v2\/posts\/6160\/revisions"}],"wp:featuredmedia":[{"embeddable":true,"href":"https:\/\/www.caritasne2.org.br\/site\/wp-json\/wp\/v2\/media\/6161"}],"wp:attachment":[{"href":"https:\/\/www.caritasne2.org.br\/site\/wp-json\/wp\/v2\/media?parent=6160"}],"wp:term":[{"taxonomy":"category","embeddable":true,"href":"https:\/\/www.caritasne2.org.br\/site\/wp-json\/wp\/v2\/categories?post=6160"},{"taxonomy":"post_tag","embeddable":true,"href":"https:\/\/www.caritasne2.org.br\/site\/wp-json\/wp\/v2\/tags?post=6160"}],"curies":[{"name":"wp","href":"https:\/\/api.w.org\/{rel}","templated":true}]}}