{"id":6149,"date":"2019-10-18T09:20:34","date_gmt":"2019-10-18T12:20:34","guid":{"rendered":"http:\/\/www.caritasne2.org.br\/?p=6149"},"modified":"2019-10-21T10:20:11","modified_gmt":"2019-10-21T13:20:11","slug":"caritas-mobiliza-beneficiarias-do-pana-para-acao-no-hospital-oswaldo-cruz","status":"publish","type":"post","link":"https:\/\/www.caritasne2.org.br\/site\/caritas-mobiliza-beneficiarias-do-pana-para-acao-no-hospital-oswaldo-cruz\/","title":{"rendered":"C\u00e1ritas mobiliza benefici\u00e1rias do Pana para a\u00e7\u00e3o no Hospital Oswaldo Cruz"},"content":{"rendered":"<p style=\"text-align: center;\"><em>\u201cOutubro Rosa, Fraternidade sem Fronteiras\u201d atendeu cerca de 12 venezuelanas<\/em><\/p>\n<p style=\"text-align: justify;\">As benefici\u00e1rias do Programa Pana, executado no Recife pela C\u00e1ritas Regional Nordeste II foram atendidas na manh\u00e3 desta sexta-feira (18), pelos m\u00e9dicos e enfermeiros do Centro de Oncologia do Hospital Universit\u00e1rio Oswaldo Cruz da Universidade de Pernambuco (Ceon\/Huoc\/UPE), em a\u00e7\u00e3o \u201cOutubro Rosa, Fraternidade sem Fronteiras\u201d, dentro da programa\u00e7\u00e3o do m\u00eas dedicado ao combate do c\u00e2ncer de mama. As migrantes venezuelanas puderam realizar exames f\u00edsicos, laboratoriais, preventivos, al\u00e9m de diagn\u00f3sticos como mamografia.<\/p>\n<p style=\"text-align: justify;\"><a href=\"http:\/\/www.caritasne2.org.br\/caritas-mobiliza-beneficiarias-do-pana-para-acao-no-hospital-oswaldo-cruz\/3bc86d70-3e5a-46b6-815e-15b9cc8a831a\/\" rel=\"attachment wp-att-6150\"><img decoding=\"async\" loading=\"lazy\" class=\"size-medium wp-image-6150 alignleft\" src=\"http:\/\/www.caritasne2.org.br\/wp-content\/uploads\/2019\/10\/3bc86d70-3e5a-46b6-815e-15b9cc8a831a-300x225.jpg\" alt=\"\" width=\"300\" height=\"225\" srcset=\"https:\/\/www.caritasne2.org.br\/site\/wp-content\/uploads\/2019\/10\/3bc86d70-3e5a-46b6-815e-15b9cc8a831a-300x225.jpg 300w, https:\/\/www.caritasne2.org.br\/site\/wp-content\/uploads\/2019\/10\/3bc86d70-3e5a-46b6-815e-15b9cc8a831a-768x576.jpg 768w, https:\/\/www.caritasne2.org.br\/site\/wp-content\/uploads\/2019\/10\/3bc86d70-3e5a-46b6-815e-15b9cc8a831a-1024x768.jpg 1024w, https:\/\/www.caritasne2.org.br\/site\/wp-content\/uploads\/2019\/10\/3bc86d70-3e5a-46b6-815e-15b9cc8a831a.jpg 1152w\" sizes=\"(max-width: 300px) 100vw, 300px\" \/><\/a>Quem participou da iniciativa realizou tamb\u00e9m um cadastro no hospital, onde passar\u00e1 a ser usu\u00e1ria em todos os servi\u00e7os da institui\u00e7\u00e3o. Todas ganharam um cart\u00e3o do SUS e poder\u00e3o ampliar os cuidados com a sa\u00fade em outras \u00e1reas como odontologia e cl\u00ednica m\u00e9dica. Nessa sexta-feira, o atendimento inicial contou tamb\u00e9m com vacina\u00e7\u00e3o, aferi\u00e7\u00e3o de press\u00e3o arterial e citologia, entre outros.<\/p>\n<p style=\"text-align: justify;\">Na acolhida, o grupo de mulheres venezuelanas foi recebido com festa, m\u00fasica, dan\u00e7a e apresenta\u00e7\u00e3o do Coral do Amor, do grupo Saber Viver, formado por mulheres que j\u00e1 fizeram ou ainda realizam tratamento de c\u00e2ncer na unidade hospitalar. Al\u00e9m disso, as convidadas tiveram caf\u00e9 da manh\u00e3, ganharam kit de higiene de presente e muito carinho dos trabalhadores e alunos do Centro Universit\u00e1rio.<\/p>\n<p style=\"text-align: justify;\"><a href=\"http:\/\/www.caritasne2.org.br\/caritas-mobiliza-beneficiarias-do-pana-para-acao-no-hospital-oswaldo-cruz\/b2e21553-fc3a-4206-94f5-b3c5c5870e21\/\" rel=\"attachment wp-att-6152\"><img decoding=\"async\" loading=\"lazy\" class=\"size-medium wp-image-6152 alignright\" src=\"http:\/\/www.caritasne2.org.br\/wp-content\/uploads\/2019\/10\/b2e21553-fc3a-4206-94f5-b3c5c5870e21-300x225.jpg\" alt=\"\" width=\"300\" height=\"225\" srcset=\"https:\/\/www.caritasne2.org.br\/site\/wp-content\/uploads\/2019\/10\/b2e21553-fc3a-4206-94f5-b3c5c5870e21-300x225.jpg 300w, https:\/\/www.caritasne2.org.br\/site\/wp-content\/uploads\/2019\/10\/b2e21553-fc3a-4206-94f5-b3c5c5870e21-768x576.jpg 768w, https:\/\/www.caritasne2.org.br\/site\/wp-content\/uploads\/2019\/10\/b2e21553-fc3a-4206-94f5-b3c5c5870e21-1024x768.jpg 1024w, https:\/\/www.caritasne2.org.br\/site\/wp-content\/uploads\/2019\/10\/b2e21553-fc3a-4206-94f5-b3c5c5870e21.jpg 1152w\" sizes=\"(max-width: 300px) 100vw, 300px\" \/><\/a>Para a maior parte das migrantes beneficiadas com a a\u00e7\u00e3o de sa\u00fade, o exame de mamografia feito hoje no Recife foi o primeiro da vida, pois, segundo elas, na Venezuela n\u00e3o h\u00e1 campanha para preven\u00e7\u00e3o do c\u00e2ncer de mama, sobretudo nesse momento de crise. Eunice Figuera, de 58 anos, fez um exame de mamas aos 37 anos na Venezuela e nunca mais repetiu o preventivo. Outra participante, Mixaida Leiva, de 49 anos, realizou o exame hoje pela primeira vez.<\/p>\n<p style=\"text-align: justify;\">As atividades aconteceram em parceria do HUOC com a Ordem dos Advogados do Brasil do estado (OAB\/UPE) e apoio da C\u00e1ritas na mobiliza\u00e7\u00e3o das participantes. As venezuelanas que n\u00e3o puderam chegar na unidade nessa sexta-feira, poder\u00e3o se dirigir ao Ceon para tamb\u00e9m realizarem cadastros e exames, ou entrar em contato com os parceiros para o planejamento de uma nova a\u00e7\u00e3o.<\/p>\n<ul class=\"ssb_list_wrapper\"><li class=\"fb2\" style=\"width:135px\"><iframe src=\"\/\/www.facebook.com\/plugins\/like.php?href=https%3A%2F%2Fwww.caritasne2.org.br%2Fsite%2Fcaritas-mobiliza-beneficiarias-do-pana-para-acao-no-hospital-oswaldo-cruz%2F&amp;layout=button_count&amp;action=like&amp;show_faces=false&amp;share=true&amp;width=135&amp;height=21&amp;appId=307091639398582\" scrolling=\"no\" frameborder=\"0\" style=\"border:none; overflow:hidden;  width:150px; height:21px;\" allowTransparency=\"true\"><\/iframe><\/li><li class=\"twtr\" style=\"width:90px\"><a href=\"https:\/\/twitter.com\/share\" class=\"twitter-share-button\" data-url=\"https:\/\/www.caritasne2.org.br\/site\/caritas-mobiliza-beneficiarias-do-pana-para-acao-no-hospital-oswaldo-cruz\/\">&nbsp;<\/a><script>!function(d,s,id){var js,fjs=d.getElementsByTagName(s)[0],p=\/^http:\/.test(d.location)?'http':'https';if(!d.getElementById(id)){js=d.createElement(s);js.id=id;js.src=p+':\/\/platform.twitter.com\/widgets.js';fjs.parentNode.insertBefore(js,fjs);}}(document, 'script', 'twitter-wjs');<\/script><\/li><li class=\"gplus\" style=\"width:68px\"><div class=\"g-plusone\" data-size=\"medium\" data-href=\"https:\/\/www.caritasne2.org.br\/site\/caritas-mobiliza-beneficiarias-do-pana-para-acao-no-hospital-oswaldo-cruz\/\"><\/div><\/li><li class=\"ssb_linkedin\" style=\"width:64px\"><script src=\"\/\/platform.linkedin.com\/in.js\" type=\"text\/javascript\">lang: en_US<\/script><script type=\"IN\/Share\" data-url=\"https:\/\/www.caritasne2.org.br\/site\/caritas-mobiliza-beneficiarias-do-pana-para-acao-no-hospital-oswaldo-cruz\/\" data-counter=\"right\"><\/script><\/li><\/ul>","protected":false},"excerpt":{"rendered":"<p>\u201cOutubro Rosa, Fraternidade sem Fronteiras\u201d atendeu cerca de 12 venezuelanas As benefici\u00e1rias do Programa Pana, executado no Recife pela C\u00e1ritas Regional Nordeste II foram atendidas na manh\u00e3 desta sexta-feira (18), pelos m\u00e9dicos e enfermeiros do Centro de Oncologia do Hospital Universit\u00e1rio Oswaldo Cruz da Universidade de Pernambuco (Ceon\/Huoc\/UPE), em a\u00e7\u00e3o \u201cOutubro Rosa, Fraternidade sem Fronteiras\u201d, dentro da programa\u00e7\u00e3o do m\u00eas dedicado ao combate do c\u00e2ncer [&hellip;]<\/p>\n<ul class=\"ssb_list_wrapper\"><li class=\"fb2\" style=\"width:135px\"><iframe src=\"\/\/www.facebook.com\/plugins\/like.php?href=https%3A%2F%2Fwww.caritasne2.org.br%2Fsite%2Fcaritas-mobiliza-beneficiarias-do-pana-para-acao-no-hospital-oswaldo-cruz%2F&amp;layout=button_count&amp;action=like&amp;show_faces=false&amp;share=true&amp;width=135&amp;height=21&amp;appId=307091639398582\" scrolling=\"no\" frameborder=\"0\" style=\"border:none; overflow:hidden;  width:150px; height:21px;\" allowTransparency=\"true\"><\/iframe><\/li><li class=\"twtr\" style=\"width:90px\"><a href=\"https:\/\/twitter.com\/share\" class=\"twitter-share-button\" data-url=\"https:\/\/www.caritasne2.org.br\/site\/caritas-mobiliza-beneficiarias-do-pana-para-acao-no-hospital-oswaldo-cruz\/\">&nbsp;<\/a><script>!function(d,s,id){var js,fjs=d.getElementsByTagName(s)[0],p=\/^http:\/.test(d.location)?'http':'https';if(!d.getElementById(id)){js=d.createElement(s);js.id=id;js.src=p+':\/\/platform.twitter.com\/widgets.js';fjs.parentNode.insertBefore(js,fjs);}}(document, 'script', 'twitter-wjs');<\/script><\/li><li class=\"gplus\" style=\"width:68px\"><div class=\"g-plusone\" data-size=\"medium\" data-href=\"https:\/\/www.caritasne2.org.br\/site\/caritas-mobiliza-beneficiarias-do-pana-para-acao-no-hospital-oswaldo-cruz\/\"><\/div><\/li><li class=\"ssb_linkedin\" style=\"width:64px\"><script src=\"\/\/platform.linkedin.com\/in.js\" type=\"text\/javascript\">lang: en_US<\/script><script type=\"IN\/Share\" data-url=\"https:\/\/www.caritasne2.org.br\/site\/caritas-mobiliza-beneficiarias-do-pana-para-acao-no-hospital-oswaldo-cruz\/\" data-counter=\"right\"><\/script><\/li><\/ul>","protected":false},"author":4,"featured_media":6151,"comment_status":"open","ping_status":"open","sticky":false,"template":"","format":"standard","meta":[],"categories":[21,20,466,259],"tags":[],"_links":{"self":[{"href":"https:\/\/www.caritasne2.org.br\/site\/wp-json\/wp\/v2\/posts\/6149"}],"collection":[{"href":"https:\/\/www.caritasne2.org.br\/site\/wp-json\/wp\/v2\/posts"}],"about":[{"href":"https:\/\/www.caritasne2.org.br\/site\/wp-json\/wp\/v2\/types\/post"}],"author":[{"embeddable":true,"href":"https:\/\/www.caritasne2.org.br\/site\/wp-json\/wp\/v2\/users\/4"}],"replies":[{"embeddable":true,"href":"https:\/\/www.caritasne2.org.br\/site\/wp-json\/wp\/v2\/comments?post=6149"}],"version-history":[{"count":0,"href":"https:\/\/www.caritasne2.org.br\/site\/wp-json\/wp\/v2\/posts\/6149\/revisions"}],"wp:featuredmedia":[{"embeddable":true,"href":"https:\/\/www.caritasne2.org.br\/site\/wp-json\/wp\/v2\/media\/6151"}],"wp:attachment":[{"href":"https:\/\/www.caritasne2.org.br\/site\/wp-json\/wp\/v2\/media?parent=6149"}],"wp:term":[{"taxonomy":"category","embeddable":true,"href":"https:\/\/www.caritasne2.org.br\/site\/wp-json\/wp\/v2\/categories?post=6149"},{"taxonomy":"post_tag","embeddable":true,"href":"https:\/\/www.caritasne2.org.br\/site\/wp-json\/wp\/v2\/tags?post=6149"}],"curies":[{"name":"wp","href":"https:\/\/api.w.org\/{rel}","templated":true}]}}