{"id":6144,"date":"2019-10-17T09:17:49","date_gmt":"2019-10-17T12:17:49","guid":{"rendered":"http:\/\/www.caritasne2.org.br\/?p=6144"},"modified":"2019-10-21T09:18:16","modified_gmt":"2019-10-21T12:18:16","slug":"equipe-do-programa-pana-busca-parceiros-para-empregabilidade-dos-venezuelanos-do-recife","status":"publish","type":"post","link":"https:\/\/www.caritasne2.org.br\/site\/equipe-do-programa-pana-busca-parceiros-para-empregabilidade-dos-venezuelanos-do-recife\/","title":{"rendered":"Equipe do Programa Pana busca parceiros para empregabilidade dos venezuelanos do Recife"},"content":{"rendered":"<p style=\"text-align: justify;\">Os t\u00e9cnicos do Programa Pana passaram a tarde dessa quinta-feira (17) na ind\u00fastria em Bimbo, um grupo mexicano com f\u00e1brica instalada na cidade de Jaboat\u00e3o dos Guararapes.\u00a0 O encontro e roda de conversa serviu para esclarecer os colaboradores sobre a tem\u00e1tica de migra\u00e7\u00e3o, as dificuldades, preconceito e barreiras encontradas pelos venezuelanos para trabalho e sustento de suas fam\u00edlias.<\/p>\n<p style=\"text-align: justify;\">O di\u00e1logo com empresas faz parte das atividades do Programa, na busca pela empregabilidade do grupo de venezuelanos ligados ao Pana. Os encontros t\u00eam aberto portas no mercado de trabalho para muitos refugiados que foram interiorizados no Recife atrav\u00e9s do Projeto. No encontro, a equipe pode conversar tamb\u00e9m com os respons\u00e1veis pela \u00e1rea de Recursos Humanos (RH) da empresa, estreitando di\u00e1logos sobre poss\u00edveis contrata\u00e7\u00f5es de m\u00e3o de obra migrante.<\/p>\n<p style=\"text-align: justify;\">A ind\u00fastria engloba marcas como Pullman, Plus Vita, Nutrella, Ana Maria, Rap 10 e Crocant\u00edssimo, entre outras, e se considera a maior empresa de panifica\u00e7\u00e3o do mundo e l\u00edder no continente Americano, com um faturamento da ordem de US$ 14 bilh\u00f5es em 2016. Com mais de 175 plantas localizadas em 24 pa\u00edses da Am\u00e9rica, \u00c1sia, Europa e \u00c1frica, ao Grupo conta com mais de 133 mil colaboradores, podendo gerar espa\u00e7o de trabalho para venezuelanos.<\/p>\n<ul class=\"ssb_list_wrapper\"><li class=\"fb2\" style=\"width:135px\"><iframe src=\"\/\/www.facebook.com\/plugins\/like.php?href=https%3A%2F%2Fwww.caritasne2.org.br%2Fsite%2Fequipe-do-programa-pana-busca-parceiros-para-empregabilidade-dos-venezuelanos-do-recife%2F&amp;layout=button_count&amp;action=like&amp;show_faces=false&amp;share=true&amp;width=135&amp;height=21&amp;appId=307091639398582\" scrolling=\"no\" frameborder=\"0\" style=\"border:none; overflow:hidden;  width:150px; height:21px;\" allowTransparency=\"true\"><\/iframe><\/li><li class=\"twtr\" style=\"width:90px\"><a href=\"https:\/\/twitter.com\/share\" class=\"twitter-share-button\" data-url=\"https:\/\/www.caritasne2.org.br\/site\/equipe-do-programa-pana-busca-parceiros-para-empregabilidade-dos-venezuelanos-do-recife\/\">&nbsp;<\/a><script>!function(d,s,id){var js,fjs=d.getElementsByTagName(s)[0],p=\/^http:\/.test(d.location)?'http':'https';if(!d.getElementById(id)){js=d.createElement(s);js.id=id;js.src=p+':\/\/platform.twitter.com\/widgets.js';fjs.parentNode.insertBefore(js,fjs);}}(document, 'script', 'twitter-wjs');<\/script><\/li><li class=\"gplus\" style=\"width:68px\"><div class=\"g-plusone\" data-size=\"medium\" data-href=\"https:\/\/www.caritasne2.org.br\/site\/equipe-do-programa-pana-busca-parceiros-para-empregabilidade-dos-venezuelanos-do-recife\/\"><\/div><\/li><li class=\"ssb_linkedin\" style=\"width:64px\"><script src=\"\/\/platform.linkedin.com\/in.js\" type=\"text\/javascript\">lang: en_US<\/script><script type=\"IN\/Share\" data-url=\"https:\/\/www.caritasne2.org.br\/site\/equipe-do-programa-pana-busca-parceiros-para-empregabilidade-dos-venezuelanos-do-recife\/\" data-counter=\"right\"><\/script><\/li><\/ul>","protected":false},"excerpt":{"rendered":"<p>Os t\u00e9cnicos do Programa Pana passaram a tarde dessa quinta-feira (17) na ind\u00fastria em Bimbo, um grupo mexicano com f\u00e1brica instalada na cidade de Jaboat\u00e3o dos Guararapes.\u00a0 O encontro e roda de conversa serviu para esclarecer os colaboradores sobre a tem\u00e1tica de migra\u00e7\u00e3o, as dificuldades, preconceito e barreiras encontradas pelos venezuelanos para trabalho e sustento de suas fam\u00edlias. O di\u00e1logo com empresas faz parte das [&hellip;]<\/p>\n<ul class=\"ssb_list_wrapper\"><li class=\"fb2\" style=\"width:135px\"><iframe src=\"\/\/www.facebook.com\/plugins\/like.php?href=https%3A%2F%2Fwww.caritasne2.org.br%2Fsite%2Fequipe-do-programa-pana-busca-parceiros-para-empregabilidade-dos-venezuelanos-do-recife%2F&amp;layout=button_count&amp;action=like&amp;show_faces=false&amp;share=true&amp;width=135&amp;height=21&amp;appId=307091639398582\" scrolling=\"no\" frameborder=\"0\" style=\"border:none; overflow:hidden;  width:150px; height:21px;\" allowTransparency=\"true\"><\/iframe><\/li><li class=\"twtr\" style=\"width:90px\"><a href=\"https:\/\/twitter.com\/share\" class=\"twitter-share-button\" data-url=\"https:\/\/www.caritasne2.org.br\/site\/equipe-do-programa-pana-busca-parceiros-para-empregabilidade-dos-venezuelanos-do-recife\/\">&nbsp;<\/a><script>!function(d,s,id){var js,fjs=d.getElementsByTagName(s)[0],p=\/^http:\/.test(d.location)?'http':'https';if(!d.getElementById(id)){js=d.createElement(s);js.id=id;js.src=p+':\/\/platform.twitter.com\/widgets.js';fjs.parentNode.insertBefore(js,fjs);}}(document, 'script', 'twitter-wjs');<\/script><\/li><li class=\"gplus\" style=\"width:68px\"><div class=\"g-plusone\" data-size=\"medium\" data-href=\"https:\/\/www.caritasne2.org.br\/site\/equipe-do-programa-pana-busca-parceiros-para-empregabilidade-dos-venezuelanos-do-recife\/\"><\/div><\/li><li class=\"ssb_linkedin\" style=\"width:64px\"><script src=\"\/\/platform.linkedin.com\/in.js\" type=\"text\/javascript\">lang: en_US<\/script><script type=\"IN\/Share\" data-url=\"https:\/\/www.caritasne2.org.br\/site\/equipe-do-programa-pana-busca-parceiros-para-empregabilidade-dos-venezuelanos-do-recife\/\" data-counter=\"right\"><\/script><\/li><\/ul>","protected":false},"author":4,"featured_media":6146,"comment_status":"open","ping_status":"open","sticky":false,"template":"","format":"standard","meta":[],"categories":[21,20,466,259],"tags":[],"_links":{"self":[{"href":"https:\/\/www.caritasne2.org.br\/site\/wp-json\/wp\/v2\/posts\/6144"}],"collection":[{"href":"https:\/\/www.caritasne2.org.br\/site\/wp-json\/wp\/v2\/posts"}],"about":[{"href":"https:\/\/www.caritasne2.org.br\/site\/wp-json\/wp\/v2\/types\/post"}],"author":[{"embeddable":true,"href":"https:\/\/www.caritasne2.org.br\/site\/wp-json\/wp\/v2\/users\/4"}],"replies":[{"embeddable":true,"href":"https:\/\/www.caritasne2.org.br\/site\/wp-json\/wp\/v2\/comments?post=6144"}],"version-history":[{"count":0,"href":"https:\/\/www.caritasne2.org.br\/site\/wp-json\/wp\/v2\/posts\/6144\/revisions"}],"wp:featuredmedia":[{"embeddable":true,"href":"https:\/\/www.caritasne2.org.br\/site\/wp-json\/wp\/v2\/media\/6146"}],"wp:attachment":[{"href":"https:\/\/www.caritasne2.org.br\/site\/wp-json\/wp\/v2\/media?parent=6144"}],"wp:term":[{"taxonomy":"category","embeddable":true,"href":"https:\/\/www.caritasne2.org.br\/site\/wp-json\/wp\/v2\/categories?post=6144"},{"taxonomy":"post_tag","embeddable":true,"href":"https:\/\/www.caritasne2.org.br\/site\/wp-json\/wp\/v2\/tags?post=6144"}],"curies":[{"name":"wp","href":"https:\/\/api.w.org\/{rel}","templated":true}]}}