{"id":6136,"date":"2019-10-14T17:52:16","date_gmt":"2019-10-14T20:52:16","guid":{"rendered":"http:\/\/www.caritasne2.org.br\/?p=6136"},"modified":"2019-10-15T12:11:02","modified_gmt":"2019-10-15T15:11:02","slug":"caritas-regional-ne2-participa-de-encontro-sobre-chegada-de-indigenas-venezuelanos-no-recife","status":"publish","type":"post","link":"https:\/\/www.caritasne2.org.br\/site\/caritas-regional-ne2-participa-de-encontro-sobre-chegada-de-indigenas-venezuelanos-no-recife\/","title":{"rendered":"C\u00e1ritas Regional NE2 participa de encontro sobre chegada de ind\u00edgenas venezuelanos no Recife"},"content":{"rendered":"<p style=\"text-align: justify;\">A C\u00e1ritas Regional Nordeste II esteve presente na tarde dessa segunda-feira (14), em reuni\u00e3o especial da Comiss\u00e3o de Direitos Humanos e Cidadania da C\u00e2mara do Recife, que tratou da situa\u00e7\u00e3o do grupo de migrantes ind\u00edgenas venezuelanos que chegaram na cidade h\u00e1 cerca de 15 dias. Apesar de o p\u00fablico n\u00e3o fazer parte do Programa Pana de aten\u00e7\u00e3o a migrantes e refugiados executado pela entidade, os t\u00e9cnicos t\u00eam acompanhado e contribu\u00eddo para a acolhida de cerca de 55 pessoas, entre elas mulheres e crian\u00e7as, que est\u00e3o em situa\u00e7\u00e3o de mendic\u00e2ncia e vulnerabilidade pelas ruas do Recife.<\/p>\n<p style=\"text-align: justify;\">\u00a0<img decoding=\"async\" loading=\"lazy\" class=\"size-medium wp-image-6139 alignleft\" src=\"http:\/\/www.caritasne2.org.br\/wp-content\/uploads\/2019\/10\/622bfd05-36e7-4b72-a58a-05867dc0c873-300x225.jpg\" alt=\"\" width=\"300\" height=\"225\" srcset=\"https:\/\/www.caritasne2.org.br\/site\/wp-content\/uploads\/2019\/10\/622bfd05-36e7-4b72-a58a-05867dc0c873-300x225.jpg 300w, https:\/\/www.caritasne2.org.br\/site\/wp-content\/uploads\/2019\/10\/622bfd05-36e7-4b72-a58a-05867dc0c873-768x576.jpg 768w, https:\/\/www.caritasne2.org.br\/site\/wp-content\/uploads\/2019\/10\/622bfd05-36e7-4b72-a58a-05867dc0c873-1024x768.jpg 1024w, https:\/\/www.caritasne2.org.br\/site\/wp-content\/uploads\/2019\/10\/622bfd05-36e7-4b72-a58a-05867dc0c873.jpg 1152w\" sizes=\"(max-width: 300px) 100vw, 300px\" \/>Uma comiss\u00e3o formada por parte do Comit\u00ea de Promo\u00e7\u00e3o dos Direitos das Pessoas em Situa\u00e7\u00e3o de Migra\u00e7\u00e3o, Ref\u00fagio e Apatradia (CPDPSM), do qual a C\u00e1ritas Regional NE2 \u00e9 integrante, assim como representantes das gest\u00f5es municipal e estadual, de organiza\u00e7\u00f5es n\u00e3o governamentais e dos vereadores conversaram com os migrantes presentes no encontro para buscar entender suas necessidades, buscar solu\u00e7\u00f5es para quest\u00f5es mais urgentes, assim como para dar garantia de direitos aos solicitantes de ref\u00fagio que entraram no pa\u00eds e est\u00e3o na capital pernambucana.<\/p>\n<p style=\"text-align: justify;\"><img decoding=\"async\" loading=\"lazy\" class=\"size-medium wp-image-6138 alignright\" src=\"http:\/\/www.caritasne2.org.br\/wp-content\/uploads\/2019\/10\/66b3a175-f1dd-4956-8f52-02aa02d17e9f-300x225.jpg\" alt=\"\" width=\"300\" height=\"225\" srcset=\"https:\/\/www.caritasne2.org.br\/site\/wp-content\/uploads\/2019\/10\/66b3a175-f1dd-4956-8f52-02aa02d17e9f-300x225.jpg 300w, https:\/\/www.caritasne2.org.br\/site\/wp-content\/uploads\/2019\/10\/66b3a175-f1dd-4956-8f52-02aa02d17e9f-768x576.jpg 768w, https:\/\/www.caritasne2.org.br\/site\/wp-content\/uploads\/2019\/10\/66b3a175-f1dd-4956-8f52-02aa02d17e9f-1024x768.jpg 1024w, https:\/\/www.caritasne2.org.br\/site\/wp-content\/uploads\/2019\/10\/66b3a175-f1dd-4956-8f52-02aa02d17e9f.jpg 1152w\" sizes=\"(max-width: 300px) 100vw, 300px\" \/>Durante a reuni\u00e3o ficou acertado que o grupo ir\u00e1 colaborar com a Prefeitura da cidade do Recife, no sentido de repassarem os dados individuais para as equipes do Servi\u00e7o de Abordagem Social da Secretaria de Secretaria de Desenvolvimento Social, Juventude, Pol\u00edtica Sobre Drogas e Direitos Humanos \u2013 SDSJPDDH. A partir desse primeiro contato e levantamento, os demais \u00f3rg\u00e3os e entidades se reunir\u00e3o para dar os encaminhamentos necess\u00e1rios para garantir a perman\u00eancia dos rec\u00e9m-chegados com maior qualidade de vida na cidade.<\/p>\n<p style=\"text-align: justify;\">Para a psic\u00f3loga do Pana, Luciana Flor\u00eancio, a C\u00e1ritas e as demais entidades da Sociedade Civil que estiveram na reuni\u00e3o ofereceram apoio no sentido de fortalecer as pol\u00edticas p\u00fablicas necess\u00e1rias \u00e0s garantias de direitos para a popula\u00e7\u00e3o que acabou de chegar e precisa de encaminhamentos. \u201cNossa contribui\u00e7\u00e3o para os trabalhos com esses venezuelanos espec\u00edficos se dar\u00e1 com a troca de experi\u00eancias, informa\u00e7\u00f5es e conhecimentos sobre o grupo que j\u00e1 passou por algumas outras capitais onde a C\u00e1ritas tamb\u00e9m atua\u201d, explica.<\/p>\n<ul class=\"ssb_list_wrapper\"><li class=\"fb2\" style=\"width:135px\"><iframe src=\"\/\/www.facebook.com\/plugins\/like.php?href=https%3A%2F%2Fwww.caritasne2.org.br%2Fsite%2Fcaritas-regional-ne2-participa-de-encontro-sobre-chegada-de-indigenas-venezuelanos-no-recife%2F&amp;layout=button_count&amp;action=like&amp;show_faces=false&amp;share=true&amp;width=135&amp;height=21&amp;appId=307091639398582\" scrolling=\"no\" frameborder=\"0\" style=\"border:none; overflow:hidden;  width:150px; height:21px;\" allowTransparency=\"true\"><\/iframe><\/li><li class=\"twtr\" style=\"width:90px\"><a href=\"https:\/\/twitter.com\/share\" class=\"twitter-share-button\" data-url=\"https:\/\/www.caritasne2.org.br\/site\/caritas-regional-ne2-participa-de-encontro-sobre-chegada-de-indigenas-venezuelanos-no-recife\/\">&nbsp;<\/a><script>!function(d,s,id){var js,fjs=d.getElementsByTagName(s)[0],p=\/^http:\/.test(d.location)?'http':'https';if(!d.getElementById(id)){js=d.createElement(s);js.id=id;js.src=p+':\/\/platform.twitter.com\/widgets.js';fjs.parentNode.insertBefore(js,fjs);}}(document, 'script', 'twitter-wjs');<\/script><\/li><li class=\"gplus\" style=\"width:68px\"><div class=\"g-plusone\" data-size=\"medium\" data-href=\"https:\/\/www.caritasne2.org.br\/site\/caritas-regional-ne2-participa-de-encontro-sobre-chegada-de-indigenas-venezuelanos-no-recife\/\"><\/div><\/li><li class=\"ssb_linkedin\" style=\"width:64px\"><script src=\"\/\/platform.linkedin.com\/in.js\" type=\"text\/javascript\">lang: en_US<\/script><script type=\"IN\/Share\" data-url=\"https:\/\/www.caritasne2.org.br\/site\/caritas-regional-ne2-participa-de-encontro-sobre-chegada-de-indigenas-venezuelanos-no-recife\/\" data-counter=\"right\"><\/script><\/li><\/ul>","protected":false},"excerpt":{"rendered":"<p>A C\u00e1ritas Regional Nordeste II esteve presente na tarde dessa segunda-feira (14), em reuni\u00e3o especial da Comiss\u00e3o de Direitos Humanos e Cidadania da C\u00e2mara do Recife, que tratou da situa\u00e7\u00e3o do grupo de migrantes ind\u00edgenas venezuelanos que chegaram na cidade h\u00e1 cerca de 15 dias. Apesar de o p\u00fablico n\u00e3o fazer parte do Programa Pana de aten\u00e7\u00e3o a migrantes e refugiados executado pela entidade, os [&hellip;]<\/p>\n<ul class=\"ssb_list_wrapper\"><li class=\"fb2\" style=\"width:135px\"><iframe src=\"\/\/www.facebook.com\/plugins\/like.php?href=https%3A%2F%2Fwww.caritasne2.org.br%2Fsite%2Fcaritas-regional-ne2-participa-de-encontro-sobre-chegada-de-indigenas-venezuelanos-no-recife%2F&amp;layout=button_count&amp;action=like&amp;show_faces=false&amp;share=true&amp;width=135&amp;height=21&amp;appId=307091639398582\" scrolling=\"no\" frameborder=\"0\" style=\"border:none; overflow:hidden;  width:150px; height:21px;\" allowTransparency=\"true\"><\/iframe><\/li><li class=\"twtr\" style=\"width:90px\"><a href=\"https:\/\/twitter.com\/share\" class=\"twitter-share-button\" data-url=\"https:\/\/www.caritasne2.org.br\/site\/caritas-regional-ne2-participa-de-encontro-sobre-chegada-de-indigenas-venezuelanos-no-recife\/\">&nbsp;<\/a><script>!function(d,s,id){var js,fjs=d.getElementsByTagName(s)[0],p=\/^http:\/.test(d.location)?'http':'https';if(!d.getElementById(id)){js=d.createElement(s);js.id=id;js.src=p+':\/\/platform.twitter.com\/widgets.js';fjs.parentNode.insertBefore(js,fjs);}}(document, 'script', 'twitter-wjs');<\/script><\/li><li class=\"gplus\" style=\"width:68px\"><div class=\"g-plusone\" data-size=\"medium\" data-href=\"https:\/\/www.caritasne2.org.br\/site\/caritas-regional-ne2-participa-de-encontro-sobre-chegada-de-indigenas-venezuelanos-no-recife\/\"><\/div><\/li><li class=\"ssb_linkedin\" style=\"width:64px\"><script src=\"\/\/platform.linkedin.com\/in.js\" type=\"text\/javascript\">lang: en_US<\/script><script type=\"IN\/Share\" data-url=\"https:\/\/www.caritasne2.org.br\/site\/caritas-regional-ne2-participa-de-encontro-sobre-chegada-de-indigenas-venezuelanos-no-recife\/\" data-counter=\"right\"><\/script><\/li><\/ul>","protected":false},"author":4,"featured_media":6137,"comment_status":"open","ping_status":"open","sticky":false,"template":"","format":"standard","meta":[],"categories":[21,20,466,259],"tags":[],"_links":{"self":[{"href":"https:\/\/www.caritasne2.org.br\/site\/wp-json\/wp\/v2\/posts\/6136"}],"collection":[{"href":"https:\/\/www.caritasne2.org.br\/site\/wp-json\/wp\/v2\/posts"}],"about":[{"href":"https:\/\/www.caritasne2.org.br\/site\/wp-json\/wp\/v2\/types\/post"}],"author":[{"embeddable":true,"href":"https:\/\/www.caritasne2.org.br\/site\/wp-json\/wp\/v2\/users\/4"}],"replies":[{"embeddable":true,"href":"https:\/\/www.caritasne2.org.br\/site\/wp-json\/wp\/v2\/comments?post=6136"}],"version-history":[{"count":0,"href":"https:\/\/www.caritasne2.org.br\/site\/wp-json\/wp\/v2\/posts\/6136\/revisions"}],"wp:featuredmedia":[{"embeddable":true,"href":"https:\/\/www.caritasne2.org.br\/site\/wp-json\/wp\/v2\/media\/6137"}],"wp:attachment":[{"href":"https:\/\/www.caritasne2.org.br\/site\/wp-json\/wp\/v2\/media?parent=6136"}],"wp:term":[{"taxonomy":"category","embeddable":true,"href":"https:\/\/www.caritasne2.org.br\/site\/wp-json\/wp\/v2\/categories?post=6136"},{"taxonomy":"post_tag","embeddable":true,"href":"https:\/\/www.caritasne2.org.br\/site\/wp-json\/wp\/v2\/tags?post=6136"}],"curies":[{"name":"wp","href":"https:\/\/api.w.org\/{rel}","templated":true}]}}