{"id":6129,"date":"2019-10-11T18:47:54","date_gmt":"2019-10-11T21:47:54","guid":{"rendered":"http:\/\/www.caritasne2.org.br\/?p=6129"},"modified":"2019-10-15T12:12:07","modified_gmt":"2019-10-15T15:12:07","slug":"caritas-mostra-a-forca-da-solidariedade-na-festa-de-dia-das-criancas-em-chao-de-estrelas","status":"publish","type":"post","link":"https:\/\/www.caritasne2.org.br\/site\/caritas-mostra-a-forca-da-solidariedade-na-festa-de-dia-das-criancas-em-chao-de-estrelas\/","title":{"rendered":"C\u00e1ritas mostra a for\u00e7a da solidariedade na festa de Dia das Crian\u00e7as em Ch\u00e3o de Estrelas"},"content":{"rendered":"<p style=\"text-align: center;\"><em>Campanha para doa\u00e7\u00e3o de presentes arrecadou mais de 300 brinquedos em quatro dias<\/em><\/p>\n<p style=\"text-align: justify;\">Promovida pelo Programa Inf\u00e2ncia, Adolesc\u00eancia e Juventude (PIAJ), executado pela C\u00e1ritas Regional Nordeste II, a Festa do Dia das Crian\u00e7as na Comunidade de Ch\u00e3o de Estrelas foi s\u00f3 alegria. Com m\u00fasica, cor, doces, brincadeiras e presentes cerca de 300 crian\u00e7as comemoraram a data na tarde da \u00faltima sexta-feira (11), na Associa\u00e7\u00e3o dos Moradores da Campina do Barreto.<\/p>\n<p style=\"text-align: justify;\"><img decoding=\"async\" loading=\"lazy\" class=\"size-medium wp-image-6132 alignleft\" src=\"http:\/\/www.caritasne2.org.br\/wp-content\/uploads\/2019\/10\/f67ddab4-431e-4d39-96bb-acbf2d971d57-300x225.jpg\" alt=\"\" width=\"300\" height=\"225\" srcset=\"https:\/\/www.caritasne2.org.br\/site\/wp-content\/uploads\/2019\/10\/f67ddab4-431e-4d39-96bb-acbf2d971d57-300x225.jpg 300w, https:\/\/www.caritasne2.org.br\/site\/wp-content\/uploads\/2019\/10\/f67ddab4-431e-4d39-96bb-acbf2d971d57-768x576.jpg 768w, https:\/\/www.caritasne2.org.br\/site\/wp-content\/uploads\/2019\/10\/f67ddab4-431e-4d39-96bb-acbf2d971d57-1024x768.jpg 1024w, https:\/\/www.caritasne2.org.br\/site\/wp-content\/uploads\/2019\/10\/f67ddab4-431e-4d39-96bb-acbf2d971d57.jpg 1152w\" sizes=\"(max-width: 300px) 100vw, 300px\" \/>Al\u00e9m de muita divers\u00e3o, a festa contou com muita solidariedade das pessoas que organizaram, que fizeram as doa\u00e7\u00f5es dos presentes para as crian\u00e7as, assim como com o exerc\u00edcio do voluntariado, a exemplo dos jovens acompanhados pelo Projeto, que colaboraram como recreadores, al\u00e9m de ajudarem na distribui\u00e7\u00e3o de lanches e brindes para a garotada.<\/p>\n<p style=\"text-align: justify;\">Para o presidente da Associa\u00e7\u00e3o, C\u00e9lio Jos\u00e9 de Ara\u00fajo Filho, assim como para a representante do Centro de Organiza\u00e7\u00e3o Comunit\u00e1ria, Creuza Bezerra da Silva, que trabalharam juntos com a C\u00e1ritas na mobiliza\u00e7\u00e3o das crian\u00e7as e na organiza\u00e7\u00e3o do espa\u00e7o, a comemora\u00e7\u00e3o da data na comunidade foi um presente tamb\u00e9m para eles. \u201cAlgumas fam\u00edlias aqui s\u00e3o extremamente carentes e se essa festa n\u00e3o tivesse acontecido, certamente a data passaria em branco para muitos\u201d, lembrou C\u00e9lio. \u201cA C\u00e1ritas proporcionou um dia maravilhoso para essas fam\u00edlias e somos gratos\u201d, comentou Creuza.<img decoding=\"async\" loading=\"lazy\" class=\"size-medium wp-image-6131 alignright\" src=\"http:\/\/www.caritasne2.org.br\/wp-content\/uploads\/2019\/10\/7db761a2-e0ec-4e74-956b-106aef07197f-300x169.jpg\" alt=\"\" width=\"300\" height=\"169\" srcset=\"https:\/\/www.caritasne2.org.br\/site\/wp-content\/uploads\/2019\/10\/7db761a2-e0ec-4e74-956b-106aef07197f-300x169.jpg 300w, https:\/\/www.caritasne2.org.br\/site\/wp-content\/uploads\/2019\/10\/7db761a2-e0ec-4e74-956b-106aef07197f-768x432.jpg 768w, https:\/\/www.caritasne2.org.br\/site\/wp-content\/uploads\/2019\/10\/7db761a2-e0ec-4e74-956b-106aef07197f-1024x576.jpg 1024w, https:\/\/www.caritasne2.org.br\/site\/wp-content\/uploads\/2019\/10\/7db761a2-e0ec-4e74-956b-106aef07197f-588x330.jpg 588w, https:\/\/www.caritasne2.org.br\/site\/wp-content\/uploads\/2019\/10\/7db761a2-e0ec-4e74-956b-106aef07197f.jpg 1032w\" sizes=\"(max-width: 300px) 100vw, 300px\" \/><\/p>\n<p style=\"text-align: justify;\">Segundo a pedagoga respons\u00e1vel pelo PIAJ, Roseane Ferreira, integrar os jovens que est\u00e3o em forma\u00e7\u00e3o como Mediadores de Conflitos nas escolas e os Mediadores Comunit\u00e1rios numa mesma a\u00e7\u00e3o \u00e9 uma dimens\u00e3o do Projeto para o fortalecimento da Cultura de Paz. \u201cO pr\u00f3ximo passo ser\u00e1 a inaugura\u00e7\u00e3o do N\u00facleo Comunit\u00e1rio de Ch\u00e3o de Estrelas, e os jovens ter\u00e3o papel muito importante no fortalecimento do di\u00e1logo, assim como no enfrentamento das dificuldades que envolvem esse p\u00fablico\u201d.<\/p>\n<ul class=\"ssb_list_wrapper\"><li class=\"fb2\" style=\"width:135px\"><iframe src=\"\/\/www.facebook.com\/plugins\/like.php?href=https%3A%2F%2Fwww.caritasne2.org.br%2Fsite%2Fcaritas-mostra-a-forca-da-solidariedade-na-festa-de-dia-das-criancas-em-chao-de-estrelas%2F&amp;layout=button_count&amp;action=like&amp;show_faces=false&amp;share=true&amp;width=135&amp;height=21&amp;appId=307091639398582\" scrolling=\"no\" frameborder=\"0\" style=\"border:none; overflow:hidden;  width:150px; height:21px;\" allowTransparency=\"true\"><\/iframe><\/li><li class=\"twtr\" style=\"width:90px\"><a href=\"https:\/\/twitter.com\/share\" class=\"twitter-share-button\" data-url=\"https:\/\/www.caritasne2.org.br\/site\/caritas-mostra-a-forca-da-solidariedade-na-festa-de-dia-das-criancas-em-chao-de-estrelas\/\">&nbsp;<\/a><script>!function(d,s,id){var js,fjs=d.getElementsByTagName(s)[0],p=\/^http:\/.test(d.location)?'http':'https';if(!d.getElementById(id)){js=d.createElement(s);js.id=id;js.src=p+':\/\/platform.twitter.com\/widgets.js';fjs.parentNode.insertBefore(js,fjs);}}(document, 'script', 'twitter-wjs');<\/script><\/li><li class=\"gplus\" style=\"width:68px\"><div class=\"g-plusone\" data-size=\"medium\" data-href=\"https:\/\/www.caritasne2.org.br\/site\/caritas-mostra-a-forca-da-solidariedade-na-festa-de-dia-das-criancas-em-chao-de-estrelas\/\"><\/div><\/li><li class=\"ssb_linkedin\" style=\"width:64px\"><script src=\"\/\/platform.linkedin.com\/in.js\" type=\"text\/javascript\">lang: en_US<\/script><script type=\"IN\/Share\" data-url=\"https:\/\/www.caritasne2.org.br\/site\/caritas-mostra-a-forca-da-solidariedade-na-festa-de-dia-das-criancas-em-chao-de-estrelas\/\" data-counter=\"right\"><\/script><\/li><\/ul>","protected":false},"excerpt":{"rendered":"<p>Campanha para doa\u00e7\u00e3o de presentes arrecadou mais de 300 brinquedos em quatro dias Promovida pelo Programa Inf\u00e2ncia, Adolesc\u00eancia e Juventude (PIAJ), executado pela C\u00e1ritas Regional Nordeste II, a Festa do Dia das Crian\u00e7as na Comunidade de Ch\u00e3o de Estrelas foi s\u00f3 alegria. Com m\u00fasica, cor, doces, brincadeiras e presentes cerca de 300 crian\u00e7as comemoraram a data na tarde da \u00faltima sexta-feira (11), na Associa\u00e7\u00e3o dos [&hellip;]<\/p>\n<ul class=\"ssb_list_wrapper\"><li class=\"fb2\" style=\"width:135px\"><iframe src=\"\/\/www.facebook.com\/plugins\/like.php?href=https%3A%2F%2Fwww.caritasne2.org.br%2Fsite%2Fcaritas-mostra-a-forca-da-solidariedade-na-festa-de-dia-das-criancas-em-chao-de-estrelas%2F&amp;layout=button_count&amp;action=like&amp;show_faces=false&amp;share=true&amp;width=135&amp;height=21&amp;appId=307091639398582\" scrolling=\"no\" frameborder=\"0\" style=\"border:none; overflow:hidden;  width:150px; height:21px;\" allowTransparency=\"true\"><\/iframe><\/li><li class=\"twtr\" style=\"width:90px\"><a href=\"https:\/\/twitter.com\/share\" class=\"twitter-share-button\" data-url=\"https:\/\/www.caritasne2.org.br\/site\/caritas-mostra-a-forca-da-solidariedade-na-festa-de-dia-das-criancas-em-chao-de-estrelas\/\">&nbsp;<\/a><script>!function(d,s,id){var js,fjs=d.getElementsByTagName(s)[0],p=\/^http:\/.test(d.location)?'http':'https';if(!d.getElementById(id)){js=d.createElement(s);js.id=id;js.src=p+':\/\/platform.twitter.com\/widgets.js';fjs.parentNode.insertBefore(js,fjs);}}(document, 'script', 'twitter-wjs');<\/script><\/li><li class=\"gplus\" style=\"width:68px\"><div class=\"g-plusone\" data-size=\"medium\" data-href=\"https:\/\/www.caritasne2.org.br\/site\/caritas-mostra-a-forca-da-solidariedade-na-festa-de-dia-das-criancas-em-chao-de-estrelas\/\"><\/div><\/li><li class=\"ssb_linkedin\" style=\"width:64px\"><script src=\"\/\/platform.linkedin.com\/in.js\" type=\"text\/javascript\">lang: en_US<\/script><script type=\"IN\/Share\" data-url=\"https:\/\/www.caritasne2.org.br\/site\/caritas-mostra-a-forca-da-solidariedade-na-festa-de-dia-das-criancas-em-chao-de-estrelas\/\" data-counter=\"right\"><\/script><\/li><\/ul>","protected":false},"author":4,"featured_media":6130,"comment_status":"open","ping_status":"open","sticky":false,"template":"","format":"standard","meta":[],"categories":[21,20,466,259],"tags":[],"_links":{"self":[{"href":"https:\/\/www.caritasne2.org.br\/site\/wp-json\/wp\/v2\/posts\/6129"}],"collection":[{"href":"https:\/\/www.caritasne2.org.br\/site\/wp-json\/wp\/v2\/posts"}],"about":[{"href":"https:\/\/www.caritasne2.org.br\/site\/wp-json\/wp\/v2\/types\/post"}],"author":[{"embeddable":true,"href":"https:\/\/www.caritasne2.org.br\/site\/wp-json\/wp\/v2\/users\/4"}],"replies":[{"embeddable":true,"href":"https:\/\/www.caritasne2.org.br\/site\/wp-json\/wp\/v2\/comments?post=6129"}],"version-history":[{"count":0,"href":"https:\/\/www.caritasne2.org.br\/site\/wp-json\/wp\/v2\/posts\/6129\/revisions"}],"wp:featuredmedia":[{"embeddable":true,"href":"https:\/\/www.caritasne2.org.br\/site\/wp-json\/wp\/v2\/media\/6130"}],"wp:attachment":[{"href":"https:\/\/www.caritasne2.org.br\/site\/wp-json\/wp\/v2\/media?parent=6129"}],"wp:term":[{"taxonomy":"category","embeddable":true,"href":"https:\/\/www.caritasne2.org.br\/site\/wp-json\/wp\/v2\/categories?post=6129"},{"taxonomy":"post_tag","embeddable":true,"href":"https:\/\/www.caritasne2.org.br\/site\/wp-json\/wp\/v2\/tags?post=6129"}],"curies":[{"name":"wp","href":"https:\/\/api.w.org\/{rel}","templated":true}]}}