{"id":6123,"date":"2019-10-10T17:37:17","date_gmt":"2019-10-10T20:37:17","guid":{"rendered":"http:\/\/www.caritasne2.org.br\/?p=6123"},"modified":"2019-10-10T17:41:46","modified_gmt":"2019-10-10T20:41:46","slug":"caritas-ne2-participa-da-caravana-estadual-da-plataforma-mrosc-no-recife","status":"publish","type":"post","link":"https:\/\/www.caritasne2.org.br\/site\/caritas-ne2-participa-da-caravana-estadual-da-plataforma-mrosc-no-recife\/","title":{"rendered":"C\u00e1ritas NE2 participa da Caravana estadual da Plataforma MROSC no Recife"},"content":{"rendered":"<p style=\"text-align: justify;\">Representantes da C\u00e1ritas Regional Nordeste II participam nesta quinta e sexta-feira (10 e 11), da Caravana estadual da Plataforma MROSC Nacional, que tem como estrat\u00e9gia a dissemina\u00e7\u00e3o da agenda do Marco Regulat\u00f3rio das Organiza\u00e7\u00f5es da Sociedade Civil (MROSC) para avan\u00e7ar na regionaliza\u00e7\u00e3o e interioriza\u00e7\u00e3o do Marco nos estados e munic\u00edpios que ainda n\u00e3o consolidaram as plataformas locais.<\/p>\n<p style=\"text-align: justify;\">A Plataforma MROSC \u00e9 um coletivo que, desde 2010, atua na constru\u00e7\u00e3o e implementa\u00e7\u00e3o do Marco, e que j\u00e1 conta com mais de 300 organiza\u00e7\u00f5es signat\u00e1rias\u00a0que representam\u00a0os mais diversos movimentos sociais, entidades ligadas\u00a0\u00e0s igrejas, institutos e funda\u00e7\u00f5es, entre outros. A C\u00e1ritas Brasileira, a ELO Liga\u00e7\u00e3o e Organiza\u00e7\u00e3o, a Abong e Camtra, com apoio da Uni\u00e3o Europeia, s\u00e3o as organizadoras das Caravanas pelo Brasil.<\/p>\n<p style=\"text-align: justify;\">A estrat\u00e9gia dos encontros inclui o mapeamento de parceiros e cen\u00e1rios locais onde h\u00e1 mobiliza\u00e7\u00e3o em torno do tema MROSC, e articula\u00e7\u00e3o da atividade que busca fortalecer t\u00e9cnica e politicamente a mobiliza\u00e7\u00e3o local a partir da retaguarda da Plataforma Nacional. O momento seguinte, como acontece no Recife, inclui a chegada da estrat\u00e9gia\u00a0aos locais onde h\u00e1 fragilidade nas mobiliza\u00e7\u00f5es e onde n\u00e3o h\u00e1 a regulamenta\u00e7\u00e3o estadual da lei.<\/p>\n<p style=\"text-align: justify;\">Para o secret\u00e1rio da C\u00e1ritas Regional NE2, Ant\u00f4nio Lisboa, a participa\u00e7\u00e3o na Caravana representa a valoriza\u00e7\u00e3o do trabalho de enraizamento da Plataforma MROSC pelo pa\u00eds. \u201cPara a C\u00e1ritas \u00e9 muito importante estar pr\u00f3ximo \u00e0s organiza\u00e7\u00f5es de base na discuss\u00e3o de problemas e experi\u00eancias da sociedade civil, sobre o acesso aos recursos p\u00fablicos e pelo fortalecimento da democracia brasileira\u201d.<\/p>\n<p style=\"text-align: justify;\">O Encontro acontece no audit\u00f3rio do Conselho Estadual dos direitos da Mulher, localizado na avenida Alfredo Lisboa, 188, no Recife Antigo e conta com a presen\u00e7a de representantes do Governo de Pernambuco, Ordem dos Advogados do Brasil (OAB), Procuradoria Municipal do Recife e Associa\u00e7\u00e3o Municipalista de Pernambuco (Amupe), entre outros.<\/p>\n<ul class=\"ssb_list_wrapper\"><li class=\"fb2\" style=\"width:135px\"><iframe src=\"\/\/www.facebook.com\/plugins\/like.php?href=https%3A%2F%2Fwww.caritasne2.org.br%2Fsite%2Fcaritas-ne2-participa-da-caravana-estadual-da-plataforma-mrosc-no-recife%2F&amp;layout=button_count&amp;action=like&amp;show_faces=false&amp;share=true&amp;width=135&amp;height=21&amp;appId=307091639398582\" scrolling=\"no\" frameborder=\"0\" style=\"border:none; overflow:hidden;  width:150px; height:21px;\" allowTransparency=\"true\"><\/iframe><\/li><li class=\"twtr\" style=\"width:90px\"><a href=\"https:\/\/twitter.com\/share\" class=\"twitter-share-button\" data-url=\"https:\/\/www.caritasne2.org.br\/site\/caritas-ne2-participa-da-caravana-estadual-da-plataforma-mrosc-no-recife\/\">&nbsp;<\/a><script>!function(d,s,id){var js,fjs=d.getElementsByTagName(s)[0],p=\/^http:\/.test(d.location)?'http':'https';if(!d.getElementById(id)){js=d.createElement(s);js.id=id;js.src=p+':\/\/platform.twitter.com\/widgets.js';fjs.parentNode.insertBefore(js,fjs);}}(document, 'script', 'twitter-wjs');<\/script><\/li><li class=\"gplus\" style=\"width:68px\"><div class=\"g-plusone\" data-size=\"medium\" data-href=\"https:\/\/www.caritasne2.org.br\/site\/caritas-ne2-participa-da-caravana-estadual-da-plataforma-mrosc-no-recife\/\"><\/div><\/li><li class=\"ssb_linkedin\" style=\"width:64px\"><script src=\"\/\/platform.linkedin.com\/in.js\" type=\"text\/javascript\">lang: en_US<\/script><script type=\"IN\/Share\" data-url=\"https:\/\/www.caritasne2.org.br\/site\/caritas-ne2-participa-da-caravana-estadual-da-plataforma-mrosc-no-recife\/\" data-counter=\"right\"><\/script><\/li><\/ul>","protected":false},"excerpt":{"rendered":"<p>Representantes da C\u00e1ritas Regional Nordeste II participam nesta quinta e sexta-feira (10 e 11), da Caravana estadual da Plataforma MROSC Nacional, que tem como estrat\u00e9gia a dissemina\u00e7\u00e3o da agenda do Marco Regulat\u00f3rio das Organiza\u00e7\u00f5es da Sociedade Civil (MROSC) para avan\u00e7ar na regionaliza\u00e7\u00e3o e interioriza\u00e7\u00e3o do Marco nos estados e munic\u00edpios que ainda n\u00e3o consolidaram as plataformas locais. A Plataforma MROSC \u00e9 um coletivo que, desde [&hellip;]<\/p>\n<ul class=\"ssb_list_wrapper\"><li class=\"fb2\" style=\"width:135px\"><iframe src=\"\/\/www.facebook.com\/plugins\/like.php?href=https%3A%2F%2Fwww.caritasne2.org.br%2Fsite%2Fcaritas-ne2-participa-da-caravana-estadual-da-plataforma-mrosc-no-recife%2F&amp;layout=button_count&amp;action=like&amp;show_faces=false&amp;share=true&amp;width=135&amp;height=21&amp;appId=307091639398582\" scrolling=\"no\" frameborder=\"0\" style=\"border:none; overflow:hidden;  width:150px; height:21px;\" allowTransparency=\"true\"><\/iframe><\/li><li class=\"twtr\" style=\"width:90px\"><a href=\"https:\/\/twitter.com\/share\" class=\"twitter-share-button\" data-url=\"https:\/\/www.caritasne2.org.br\/site\/caritas-ne2-participa-da-caravana-estadual-da-plataforma-mrosc-no-recife\/\">&nbsp;<\/a><script>!function(d,s,id){var js,fjs=d.getElementsByTagName(s)[0],p=\/^http:\/.test(d.location)?'http':'https';if(!d.getElementById(id)){js=d.createElement(s);js.id=id;js.src=p+':\/\/platform.twitter.com\/widgets.js';fjs.parentNode.insertBefore(js,fjs);}}(document, 'script', 'twitter-wjs');<\/script><\/li><li class=\"gplus\" style=\"width:68px\"><div class=\"g-plusone\" data-size=\"medium\" data-href=\"https:\/\/www.caritasne2.org.br\/site\/caritas-ne2-participa-da-caravana-estadual-da-plataforma-mrosc-no-recife\/\"><\/div><\/li><li class=\"ssb_linkedin\" style=\"width:64px\"><script src=\"\/\/platform.linkedin.com\/in.js\" type=\"text\/javascript\">lang: en_US<\/script><script type=\"IN\/Share\" data-url=\"https:\/\/www.caritasne2.org.br\/site\/caritas-ne2-participa-da-caravana-estadual-da-plataforma-mrosc-no-recife\/\" data-counter=\"right\"><\/script><\/li><\/ul>","protected":false},"author":4,"featured_media":6124,"comment_status":"open","ping_status":"open","sticky":false,"template":"","format":"standard","meta":[],"categories":[21,20,466,259],"tags":[],"_links":{"self":[{"href":"https:\/\/www.caritasne2.org.br\/site\/wp-json\/wp\/v2\/posts\/6123"}],"collection":[{"href":"https:\/\/www.caritasne2.org.br\/site\/wp-json\/wp\/v2\/posts"}],"about":[{"href":"https:\/\/www.caritasne2.org.br\/site\/wp-json\/wp\/v2\/types\/post"}],"author":[{"embeddable":true,"href":"https:\/\/www.caritasne2.org.br\/site\/wp-json\/wp\/v2\/users\/4"}],"replies":[{"embeddable":true,"href":"https:\/\/www.caritasne2.org.br\/site\/wp-json\/wp\/v2\/comments?post=6123"}],"version-history":[{"count":0,"href":"https:\/\/www.caritasne2.org.br\/site\/wp-json\/wp\/v2\/posts\/6123\/revisions"}],"wp:featuredmedia":[{"embeddable":true,"href":"https:\/\/www.caritasne2.org.br\/site\/wp-json\/wp\/v2\/media\/6124"}],"wp:attachment":[{"href":"https:\/\/www.caritasne2.org.br\/site\/wp-json\/wp\/v2\/media?parent=6123"}],"wp:term":[{"taxonomy":"category","embeddable":true,"href":"https:\/\/www.caritasne2.org.br\/site\/wp-json\/wp\/v2\/categories?post=6123"},{"taxonomy":"post_tag","embeddable":true,"href":"https:\/\/www.caritasne2.org.br\/site\/wp-json\/wp\/v2\/tags?post=6123"}],"curies":[{"name":"wp","href":"https:\/\/api.w.org\/{rel}","templated":true}]}}