{"id":6115,"date":"2019-10-09T11:30:40","date_gmt":"2019-10-09T14:30:40","guid":{"rendered":"http:\/\/www.caritasne2.org.br\/?p=6115"},"modified":"2019-10-10T11:47:59","modified_gmt":"2019-10-10T14:47:59","slug":"encontro-para-implantacao-de-fundo-rotativo-solidario-acontece-em-cacimba-de-dentro","status":"publish","type":"post","link":"https:\/\/www.caritasne2.org.br\/site\/encontro-para-implantacao-de-fundo-rotativo-solidario-acontece-em-cacimba-de-dentro\/","title":{"rendered":"Encontro para implanta\u00e7\u00e3o de Fundo Rotativo Solid\u00e1rio acontece em Cacimba de Dentro"},"content":{"rendered":"<p style=\"text-align: justify;\">Na manh\u00e3 da \u00faltima quarta-feira (08), a C\u00e1ritas Regional Nordeste II realizou a primeira oficina com as fam\u00edlias paraibanas que participar\u00e3o do Fundo Rotativo Solid\u00e1rio (FRS), a partir da Unidade de Desenvolvimento Territorial (UDT), atrav\u00e9s do Projeto Misereor na regi\u00e3o. O encontro aconteceu no sal\u00e3o paroquial do munic\u00edpio de Cacimba de Dentro, ligado \u00e0 Diocese de Guarabira.<\/p>\n<p style=\"text-align: justify;\"><a href=\"http:\/\/www.caritasne2.org.br\/encontro-para-implantacao-de-fundo-rotativo-solidario-acontece-em-cacimba-de-dentro\/0a4fe8b8-6f96-44e3-bcd3-a645b659978a\/\" rel=\"attachment wp-att-6119\"><img decoding=\"async\" loading=\"lazy\" class=\"size-medium wp-image-6119 alignleft\" src=\"http:\/\/www.caritasne2.org.br\/wp-content\/uploads\/2019\/10\/0a4fe8b8-6f96-44e3-bcd3-a645b659978a-300x168.jpg\" alt=\"\" width=\"300\" height=\"168\" srcset=\"https:\/\/www.caritasne2.org.br\/site\/wp-content\/uploads\/2019\/10\/0a4fe8b8-6f96-44e3-bcd3-a645b659978a-300x168.jpg 300w, https:\/\/www.caritasne2.org.br\/site\/wp-content\/uploads\/2019\/10\/0a4fe8b8-6f96-44e3-bcd3-a645b659978a-768x431.jpg 768w, https:\/\/www.caritasne2.org.br\/site\/wp-content\/uploads\/2019\/10\/0a4fe8b8-6f96-44e3-bcd3-a645b659978a-1024x575.jpg 1024w, https:\/\/www.caritasne2.org.br\/site\/wp-content\/uploads\/2019\/10\/0a4fe8b8-6f96-44e3-bcd3-a645b659978a-588x330.jpg 588w, https:\/\/www.caritasne2.org.br\/site\/wp-content\/uploads\/2019\/10\/0a4fe8b8-6f96-44e3-bcd3-a645b659978a.jpg 1040w\" sizes=\"(max-width: 300px) 100vw, 300px\" \/><\/a>Na oportunidade foi discutido o tema Economia Solid\u00e1ria, a partir das experi\u00eancias vivenciadas na cidade\u00a0por fam\u00edlias que j\u00e1 acessaram fundos rotativos ou bancos comunit\u00e1rios, al\u00e9m dos resultados na qualidade de vida dos benefici\u00e1rios. Durante a reuni\u00e3o, o articulador institucional pedag\u00f3gico da C\u00e1ritas, Jos\u00e9 Wellington Barbosa, mostrou tamb\u00e9m a proposta de trabalho na formata\u00e7\u00e3o UDT na perspectiva de utiliza\u00e7\u00e3o do FRS.<\/p>\n<p style=\"text-align: justify;\">Na programa\u00e7\u00e3o do encontro houve\u00a0ainda trabalho em grupo para verifica\u00e7\u00e3o do entendimento de todos atrav\u00e9s de desenho, com foco nos desafios dos momentos de antes da implanta\u00e7\u00e3o do projeto e das conquistas posteriores. Os participantes conheceram tamb\u00e9m o funcionamento do biodigestor e como ser\u00e1 a din\u00e2mica de utiliza\u00e7\u00e3o da tecnologia nas comunidades.<\/p>\n<ul class=\"ssb_list_wrapper\"><li class=\"fb2\" style=\"width:135px\"><iframe src=\"\/\/www.facebook.com\/plugins\/like.php?href=https%3A%2F%2Fwww.caritasne2.org.br%2Fsite%2Fencontro-para-implantacao-de-fundo-rotativo-solidario-acontece-em-cacimba-de-dentro%2F&amp;layout=button_count&amp;action=like&amp;show_faces=false&amp;share=true&amp;width=135&amp;height=21&amp;appId=307091639398582\" scrolling=\"no\" frameborder=\"0\" style=\"border:none; overflow:hidden;  width:150px; height:21px;\" allowTransparency=\"true\"><\/iframe><\/li><li class=\"twtr\" style=\"width:90px\"><a href=\"https:\/\/twitter.com\/share\" class=\"twitter-share-button\" data-url=\"https:\/\/www.caritasne2.org.br\/site\/encontro-para-implantacao-de-fundo-rotativo-solidario-acontece-em-cacimba-de-dentro\/\">&nbsp;<\/a><script>!function(d,s,id){var js,fjs=d.getElementsByTagName(s)[0],p=\/^http:\/.test(d.location)?'http':'https';if(!d.getElementById(id)){js=d.createElement(s);js.id=id;js.src=p+':\/\/platform.twitter.com\/widgets.js';fjs.parentNode.insertBefore(js,fjs);}}(document, 'script', 'twitter-wjs');<\/script><\/li><li class=\"gplus\" style=\"width:68px\"><div class=\"g-plusone\" data-size=\"medium\" data-href=\"https:\/\/www.caritasne2.org.br\/site\/encontro-para-implantacao-de-fundo-rotativo-solidario-acontece-em-cacimba-de-dentro\/\"><\/div><\/li><li class=\"ssb_linkedin\" style=\"width:64px\"><script src=\"\/\/platform.linkedin.com\/in.js\" type=\"text\/javascript\">lang: en_US<\/script><script type=\"IN\/Share\" data-url=\"https:\/\/www.caritasne2.org.br\/site\/encontro-para-implantacao-de-fundo-rotativo-solidario-acontece-em-cacimba-de-dentro\/\" data-counter=\"right\"><\/script><\/li><\/ul>","protected":false},"excerpt":{"rendered":"<p>Na manh\u00e3 da \u00faltima quarta-feira (08), a C\u00e1ritas Regional Nordeste II realizou a primeira oficina com as fam\u00edlias paraibanas que participar\u00e3o do Fundo Rotativo Solid\u00e1rio (FRS), a partir da Unidade de Desenvolvimento Territorial (UDT), atrav\u00e9s do Projeto Misereor na regi\u00e3o. O encontro aconteceu no sal\u00e3o paroquial do munic\u00edpio de Cacimba de Dentro, ligado \u00e0 Diocese de Guarabira. Na oportunidade foi discutido o tema Economia Solid\u00e1ria, [&hellip;]<\/p>\n<ul class=\"ssb_list_wrapper\"><li class=\"fb2\" style=\"width:135px\"><iframe src=\"\/\/www.facebook.com\/plugins\/like.php?href=https%3A%2F%2Fwww.caritasne2.org.br%2Fsite%2Fencontro-para-implantacao-de-fundo-rotativo-solidario-acontece-em-cacimba-de-dentro%2F&amp;layout=button_count&amp;action=like&amp;show_faces=false&amp;share=true&amp;width=135&amp;height=21&amp;appId=307091639398582\" scrolling=\"no\" frameborder=\"0\" style=\"border:none; overflow:hidden;  width:150px; height:21px;\" allowTransparency=\"true\"><\/iframe><\/li><li class=\"twtr\" style=\"width:90px\"><a href=\"https:\/\/twitter.com\/share\" class=\"twitter-share-button\" data-url=\"https:\/\/www.caritasne2.org.br\/site\/encontro-para-implantacao-de-fundo-rotativo-solidario-acontece-em-cacimba-de-dentro\/\">&nbsp;<\/a><script>!function(d,s,id){var js,fjs=d.getElementsByTagName(s)[0],p=\/^http:\/.test(d.location)?'http':'https';if(!d.getElementById(id)){js=d.createElement(s);js.id=id;js.src=p+':\/\/platform.twitter.com\/widgets.js';fjs.parentNode.insertBefore(js,fjs);}}(document, 'script', 'twitter-wjs');<\/script><\/li><li class=\"gplus\" style=\"width:68px\"><div class=\"g-plusone\" data-size=\"medium\" data-href=\"https:\/\/www.caritasne2.org.br\/site\/encontro-para-implantacao-de-fundo-rotativo-solidario-acontece-em-cacimba-de-dentro\/\"><\/div><\/li><li class=\"ssb_linkedin\" style=\"width:64px\"><script src=\"\/\/platform.linkedin.com\/in.js\" type=\"text\/javascript\">lang: en_US<\/script><script type=\"IN\/Share\" data-url=\"https:\/\/www.caritasne2.org.br\/site\/encontro-para-implantacao-de-fundo-rotativo-solidario-acontece-em-cacimba-de-dentro\/\" data-counter=\"right\"><\/script><\/li><\/ul>","protected":false},"author":4,"featured_media":6117,"comment_status":"open","ping_status":"open","sticky":false,"template":"","format":"standard","meta":[],"categories":[21,20,466,259],"tags":[],"_links":{"self":[{"href":"https:\/\/www.caritasne2.org.br\/site\/wp-json\/wp\/v2\/posts\/6115"}],"collection":[{"href":"https:\/\/www.caritasne2.org.br\/site\/wp-json\/wp\/v2\/posts"}],"about":[{"href":"https:\/\/www.caritasne2.org.br\/site\/wp-json\/wp\/v2\/types\/post"}],"author":[{"embeddable":true,"href":"https:\/\/www.caritasne2.org.br\/site\/wp-json\/wp\/v2\/users\/4"}],"replies":[{"embeddable":true,"href":"https:\/\/www.caritasne2.org.br\/site\/wp-json\/wp\/v2\/comments?post=6115"}],"version-history":[{"count":0,"href":"https:\/\/www.caritasne2.org.br\/site\/wp-json\/wp\/v2\/posts\/6115\/revisions"}],"wp:featuredmedia":[{"embeddable":true,"href":"https:\/\/www.caritasne2.org.br\/site\/wp-json\/wp\/v2\/media\/6117"}],"wp:attachment":[{"href":"https:\/\/www.caritasne2.org.br\/site\/wp-json\/wp\/v2\/media?parent=6115"}],"wp:term":[{"taxonomy":"category","embeddable":true,"href":"https:\/\/www.caritasne2.org.br\/site\/wp-json\/wp\/v2\/categories?post=6115"},{"taxonomy":"post_tag","embeddable":true,"href":"https:\/\/www.caritasne2.org.br\/site\/wp-json\/wp\/v2\/tags?post=6115"}],"curies":[{"name":"wp","href":"https:\/\/api.w.org\/{rel}","templated":true}]}}