{"id":6109,"date":"2019-10-09T17:44:55","date_gmt":"2019-10-09T20:44:55","guid":{"rendered":"http:\/\/www.caritasne2.org.br\/?p=6109"},"modified":"2019-10-09T17:44:56","modified_gmt":"2019-10-09T20:44:56","slug":"mediadores-de-conflitos-apoiados-pela-caritas-ne2-sao-formados-pela-sjdh","status":"publish","type":"post","link":"https:\/\/www.caritasne2.org.br\/site\/mediadores-de-conflitos-apoiados-pela-caritas-ne2-sao-formados-pela-sjdh\/","title":{"rendered":"Mediadores de Conflitos apoiados pela C\u00e1ritas NE2 s\u00e3o formados pela SJDH"},"content":{"rendered":"<p style=\"text-align: justify;\">Mais do que um diploma na m\u00e3o, os Mediadores de Conflitos ligados ao Programa Inf\u00e2ncia, Adolesc\u00eancia e Juventude (PIAJ), executado pela C\u00e1ritas Regional Nordeste II, \u00a0est\u00e3o cheios de vontade de colocar em pr\u00e1tica tudo o que aprenderam na forma\u00e7\u00e3o em Direitos Humanos e Media\u00e7\u00e3o Comunit\u00e1ria realizada pela Secretaria de Justi\u00e7a e Direitos (SJDH) de Pernambuco. Nessa ter\u00e7a-feira (08), 12 l\u00edderes comunit\u00e1rios de Ch\u00e3o de Estrelas e Campina do Barreto receberam os certificados e est\u00e3o prontos para atuar pela Cultura de Paz e Justi\u00e7a Restaurativa onde moram.<\/p>\n<p style=\"text-align: justify;\"><a href=\"http:\/\/www.caritasne2.org.br\/mediadores-de-conflitos-apoiados-pela-caritas-ne2-sao-formados-pela-sjdh\/ab562415-5ff0-4aeb-a6db-535fc0d84c0d\/\" rel=\"attachment wp-att-6111\"><img decoding=\"async\" loading=\"lazy\" class=\"size-medium wp-image-6111 alignright\" src=\"http:\/\/www.caritasne2.org.br\/wp-content\/uploads\/2019\/10\/ab562415-5ff0-4aeb-a6db-535fc0d84c0d-300x225.jpg\" alt=\"\" width=\"300\" height=\"225\" srcset=\"https:\/\/www.caritasne2.org.br\/site\/wp-content\/uploads\/2019\/10\/ab562415-5ff0-4aeb-a6db-535fc0d84c0d-300x225.jpg 300w, https:\/\/www.caritasne2.org.br\/site\/wp-content\/uploads\/2019\/10\/ab562415-5ff0-4aeb-a6db-535fc0d84c0d-768x576.jpg 768w, https:\/\/www.caritasne2.org.br\/site\/wp-content\/uploads\/2019\/10\/ab562415-5ff0-4aeb-a6db-535fc0d84c0d-1024x768.jpg 1024w, https:\/\/www.caritasne2.org.br\/site\/wp-content\/uploads\/2019\/10\/ab562415-5ff0-4aeb-a6db-535fc0d84c0d.jpg 1152w\" sizes=\"(max-width: 300px) 100vw, 300px\" \/><\/a>Durante a capacita\u00e7\u00e3o, os mediadores entenderam a import\u00e2ncia de estabelecer e fortalecer as rela\u00e7\u00f5es sociais atrav\u00e9s de uma comunica\u00e7\u00e3o transformadora, atrelada ao saber comunit\u00e1rio, seus valores e conhecimentos locais e culturais para administrar os conflitos, prevenir e diminuir as viol\u00eancias e, no \u00e2mbito pastoral, fortalecer a Cultura do Bem Viver. A partir dos novos conhecimentos, todos ir\u00e3o atuar no novo N\u00facleo de Media\u00e7\u00e3o Comunit\u00e1ria de Conflitos de Ch\u00e3o de Estrelas, que ser\u00e1 inaugurado com apoio da C\u00e1ritas no pr\u00f3ximo dia 23, no Centro de Organiza\u00e7\u00e3o Comunit\u00e1ria de Ch\u00e3o de Estrelas.<\/p>\n<p style=\"text-align: justify;\">Para a pedagoga do Projeto, Roseane Ferreira, a interfer\u00eancia da C\u00e1ritas na comunidade foi de grande import\u00e2ncia desde as primeiras reuni\u00f5es onde lideran\u00e7as que tinham conflitos antigos puderam trabalhar em conjunto. \u201cO N\u00facleo j\u00e1 nasceu resolvendo diferen\u00e7as e estabelecendo um di\u00e1logo muito melhor entre representantes das comunidades de Ch\u00e3o de Estrelas e Campina do Barreto, agora todos trabalhar\u00e3o juntos com o mesmo objetivo de promo\u00e7\u00e3o de paz nas duas localidades\u201d.<\/p>\n<p style=\"text-align: justify;\">Segundo a l\u00edder comunit\u00e1ria da Campina do Barreto formada no curso, Concei\u00e7\u00e3o Santos, o\u00a0aprendizado\u00a0foi essencial para que ela possa\u00a0ajudar a comunidade, que em sua maioria \u00e9 constitu\u00edda por pessoas de baixa renda, que muitas vezes n\u00e3o est\u00e3o preparadas para lidar com os conflitos que surgem nas vizinhan\u00e7as. \u201cEu mesma n\u00e3o tinha preparo, pegava o bonde andando e n\u00e3o ouvia ningu\u00e9m. Agora aprendi uma coisa muito importante que \u00e9 ouvir as pessoas, quando a gente escuta melhor fica mais prudente\u201d.<\/p>\n<p>&nbsp;<\/p>\n<ul class=\"ssb_list_wrapper\"><li class=\"fb2\" style=\"width:135px\"><iframe src=\"\/\/www.facebook.com\/plugins\/like.php?href=https%3A%2F%2Fwww.caritasne2.org.br%2Fsite%2Fmediadores-de-conflitos-apoiados-pela-caritas-ne2-sao-formados-pela-sjdh%2F&amp;layout=button_count&amp;action=like&amp;show_faces=false&amp;share=true&amp;width=135&amp;height=21&amp;appId=307091639398582\" scrolling=\"no\" frameborder=\"0\" style=\"border:none; overflow:hidden;  width:150px; height:21px;\" allowTransparency=\"true\"><\/iframe><\/li><li class=\"twtr\" style=\"width:90px\"><a href=\"https:\/\/twitter.com\/share\" class=\"twitter-share-button\" data-url=\"https:\/\/www.caritasne2.org.br\/site\/mediadores-de-conflitos-apoiados-pela-caritas-ne2-sao-formados-pela-sjdh\/\">&nbsp;<\/a><script>!function(d,s,id){var js,fjs=d.getElementsByTagName(s)[0],p=\/^http:\/.test(d.location)?'http':'https';if(!d.getElementById(id)){js=d.createElement(s);js.id=id;js.src=p+':\/\/platform.twitter.com\/widgets.js';fjs.parentNode.insertBefore(js,fjs);}}(document, 'script', 'twitter-wjs');<\/script><\/li><li class=\"gplus\" style=\"width:68px\"><div class=\"g-plusone\" data-size=\"medium\" data-href=\"https:\/\/www.caritasne2.org.br\/site\/mediadores-de-conflitos-apoiados-pela-caritas-ne2-sao-formados-pela-sjdh\/\"><\/div><\/li><li class=\"ssb_linkedin\" style=\"width:64px\"><script src=\"\/\/platform.linkedin.com\/in.js\" type=\"text\/javascript\">lang: en_US<\/script><script type=\"IN\/Share\" data-url=\"https:\/\/www.caritasne2.org.br\/site\/mediadores-de-conflitos-apoiados-pela-caritas-ne2-sao-formados-pela-sjdh\/\" data-counter=\"right\"><\/script><\/li><\/ul>","protected":false},"excerpt":{"rendered":"<p>Mais do que um diploma na m\u00e3o, os Mediadores de Conflitos ligados ao Programa Inf\u00e2ncia, Adolesc\u00eancia e Juventude (PIAJ), executado pela C\u00e1ritas Regional Nordeste II, \u00a0est\u00e3o cheios de vontade de colocar em pr\u00e1tica tudo o que aprenderam na forma\u00e7\u00e3o em Direitos Humanos e Media\u00e7\u00e3o Comunit\u00e1ria realizada pela Secretaria de Justi\u00e7a e Direitos (SJDH) de Pernambuco. Nessa ter\u00e7a-feira (08), 12 l\u00edderes comunit\u00e1rios de Ch\u00e3o de Estrelas [&hellip;]<\/p>\n<ul class=\"ssb_list_wrapper\"><li class=\"fb2\" style=\"width:135px\"><iframe src=\"\/\/www.facebook.com\/plugins\/like.php?href=https%3A%2F%2Fwww.caritasne2.org.br%2Fsite%2Fmediadores-de-conflitos-apoiados-pela-caritas-ne2-sao-formados-pela-sjdh%2F&amp;layout=button_count&amp;action=like&amp;show_faces=false&amp;share=true&amp;width=135&amp;height=21&amp;appId=307091639398582\" scrolling=\"no\" frameborder=\"0\" style=\"border:none; overflow:hidden;  width:150px; height:21px;\" allowTransparency=\"true\"><\/iframe><\/li><li class=\"twtr\" style=\"width:90px\"><a href=\"https:\/\/twitter.com\/share\" class=\"twitter-share-button\" data-url=\"https:\/\/www.caritasne2.org.br\/site\/mediadores-de-conflitos-apoiados-pela-caritas-ne2-sao-formados-pela-sjdh\/\">&nbsp;<\/a><script>!function(d,s,id){var js,fjs=d.getElementsByTagName(s)[0],p=\/^http:\/.test(d.location)?'http':'https';if(!d.getElementById(id)){js=d.createElement(s);js.id=id;js.src=p+':\/\/platform.twitter.com\/widgets.js';fjs.parentNode.insertBefore(js,fjs);}}(document, 'script', 'twitter-wjs');<\/script><\/li><li class=\"gplus\" style=\"width:68px\"><div class=\"g-plusone\" data-size=\"medium\" data-href=\"https:\/\/www.caritasne2.org.br\/site\/mediadores-de-conflitos-apoiados-pela-caritas-ne2-sao-formados-pela-sjdh\/\"><\/div><\/li><li class=\"ssb_linkedin\" style=\"width:64px\"><script src=\"\/\/platform.linkedin.com\/in.js\" type=\"text\/javascript\">lang: en_US<\/script><script type=\"IN\/Share\" data-url=\"https:\/\/www.caritasne2.org.br\/site\/mediadores-de-conflitos-apoiados-pela-caritas-ne2-sao-formados-pela-sjdh\/\" data-counter=\"right\"><\/script><\/li><\/ul>","protected":false},"author":4,"featured_media":6110,"comment_status":"open","ping_status":"open","sticky":false,"template":"","format":"standard","meta":[],"categories":[21,20,466,259],"tags":[],"_links":{"self":[{"href":"https:\/\/www.caritasne2.org.br\/site\/wp-json\/wp\/v2\/posts\/6109"}],"collection":[{"href":"https:\/\/www.caritasne2.org.br\/site\/wp-json\/wp\/v2\/posts"}],"about":[{"href":"https:\/\/www.caritasne2.org.br\/site\/wp-json\/wp\/v2\/types\/post"}],"author":[{"embeddable":true,"href":"https:\/\/www.caritasne2.org.br\/site\/wp-json\/wp\/v2\/users\/4"}],"replies":[{"embeddable":true,"href":"https:\/\/www.caritasne2.org.br\/site\/wp-json\/wp\/v2\/comments?post=6109"}],"version-history":[{"count":0,"href":"https:\/\/www.caritasne2.org.br\/site\/wp-json\/wp\/v2\/posts\/6109\/revisions"}],"wp:featuredmedia":[{"embeddable":true,"href":"https:\/\/www.caritasne2.org.br\/site\/wp-json\/wp\/v2\/media\/6110"}],"wp:attachment":[{"href":"https:\/\/www.caritasne2.org.br\/site\/wp-json\/wp\/v2\/media?parent=6109"}],"wp:term":[{"taxonomy":"category","embeddable":true,"href":"https:\/\/www.caritasne2.org.br\/site\/wp-json\/wp\/v2\/categories?post=6109"},{"taxonomy":"post_tag","embeddable":true,"href":"https:\/\/www.caritasne2.org.br\/site\/wp-json\/wp\/v2\/tags?post=6109"}],"curies":[{"name":"wp","href":"https:\/\/api.w.org\/{rel}","templated":true}]}}