{"id":6099,"date":"2019-10-05T16:13:08","date_gmt":"2019-10-05T19:13:08","guid":{"rendered":"http:\/\/www.caritasne2.org.br\/?p=6099"},"modified":"2019-10-07T16:51:52","modified_gmt":"2019-10-07T19:51:52","slug":"caritas-discute-criacao-de-associacao-de-catadores-de-joao-camara-rn","status":"publish","type":"post","link":"https:\/\/www.caritasne2.org.br\/site\/caritas-discute-criacao-de-associacao-de-catadores-de-joao-camara-rn\/","title":{"rendered":"C\u00e1ritas discute cria\u00e7\u00e3o de Associa\u00e7\u00e3o de Catadores de Jo\u00e3o C\u00e2mara | RN"},"content":{"rendered":"<p style=\"text-align: justify;\">A articuladora institucional pedag\u00f3gica da C\u00e1ritas Regional Nordeste II em Natal, Ev\u00e2nia Rodrigues, acompanhou na manh\u00e3 desse s\u00e1bado dia (05), na Escola Estadual Francisco de Assis Bittencourt, localizada na regi\u00e3o do Mato Grande, a reuni\u00e3o com os catadores e catadoras de materiais recicl\u00e1veis\u00a0do lix\u00e3o da cidade de Jo\u00e3o C\u00e2mara. Os objetivos do encontro foram discutir a homologa\u00e7\u00e3o judicial que determina o fechamento do lix\u00e3o, apresentar a proposta de cria\u00e7\u00e3o de uma cooperativa de trabalho e do projeto para aquisi\u00e7\u00e3o de m\u00e1quinas e equipamentos de seguran\u00e7a necess\u00e1rios para proporcionar condi\u00e7\u00f5es mais dignas de trabalho aos catadores.\u00a0<a href=\"http:\/\/www.caritasne2.org.br\/caritas-discute-criacao-de-associacao-de-catadores-de-joao-camara-rn\/71832424_2550961541592803_2774564506896957440_o\/\" rel=\"attachment wp-att-6101\"><img decoding=\"async\" loading=\"lazy\" class=\"size-medium wp-image-6101 alignright\" src=\"http:\/\/www.caritasne2.org.br\/wp-content\/uploads\/2019\/10\/71832424_2550961541592803_2774564506896957440_o-300x169.jpg\" alt=\"\" width=\"300\" height=\"169\" srcset=\"https:\/\/www.caritasne2.org.br\/site\/wp-content\/uploads\/2019\/10\/71832424_2550961541592803_2774564506896957440_o-300x169.jpg 300w, https:\/\/www.caritasne2.org.br\/site\/wp-content\/uploads\/2019\/10\/71832424_2550961541592803_2774564506896957440_o-768x432.jpg 768w, https:\/\/www.caritasne2.org.br\/site\/wp-content\/uploads\/2019\/10\/71832424_2550961541592803_2774564506896957440_o-1024x576.jpg 1024w, https:\/\/www.caritasne2.org.br\/site\/wp-content\/uploads\/2019\/10\/71832424_2550961541592803_2774564506896957440_o-588x330.jpg 588w, https:\/\/www.caritasne2.org.br\/site\/wp-content\/uploads\/2019\/10\/71832424_2550961541592803_2774564506896957440_o.jpg 1280w\" sizes=\"(max-width: 300px) 100vw, 300px\" \/><\/a><\/p>\n<p style=\"text-align: justify;\">No momento da acolhida o grupo\u00a0de catadores\u00a0foi recebido com um caf\u00e9 da manh\u00e3. No in\u00edcio das atividades,\u00a0os trabalhadores deram depoimentos e contribui\u00e7\u00f5es para a constru\u00e7\u00e3o do projeto que\u00a0poder\u00e1 trazer novas alternativas de renda para o grupo. Na \u00faltima quinta-feira (03), agentes da C\u00e1ritas Paroquial de Jo\u00e3o C\u00e2mara e representante da C\u00e1ritas Regional Nordeste II visitaram o lix\u00e3o da cidade, localizada a 72 km da capital Potiguar. O objetivo da visita foi conhecer melhor a realidade dos trabalhadores e mobiliz\u00e1-los para a reuni\u00e3o do s\u00e1bado onde foi discutida a implanta\u00e7\u00e3o do projeto de coleta seletiva e cria\u00e7\u00e3o da Associa\u00e7\u00e3o dos Catadores.<\/p>\n<ul class=\"ssb_list_wrapper\"><li class=\"fb2\" style=\"width:135px\"><iframe src=\"\/\/www.facebook.com\/plugins\/like.php?href=https%3A%2F%2Fwww.caritasne2.org.br%2Fsite%2Fcaritas-discute-criacao-de-associacao-de-catadores-de-joao-camara-rn%2F&amp;layout=button_count&amp;action=like&amp;show_faces=false&amp;share=true&amp;width=135&amp;height=21&amp;appId=307091639398582\" scrolling=\"no\" frameborder=\"0\" style=\"border:none; overflow:hidden;  width:150px; height:21px;\" allowTransparency=\"true\"><\/iframe><\/li><li class=\"twtr\" style=\"width:90px\"><a href=\"https:\/\/twitter.com\/share\" class=\"twitter-share-button\" data-url=\"https:\/\/www.caritasne2.org.br\/site\/caritas-discute-criacao-de-associacao-de-catadores-de-joao-camara-rn\/\">&nbsp;<\/a><script>!function(d,s,id){var js,fjs=d.getElementsByTagName(s)[0],p=\/^http:\/.test(d.location)?'http':'https';if(!d.getElementById(id)){js=d.createElement(s);js.id=id;js.src=p+':\/\/platform.twitter.com\/widgets.js';fjs.parentNode.insertBefore(js,fjs);}}(document, 'script', 'twitter-wjs');<\/script><\/li><li class=\"gplus\" style=\"width:68px\"><div class=\"g-plusone\" data-size=\"medium\" data-href=\"https:\/\/www.caritasne2.org.br\/site\/caritas-discute-criacao-de-associacao-de-catadores-de-joao-camara-rn\/\"><\/div><\/li><li class=\"ssb_linkedin\" style=\"width:64px\"><script src=\"\/\/platform.linkedin.com\/in.js\" type=\"text\/javascript\">lang: en_US<\/script><script type=\"IN\/Share\" data-url=\"https:\/\/www.caritasne2.org.br\/site\/caritas-discute-criacao-de-associacao-de-catadores-de-joao-camara-rn\/\" data-counter=\"right\"><\/script><\/li><\/ul>","protected":false},"excerpt":{"rendered":"<p>A articuladora institucional pedag\u00f3gica da C\u00e1ritas Regional Nordeste II em Natal, Ev\u00e2nia Rodrigues, acompanhou na manh\u00e3 desse s\u00e1bado dia (05), na Escola Estadual Francisco de Assis Bittencourt, localizada na regi\u00e3o do Mato Grande, a reuni\u00e3o com os catadores e catadoras de materiais recicl\u00e1veis\u00a0do lix\u00e3o da cidade de Jo\u00e3o C\u00e2mara. Os objetivos do encontro foram discutir a homologa\u00e7\u00e3o judicial que determina o fechamento do lix\u00e3o, apresentar [&hellip;]<\/p>\n<ul class=\"ssb_list_wrapper\"><li class=\"fb2\" style=\"width:135px\"><iframe src=\"\/\/www.facebook.com\/plugins\/like.php?href=https%3A%2F%2Fwww.caritasne2.org.br%2Fsite%2Fcaritas-discute-criacao-de-associacao-de-catadores-de-joao-camara-rn%2F&amp;layout=button_count&amp;action=like&amp;show_faces=false&amp;share=true&amp;width=135&amp;height=21&amp;appId=307091639398582\" scrolling=\"no\" frameborder=\"0\" style=\"border:none; overflow:hidden;  width:150px; height:21px;\" allowTransparency=\"true\"><\/iframe><\/li><li class=\"twtr\" style=\"width:90px\"><a href=\"https:\/\/twitter.com\/share\" class=\"twitter-share-button\" data-url=\"https:\/\/www.caritasne2.org.br\/site\/caritas-discute-criacao-de-associacao-de-catadores-de-joao-camara-rn\/\">&nbsp;<\/a><script>!function(d,s,id){var js,fjs=d.getElementsByTagName(s)[0],p=\/^http:\/.test(d.location)?'http':'https';if(!d.getElementById(id)){js=d.createElement(s);js.id=id;js.src=p+':\/\/platform.twitter.com\/widgets.js';fjs.parentNode.insertBefore(js,fjs);}}(document, 'script', 'twitter-wjs');<\/script><\/li><li class=\"gplus\" style=\"width:68px\"><div class=\"g-plusone\" data-size=\"medium\" data-href=\"https:\/\/www.caritasne2.org.br\/site\/caritas-discute-criacao-de-associacao-de-catadores-de-joao-camara-rn\/\"><\/div><\/li><li class=\"ssb_linkedin\" style=\"width:64px\"><script src=\"\/\/platform.linkedin.com\/in.js\" type=\"text\/javascript\">lang: en_US<\/script><script type=\"IN\/Share\" data-url=\"https:\/\/www.caritasne2.org.br\/site\/caritas-discute-criacao-de-associacao-de-catadores-de-joao-camara-rn\/\" data-counter=\"right\"><\/script><\/li><\/ul>","protected":false},"author":4,"featured_media":6100,"comment_status":"open","ping_status":"open","sticky":false,"template":"","format":"standard","meta":[],"categories":[20],"tags":[],"_links":{"self":[{"href":"https:\/\/www.caritasne2.org.br\/site\/wp-json\/wp\/v2\/posts\/6099"}],"collection":[{"href":"https:\/\/www.caritasne2.org.br\/site\/wp-json\/wp\/v2\/posts"}],"about":[{"href":"https:\/\/www.caritasne2.org.br\/site\/wp-json\/wp\/v2\/types\/post"}],"author":[{"embeddable":true,"href":"https:\/\/www.caritasne2.org.br\/site\/wp-json\/wp\/v2\/users\/4"}],"replies":[{"embeddable":true,"href":"https:\/\/www.caritasne2.org.br\/site\/wp-json\/wp\/v2\/comments?post=6099"}],"version-history":[{"count":0,"href":"https:\/\/www.caritasne2.org.br\/site\/wp-json\/wp\/v2\/posts\/6099\/revisions"}],"wp:featuredmedia":[{"embeddable":true,"href":"https:\/\/www.caritasne2.org.br\/site\/wp-json\/wp\/v2\/media\/6100"}],"wp:attachment":[{"href":"https:\/\/www.caritasne2.org.br\/site\/wp-json\/wp\/v2\/media?parent=6099"}],"wp:term":[{"taxonomy":"category","embeddable":true,"href":"https:\/\/www.caritasne2.org.br\/site\/wp-json\/wp\/v2\/categories?post=6099"},{"taxonomy":"post_tag","embeddable":true,"href":"https:\/\/www.caritasne2.org.br\/site\/wp-json\/wp\/v2\/tags?post=6099"}],"curies":[{"name":"wp","href":"https:\/\/api.w.org\/{rel}","templated":true}]}}