{"id":6093,"date":"2019-10-07T15:17:25","date_gmt":"2019-10-07T18:17:25","guid":{"rendered":"http:\/\/www.caritasne2.org.br\/?p=6093"},"modified":"2019-10-07T15:17:25","modified_gmt":"2019-10-07T18:17:25","slug":"projeto-piaj-realiza-festa-de-dia-das-criancas-na-comunidade-de-chao-de-estrelas","status":"publish","type":"post","link":"https:\/\/www.caritasne2.org.br\/site\/projeto-piaj-realiza-festa-de-dia-das-criancas-na-comunidade-de-chao-de-estrelas\/","title":{"rendered":"Projeto PIAJ realiza festa de Dia das Crian\u00e7as na Comunidade de Ch\u00e3o de Estrelas"},"content":{"rendered":"<p style=\"text-align: center;\">Entidade conta com doa\u00e7\u00f5es individuais de brinquedos que ser\u00e3o entregues no evento<\/p>\n<p style=\"text-align: justify;\">A C\u00e1ritas Regional Nordeste 2, junto com os 30 jovens Mediadores de Conflitos Escolares formados pela Entidade, realizar\u00e3o a festa do Dia das Crian\u00e7as na pr\u00f3xima sexta-feira (11), das 14h \u00e0s 17h, na Associa\u00e7\u00e3o dos Moradores da Comunidade de Ch\u00e3o de Estrelas, na Zona Norte da cidade. Para garantir a alegria da meninada, a C\u00e1ritas NE2 pede doa\u00e7\u00f5es de brinquedos \u00e0 sociedade civil.<\/p>\n<p style=\"text-align: justify;\">A comemora\u00e7\u00e3o vai beneficiar cerca de 200 crian\u00e7as da comunidade e redondezas.\u00a0 Os jovens envolvidos com anima\u00e7\u00e3o do evento fazem parte do Programa\u00a0Inf\u00e2ncia, Adolesc\u00eancia e Juventude (PIAJ), executado pela C\u00e1ritas NE2 nas escolas\u00a0estaduais S\u00e3o Francisco de Assis e Pedro Augusto, e v\u00e3o garantir muita recrea\u00e7\u00e3o e brincadeira com a meninada. A festa contar\u00e1 tamb\u00e9m com pula pula, cama el\u00e1stica e lanche para crian\u00e7as.<\/p>\n<p style=\"text-align: justify;\">As doa\u00e7\u00f5es de brinquedos novos ou usados em bom estado podem ser entregues at\u00e9 a manh\u00e3 do dia 11 de outubro na Sede da C\u00e1ritas, localizada na Rua Monte Castelo, n\u00famero 176, no bairro da Boa Vista, ou\u00a0atrav\u00e9s do\u00a0telefone (81) 3435.3532.<\/p>\n<ul class=\"ssb_list_wrapper\"><li class=\"fb2\" style=\"width:135px\"><iframe src=\"\/\/www.facebook.com\/plugins\/like.php?href=https%3A%2F%2Fwww.caritasne2.org.br%2Fsite%2Fprojeto-piaj-realiza-festa-de-dia-das-criancas-na-comunidade-de-chao-de-estrelas%2F&amp;layout=button_count&amp;action=like&amp;show_faces=false&amp;share=true&amp;width=135&amp;height=21&amp;appId=307091639398582\" scrolling=\"no\" frameborder=\"0\" style=\"border:none; overflow:hidden;  width:150px; height:21px;\" allowTransparency=\"true\"><\/iframe><\/li><li class=\"twtr\" style=\"width:90px\"><a href=\"https:\/\/twitter.com\/share\" class=\"twitter-share-button\" data-url=\"https:\/\/www.caritasne2.org.br\/site\/projeto-piaj-realiza-festa-de-dia-das-criancas-na-comunidade-de-chao-de-estrelas\/\">&nbsp;<\/a><script>!function(d,s,id){var js,fjs=d.getElementsByTagName(s)[0],p=\/^http:\/.test(d.location)?'http':'https';if(!d.getElementById(id)){js=d.createElement(s);js.id=id;js.src=p+':\/\/platform.twitter.com\/widgets.js';fjs.parentNode.insertBefore(js,fjs);}}(document, 'script', 'twitter-wjs');<\/script><\/li><li class=\"gplus\" style=\"width:68px\"><div class=\"g-plusone\" data-size=\"medium\" data-href=\"https:\/\/www.caritasne2.org.br\/site\/projeto-piaj-realiza-festa-de-dia-das-criancas-na-comunidade-de-chao-de-estrelas\/\"><\/div><\/li><li class=\"ssb_linkedin\" style=\"width:64px\"><script src=\"\/\/platform.linkedin.com\/in.js\" type=\"text\/javascript\">lang: en_US<\/script><script type=\"IN\/Share\" data-url=\"https:\/\/www.caritasne2.org.br\/site\/projeto-piaj-realiza-festa-de-dia-das-criancas-na-comunidade-de-chao-de-estrelas\/\" data-counter=\"right\"><\/script><\/li><\/ul>","protected":false},"excerpt":{"rendered":"<p>Entidade conta com doa\u00e7\u00f5es individuais de brinquedos que ser\u00e3o entregues no evento A C\u00e1ritas Regional Nordeste 2, junto com os 30 jovens Mediadores de Conflitos Escolares formados pela Entidade, realizar\u00e3o a festa do Dia das Crian\u00e7as na pr\u00f3xima sexta-feira (11), das 14h \u00e0s 17h, na Associa\u00e7\u00e3o dos Moradores da Comunidade de Ch\u00e3o de Estrelas, na Zona Norte da cidade. Para garantir a alegria da meninada, [&hellip;]<\/p>\n<ul class=\"ssb_list_wrapper\"><li class=\"fb2\" style=\"width:135px\"><iframe src=\"\/\/www.facebook.com\/plugins\/like.php?href=https%3A%2F%2Fwww.caritasne2.org.br%2Fsite%2Fprojeto-piaj-realiza-festa-de-dia-das-criancas-na-comunidade-de-chao-de-estrelas%2F&amp;layout=button_count&amp;action=like&amp;show_faces=false&amp;share=true&amp;width=135&amp;height=21&amp;appId=307091639398582\" scrolling=\"no\" frameborder=\"0\" style=\"border:none; overflow:hidden;  width:150px; height:21px;\" allowTransparency=\"true\"><\/iframe><\/li><li class=\"twtr\" style=\"width:90px\"><a href=\"https:\/\/twitter.com\/share\" class=\"twitter-share-button\" data-url=\"https:\/\/www.caritasne2.org.br\/site\/projeto-piaj-realiza-festa-de-dia-das-criancas-na-comunidade-de-chao-de-estrelas\/\">&nbsp;<\/a><script>!function(d,s,id){var js,fjs=d.getElementsByTagName(s)[0],p=\/^http:\/.test(d.location)?'http':'https';if(!d.getElementById(id)){js=d.createElement(s);js.id=id;js.src=p+':\/\/platform.twitter.com\/widgets.js';fjs.parentNode.insertBefore(js,fjs);}}(document, 'script', 'twitter-wjs');<\/script><\/li><li class=\"gplus\" style=\"width:68px\"><div class=\"g-plusone\" data-size=\"medium\" data-href=\"https:\/\/www.caritasne2.org.br\/site\/projeto-piaj-realiza-festa-de-dia-das-criancas-na-comunidade-de-chao-de-estrelas\/\"><\/div><\/li><li class=\"ssb_linkedin\" style=\"width:64px\"><script src=\"\/\/platform.linkedin.com\/in.js\" type=\"text\/javascript\">lang: en_US<\/script><script type=\"IN\/Share\" data-url=\"https:\/\/www.caritasne2.org.br\/site\/projeto-piaj-realiza-festa-de-dia-das-criancas-na-comunidade-de-chao-de-estrelas\/\" data-counter=\"right\"><\/script><\/li><\/ul>","protected":false},"author":4,"featured_media":6094,"comment_status":"open","ping_status":"open","sticky":false,"template":"","format":"standard","meta":[],"categories":[21,20,466,259],"tags":[],"_links":{"self":[{"href":"https:\/\/www.caritasne2.org.br\/site\/wp-json\/wp\/v2\/posts\/6093"}],"collection":[{"href":"https:\/\/www.caritasne2.org.br\/site\/wp-json\/wp\/v2\/posts"}],"about":[{"href":"https:\/\/www.caritasne2.org.br\/site\/wp-json\/wp\/v2\/types\/post"}],"author":[{"embeddable":true,"href":"https:\/\/www.caritasne2.org.br\/site\/wp-json\/wp\/v2\/users\/4"}],"replies":[{"embeddable":true,"href":"https:\/\/www.caritasne2.org.br\/site\/wp-json\/wp\/v2\/comments?post=6093"}],"version-history":[{"count":0,"href":"https:\/\/www.caritasne2.org.br\/site\/wp-json\/wp\/v2\/posts\/6093\/revisions"}],"wp:featuredmedia":[{"embeddable":true,"href":"https:\/\/www.caritasne2.org.br\/site\/wp-json\/wp\/v2\/media\/6094"}],"wp:attachment":[{"href":"https:\/\/www.caritasne2.org.br\/site\/wp-json\/wp\/v2\/media?parent=6093"}],"wp:term":[{"taxonomy":"category","embeddable":true,"href":"https:\/\/www.caritasne2.org.br\/site\/wp-json\/wp\/v2\/categories?post=6093"},{"taxonomy":"post_tag","embeddable":true,"href":"https:\/\/www.caritasne2.org.br\/site\/wp-json\/wp\/v2\/tags?post=6093"}],"curies":[{"name":"wp","href":"https:\/\/api.w.org\/{rel}","templated":true}]}}