{"id":6088,"date":"2019-10-02T11:32:45","date_gmt":"2019-10-02T14:32:45","guid":{"rendered":"http:\/\/www.caritasne2.org.br\/?p=6088"},"modified":"2019-10-02T11:35:02","modified_gmt":"2019-10-02T14:35:02","slug":"entidades-comemoram-futuras-acoes-junto-aos-catadores-de-ceara-mirim","status":"publish","type":"post","link":"https:\/\/www.caritasne2.org.br\/site\/entidades-comemoram-futuras-acoes-junto-aos-catadores-de-ceara-mirim\/","title":{"rendered":"Entidades comemoram futuras a\u00e7\u00f5es junto aos catadores de Cear\u00e1-Mirim"},"content":{"rendered":"<p style=\"text-align: justify;\">A C\u00e1ritas Regional Nordeste II, representada pela articuladora institucional do Rio Grande do Norte, Ev\u00e2nia Rodrigues, esteve reunida no \u00faltimo s\u00e1bado (28), com a diretoria da C\u00e1ritas Paroquial de Ceara-Mirim, no munic\u00edpio localizado a 28 km de Natal, capital do estado. O encontro teve como objetivo realizar o processo de escutas das expectativas da Entidade Membro, assim como a organiza\u00e7\u00e3o do calend\u00e1rio de atividades conjuntas, principalmente\u00a0em benef\u00edcio dos catadores de material recicl\u00e1vel da cidade.<\/p>\n<p style=\"text-align: justify;\">Segundo a articuladora, a C\u00e1ritas Paroquial de Ceara-Mirim apresentou a \u00e1rea de atua\u00e7\u00e3o no acompanhamento do grupo de Catadores no Vale do Amanhecer (Antiga favela), com o grupo de mulheres do conjunto S\u00e3o Jos\u00e9, periferia do munic\u00edpio, e com o grupo de homens da comunidade de Mineiro. \u201cA diretoria estava muito satisfeita pela aprova\u00e7\u00e3o do projeto da Campanha de Participa\u00e7\u00e3o Solid\u00e1ria Comunit\u00e1ria \u2013 Vale do Amanhecer junto ao Fundo Nacional Solid\u00e1rio\u201d.<\/p>\n<p style=\"text-align: justify;\">O vice-presidente da C\u00e1ritas Paroquial de Cear\u00e1-mirim, Iury Gabriel Amorim de Ara\u00fajo, avaliou que foi um encontro de energias positivas e esperan\u00e7a. \u201cAbra\u00e7ados comemoramos nossos primeiros avan\u00e7os na continuidade pela qual lutamos h\u00e1 quase uma d\u00e9cada em prol da vida e na busca por melhor qualidade de vida dos irm\u00e3os mais necessitados. Foi encontro rico em sementes para constru\u00e7\u00e3o da Sociedade do Bem Viver\u201d, avaliou.<\/p>\n<ul class=\"ssb_list_wrapper\"><li class=\"fb2\" style=\"width:135px\"><iframe src=\"\/\/www.facebook.com\/plugins\/like.php?href=https%3A%2F%2Fwww.caritasne2.org.br%2Fsite%2Fentidades-comemoram-futuras-acoes-junto-aos-catadores-de-ceara-mirim%2F&amp;layout=button_count&amp;action=like&amp;show_faces=false&amp;share=true&amp;width=135&amp;height=21&amp;appId=307091639398582\" scrolling=\"no\" frameborder=\"0\" style=\"border:none; overflow:hidden;  width:150px; height:21px;\" allowTransparency=\"true\"><\/iframe><\/li><li class=\"twtr\" style=\"width:90px\"><a href=\"https:\/\/twitter.com\/share\" class=\"twitter-share-button\" data-url=\"https:\/\/www.caritasne2.org.br\/site\/entidades-comemoram-futuras-acoes-junto-aos-catadores-de-ceara-mirim\/\">&nbsp;<\/a><script>!function(d,s,id){var js,fjs=d.getElementsByTagName(s)[0],p=\/^http:\/.test(d.location)?'http':'https';if(!d.getElementById(id)){js=d.createElement(s);js.id=id;js.src=p+':\/\/platform.twitter.com\/widgets.js';fjs.parentNode.insertBefore(js,fjs);}}(document, 'script', 'twitter-wjs');<\/script><\/li><li class=\"gplus\" style=\"width:68px\"><div class=\"g-plusone\" data-size=\"medium\" data-href=\"https:\/\/www.caritasne2.org.br\/site\/entidades-comemoram-futuras-acoes-junto-aos-catadores-de-ceara-mirim\/\"><\/div><\/li><li class=\"ssb_linkedin\" style=\"width:64px\"><script src=\"\/\/platform.linkedin.com\/in.js\" type=\"text\/javascript\">lang: en_US<\/script><script type=\"IN\/Share\" data-url=\"https:\/\/www.caritasne2.org.br\/site\/entidades-comemoram-futuras-acoes-junto-aos-catadores-de-ceara-mirim\/\" data-counter=\"right\"><\/script><\/li><\/ul>","protected":false},"excerpt":{"rendered":"<p>A C\u00e1ritas Regional Nordeste II, representada pela articuladora institucional do Rio Grande do Norte, Ev\u00e2nia Rodrigues, esteve reunida no \u00faltimo s\u00e1bado (28), com a diretoria da C\u00e1ritas Paroquial de Ceara-Mirim, no munic\u00edpio localizado a 28 km de Natal, capital do estado. O encontro teve como objetivo realizar o processo de escutas das expectativas da Entidade Membro, assim como a organiza\u00e7\u00e3o do calend\u00e1rio de atividades conjuntas, [&hellip;]<\/p>\n<ul class=\"ssb_list_wrapper\"><li class=\"fb2\" style=\"width:135px\"><iframe src=\"\/\/www.facebook.com\/plugins\/like.php?href=https%3A%2F%2Fwww.caritasne2.org.br%2Fsite%2Fentidades-comemoram-futuras-acoes-junto-aos-catadores-de-ceara-mirim%2F&amp;layout=button_count&amp;action=like&amp;show_faces=false&amp;share=true&amp;width=135&amp;height=21&amp;appId=307091639398582\" scrolling=\"no\" frameborder=\"0\" style=\"border:none; overflow:hidden;  width:150px; height:21px;\" allowTransparency=\"true\"><\/iframe><\/li><li class=\"twtr\" style=\"width:90px\"><a href=\"https:\/\/twitter.com\/share\" class=\"twitter-share-button\" data-url=\"https:\/\/www.caritasne2.org.br\/site\/entidades-comemoram-futuras-acoes-junto-aos-catadores-de-ceara-mirim\/\">&nbsp;<\/a><script>!function(d,s,id){var js,fjs=d.getElementsByTagName(s)[0],p=\/^http:\/.test(d.location)?'http':'https';if(!d.getElementById(id)){js=d.createElement(s);js.id=id;js.src=p+':\/\/platform.twitter.com\/widgets.js';fjs.parentNode.insertBefore(js,fjs);}}(document, 'script', 'twitter-wjs');<\/script><\/li><li class=\"gplus\" style=\"width:68px\"><div class=\"g-plusone\" data-size=\"medium\" data-href=\"https:\/\/www.caritasne2.org.br\/site\/entidades-comemoram-futuras-acoes-junto-aos-catadores-de-ceara-mirim\/\"><\/div><\/li><li class=\"ssb_linkedin\" style=\"width:64px\"><script src=\"\/\/platform.linkedin.com\/in.js\" type=\"text\/javascript\">lang: en_US<\/script><script type=\"IN\/Share\" data-url=\"https:\/\/www.caritasne2.org.br\/site\/entidades-comemoram-futuras-acoes-junto-aos-catadores-de-ceara-mirim\/\" data-counter=\"right\"><\/script><\/li><\/ul>","protected":false},"author":4,"featured_media":6089,"comment_status":"open","ping_status":"open","sticky":false,"template":"","format":"standard","meta":[],"categories":[21,20,466,259],"tags":[],"_links":{"self":[{"href":"https:\/\/www.caritasne2.org.br\/site\/wp-json\/wp\/v2\/posts\/6088"}],"collection":[{"href":"https:\/\/www.caritasne2.org.br\/site\/wp-json\/wp\/v2\/posts"}],"about":[{"href":"https:\/\/www.caritasne2.org.br\/site\/wp-json\/wp\/v2\/types\/post"}],"author":[{"embeddable":true,"href":"https:\/\/www.caritasne2.org.br\/site\/wp-json\/wp\/v2\/users\/4"}],"replies":[{"embeddable":true,"href":"https:\/\/www.caritasne2.org.br\/site\/wp-json\/wp\/v2\/comments?post=6088"}],"version-history":[{"count":0,"href":"https:\/\/www.caritasne2.org.br\/site\/wp-json\/wp\/v2\/posts\/6088\/revisions"}],"wp:featuredmedia":[{"embeddable":true,"href":"https:\/\/www.caritasne2.org.br\/site\/wp-json\/wp\/v2\/media\/6089"}],"wp:attachment":[{"href":"https:\/\/www.caritasne2.org.br\/site\/wp-json\/wp\/v2\/media?parent=6088"}],"wp:term":[{"taxonomy":"category","embeddable":true,"href":"https:\/\/www.caritasne2.org.br\/site\/wp-json\/wp\/v2\/categories?post=6088"},{"taxonomy":"post_tag","embeddable":true,"href":"https:\/\/www.caritasne2.org.br\/site\/wp-json\/wp\/v2\/tags?post=6088"}],"curies":[{"name":"wp","href":"https:\/\/api.w.org\/{rel}","templated":true}]}}