{"id":6085,"date":"2019-10-01T17:10:37","date_gmt":"2019-10-01T20:10:37","guid":{"rendered":"http:\/\/www.caritasne2.org.br\/?p=6085"},"modified":"2019-10-01T17:10:37","modified_gmt":"2019-10-01T20:10:37","slug":"projeto-misereor-vai-formar-liderancas-jovens-em-maravilha","status":"publish","type":"post","link":"https:\/\/www.caritasne2.org.br\/site\/projeto-misereor-vai-formar-liderancas-jovens-em-maravilha\/","title":{"rendered":"Projeto Misereor vai formar lideran\u00e7as jovens em Maravilha"},"content":{"rendered":"<p style=\"text-align: justify;\">A articuladora institucional pedag\u00f3gica da C\u00e1ritas Regional Nordeste II em Alagoas e lideran\u00e7as dos Empreendimentos Econ\u00f4micos Solid\u00e1rios (EES) de Fundo Rotativo Solid\u00e1rio (FRS) do S\u00edtio Boa Vista, A\u00e7ude, da Associa\u00e7\u00e3o de Apicultores de Maravilha (APIMAR) e do Centro de Desenvolvimento Comunit\u00e1rio de Maravilha (CDECMA) se reuniram nesta segunda-feira (30\/09), na cidade de Maravilha, no M\u00e9dio Sert\u00e3o, para trabalhar as prioridades e necessidades das comunidades que est\u00e3o inseridas no Projeto MISEREOR.<\/p>\n<p style=\"text-align: justify;\">O Projeto vai identificar facilitadores capacitados para as forma\u00e7\u00f5es Sociedade e identidade cultural na perspectiva de surgimento de lideran\u00e7as jovens. Al\u00e9m disso, o grupo presente na reuni\u00e3o vai agendar as oficinas, fazer diagn\u00f3stico com as fam\u00edlias em vista das UDTs e mobilizar os jovens da regi\u00e3o para a forma\u00e7\u00e3o. O territ\u00f3rio de atua\u00e7\u00e3o faz parte da \u00e1rea de abrang\u00eancia da C\u00e1ritas Diocesana de Palmeira dos \u00cdndios.<\/p>\n<p style=\"text-align: justify;\">O encontro serviu tamb\u00e9m para fazer um balan\u00e7o do \u00faltimo ano de trabalho em projetos anteriores, quando os grupos foram beneficiados com doa\u00e7\u00e3o de animais para forma\u00e7\u00e3o de FRS (Boa Vista e A\u00e7ude) e APIMAR, com projeto de pelo Fundo Nacional de Solidariedade da Confer\u00eancia Nacional dos bispos do Brasil (CNBB).<\/p>\n<p style=\"text-align: justify;\">Para os Empreendimentos, a proposta \u00e9 trabalhar a forma\u00e7\u00e3o e capacita\u00e7\u00e3o em gest\u00e3o de associativismo e cooperativismo, com foco na produ\u00e7\u00e3o e comercializa\u00e7\u00e3o de produtos vindos da economia solid\u00e1ria. Al\u00e9m disso, o projeto implantar\u00e1 novas Unidades Demonstrativas Territoriais (UDT), com o objetivo de fortalecer os FRS que j\u00e1 existem.<\/p>\n<p>&nbsp;<\/p>\n<ul class=\"ssb_list_wrapper\"><li class=\"fb2\" style=\"width:135px\"><iframe src=\"\/\/www.facebook.com\/plugins\/like.php?href=https%3A%2F%2Fwww.caritasne2.org.br%2Fsite%2Fprojeto-misereor-vai-formar-liderancas-jovens-em-maravilha%2F&amp;layout=button_count&amp;action=like&amp;show_faces=false&amp;share=true&amp;width=135&amp;height=21&amp;appId=307091639398582\" scrolling=\"no\" frameborder=\"0\" style=\"border:none; overflow:hidden;  width:150px; height:21px;\" allowTransparency=\"true\"><\/iframe><\/li><li class=\"twtr\" style=\"width:90px\"><a href=\"https:\/\/twitter.com\/share\" class=\"twitter-share-button\" data-url=\"https:\/\/www.caritasne2.org.br\/site\/projeto-misereor-vai-formar-liderancas-jovens-em-maravilha\/\">&nbsp;<\/a><script>!function(d,s,id){var js,fjs=d.getElementsByTagName(s)[0],p=\/^http:\/.test(d.location)?'http':'https';if(!d.getElementById(id)){js=d.createElement(s);js.id=id;js.src=p+':\/\/platform.twitter.com\/widgets.js';fjs.parentNode.insertBefore(js,fjs);}}(document, 'script', 'twitter-wjs');<\/script><\/li><li class=\"gplus\" style=\"width:68px\"><div class=\"g-plusone\" data-size=\"medium\" data-href=\"https:\/\/www.caritasne2.org.br\/site\/projeto-misereor-vai-formar-liderancas-jovens-em-maravilha\/\"><\/div><\/li><li class=\"ssb_linkedin\" style=\"width:64px\"><script src=\"\/\/platform.linkedin.com\/in.js\" type=\"text\/javascript\">lang: en_US<\/script><script type=\"IN\/Share\" data-url=\"https:\/\/www.caritasne2.org.br\/site\/projeto-misereor-vai-formar-liderancas-jovens-em-maravilha\/\" data-counter=\"right\"><\/script><\/li><\/ul>","protected":false},"excerpt":{"rendered":"<p>A articuladora institucional pedag\u00f3gica da C\u00e1ritas Regional Nordeste II em Alagoas e lideran\u00e7as dos Empreendimentos Econ\u00f4micos Solid\u00e1rios (EES) de Fundo Rotativo Solid\u00e1rio (FRS) do S\u00edtio Boa Vista, A\u00e7ude, da Associa\u00e7\u00e3o de Apicultores de Maravilha (APIMAR) e do Centro de Desenvolvimento Comunit\u00e1rio de Maravilha (CDECMA) se reuniram nesta segunda-feira (30\/09), na cidade de Maravilha, no M\u00e9dio Sert\u00e3o, para trabalhar as prioridades e necessidades das comunidades que [&hellip;]<\/p>\n<ul class=\"ssb_list_wrapper\"><li class=\"fb2\" style=\"width:135px\"><iframe src=\"\/\/www.facebook.com\/plugins\/like.php?href=https%3A%2F%2Fwww.caritasne2.org.br%2Fsite%2Fprojeto-misereor-vai-formar-liderancas-jovens-em-maravilha%2F&amp;layout=button_count&amp;action=like&amp;show_faces=false&amp;share=true&amp;width=135&amp;height=21&amp;appId=307091639398582\" scrolling=\"no\" frameborder=\"0\" style=\"border:none; overflow:hidden;  width:150px; height:21px;\" allowTransparency=\"true\"><\/iframe><\/li><li class=\"twtr\" style=\"width:90px\"><a href=\"https:\/\/twitter.com\/share\" class=\"twitter-share-button\" data-url=\"https:\/\/www.caritasne2.org.br\/site\/projeto-misereor-vai-formar-liderancas-jovens-em-maravilha\/\">&nbsp;<\/a><script>!function(d,s,id){var js,fjs=d.getElementsByTagName(s)[0],p=\/^http:\/.test(d.location)?'http':'https';if(!d.getElementById(id)){js=d.createElement(s);js.id=id;js.src=p+':\/\/platform.twitter.com\/widgets.js';fjs.parentNode.insertBefore(js,fjs);}}(document, 'script', 'twitter-wjs');<\/script><\/li><li class=\"gplus\" style=\"width:68px\"><div class=\"g-plusone\" data-size=\"medium\" data-href=\"https:\/\/www.caritasne2.org.br\/site\/projeto-misereor-vai-formar-liderancas-jovens-em-maravilha\/\"><\/div><\/li><li class=\"ssb_linkedin\" style=\"width:64px\"><script src=\"\/\/platform.linkedin.com\/in.js\" type=\"text\/javascript\">lang: en_US<\/script><script type=\"IN\/Share\" data-url=\"https:\/\/www.caritasne2.org.br\/site\/projeto-misereor-vai-formar-liderancas-jovens-em-maravilha\/\" data-counter=\"right\"><\/script><\/li><\/ul>","protected":false},"author":4,"featured_media":6086,"comment_status":"open","ping_status":"open","sticky":false,"template":"","format":"standard","meta":[],"categories":[21,20,466,259],"tags":[],"_links":{"self":[{"href":"https:\/\/www.caritasne2.org.br\/site\/wp-json\/wp\/v2\/posts\/6085"}],"collection":[{"href":"https:\/\/www.caritasne2.org.br\/site\/wp-json\/wp\/v2\/posts"}],"about":[{"href":"https:\/\/www.caritasne2.org.br\/site\/wp-json\/wp\/v2\/types\/post"}],"author":[{"embeddable":true,"href":"https:\/\/www.caritasne2.org.br\/site\/wp-json\/wp\/v2\/users\/4"}],"replies":[{"embeddable":true,"href":"https:\/\/www.caritasne2.org.br\/site\/wp-json\/wp\/v2\/comments?post=6085"}],"version-history":[{"count":0,"href":"https:\/\/www.caritasne2.org.br\/site\/wp-json\/wp\/v2\/posts\/6085\/revisions"}],"wp:featuredmedia":[{"embeddable":true,"href":"https:\/\/www.caritasne2.org.br\/site\/wp-json\/wp\/v2\/media\/6086"}],"wp:attachment":[{"href":"https:\/\/www.caritasne2.org.br\/site\/wp-json\/wp\/v2\/media?parent=6085"}],"wp:term":[{"taxonomy":"category","embeddable":true,"href":"https:\/\/www.caritasne2.org.br\/site\/wp-json\/wp\/v2\/categories?post=6085"},{"taxonomy":"post_tag","embeddable":true,"href":"https:\/\/www.caritasne2.org.br\/site\/wp-json\/wp\/v2\/tags?post=6085"}],"curies":[{"name":"wp","href":"https:\/\/api.w.org\/{rel}","templated":true}]}}