{"id":6081,"date":"2019-09-30T16:42:20","date_gmt":"2019-09-30T19:42:20","guid":{"rendered":"http:\/\/www.caritasne2.org.br\/?p=6081"},"modified":"2019-10-01T16:45:36","modified_gmt":"2019-10-01T19:45:36","slug":"projeto-manos-unidas-inicia-atividades-no-agreste-pernambucano","status":"publish","type":"post","link":"https:\/\/www.caritasne2.org.br\/site\/projeto-manos-unidas-inicia-atividades-no-agreste-pernambucano\/","title":{"rendered":"Projeto Manos Unidas inicia atividades no Agreste pernambucano"},"content":{"rendered":"<p style=\"text-align: justify;\">Para contribuir com a forma\u00e7\u00e3o permanente de conhecimento e a cria\u00e7\u00e3o de uma consci\u00eancia cr\u00edtica e propositiva de mulheres e homens jovens do Agreste pernambucano, a C\u00e1ritas Regional Nordeste 2 iniciou, na manh\u00e3 do \u00faltimo s\u00e1bado\u00a0 (28), o Projeto C\u00e1ritas Manos Unidas (PCMU), executado em parceria com a C\u00e1ritas Diocesana de Garanhuns e com o \u00a0F\u00f3rum da Rede C\u00e1ritas do Estado de Pernambuco.<\/p>\n<p style=\"text-align: justify;\">A atividade inicial reuniu no Sindicato dos Trabalhadores Rurais da cidade, mais de 50 jovens das comunidades quilombolas dos s\u00edtios Flores, Angico e Amargoso e da localidade de Boa Sorte, todas do munic\u00edpio de Bom Conselho. A ideia foi realizar uma primeira integra\u00e7\u00e3o do grupo, para a apresenta\u00e7\u00e3o dos objetivos do projeto e as propostas de trabalho. Durante o encontro, os participantes tiveram a oportunidade de se conhecerem, assim como de apresentarem cada uma das suas comunidades de forma l\u00fadica e criativa para que juntos possam se fortalecer nas regi\u00f5es onde vivem.<\/p>\n<p style=\"text-align: justify;\">Em uma das linhas de a\u00e7\u00e3o o Projeto Manos Unidas vai promover processos sustent\u00e1veis de gera\u00e7\u00e3o de renda por meio do incentivo a forma\u00e7\u00e3o de novos empreendimentos, fortalecimento de iniciativas existentes ou na implanta\u00e7\u00e3o de projetos agroecol\u00f3gicos de produ\u00e7\u00e3o para 80 jovens da \u00e1rea rural atrav\u00e9s de Fundo Rotativo Solid\u00e1rio sustent\u00e1vel que possa beneficiar a juventude local com novos empreendimentos. Entre as preocupa\u00e7\u00f5es motivadoras do trabalho est\u00e1 o \u00eaxodo da m\u00e3o de obra jovem das \u00e1reas rurais para as cidades.<\/p>\n<p>&nbsp;<\/p>\n<ul class=\"ssb_list_wrapper\"><li class=\"fb2\" style=\"width:135px\"><iframe src=\"\/\/www.facebook.com\/plugins\/like.php?href=https%3A%2F%2Fwww.caritasne2.org.br%2Fsite%2Fprojeto-manos-unidas-inicia-atividades-no-agreste-pernambucano%2F&amp;layout=button_count&amp;action=like&amp;show_faces=false&amp;share=true&amp;width=135&amp;height=21&amp;appId=307091639398582\" scrolling=\"no\" frameborder=\"0\" style=\"border:none; overflow:hidden;  width:150px; height:21px;\" allowTransparency=\"true\"><\/iframe><\/li><li class=\"twtr\" style=\"width:90px\"><a href=\"https:\/\/twitter.com\/share\" class=\"twitter-share-button\" data-url=\"https:\/\/www.caritasne2.org.br\/site\/projeto-manos-unidas-inicia-atividades-no-agreste-pernambucano\/\">&nbsp;<\/a><script>!function(d,s,id){var js,fjs=d.getElementsByTagName(s)[0],p=\/^http:\/.test(d.location)?'http':'https';if(!d.getElementById(id)){js=d.createElement(s);js.id=id;js.src=p+':\/\/platform.twitter.com\/widgets.js';fjs.parentNode.insertBefore(js,fjs);}}(document, 'script', 'twitter-wjs');<\/script><\/li><li class=\"gplus\" style=\"width:68px\"><div class=\"g-plusone\" data-size=\"medium\" data-href=\"https:\/\/www.caritasne2.org.br\/site\/projeto-manos-unidas-inicia-atividades-no-agreste-pernambucano\/\"><\/div><\/li><li class=\"ssb_linkedin\" style=\"width:64px\"><script src=\"\/\/platform.linkedin.com\/in.js\" type=\"text\/javascript\">lang: en_US<\/script><script type=\"IN\/Share\" data-url=\"https:\/\/www.caritasne2.org.br\/site\/projeto-manos-unidas-inicia-atividades-no-agreste-pernambucano\/\" data-counter=\"right\"><\/script><\/li><\/ul>","protected":false},"excerpt":{"rendered":"<p>Para contribuir com a forma\u00e7\u00e3o permanente de conhecimento e a cria\u00e7\u00e3o de uma consci\u00eancia cr\u00edtica e propositiva de mulheres e homens jovens do Agreste pernambucano, a C\u00e1ritas Regional Nordeste 2 iniciou, na manh\u00e3 do \u00faltimo s\u00e1bado\u00a0 (28), o Projeto C\u00e1ritas Manos Unidas (PCMU), executado em parceria com a C\u00e1ritas Diocesana de Garanhuns e com o \u00a0F\u00f3rum da Rede C\u00e1ritas do Estado de Pernambuco. A atividade [&hellip;]<\/p>\n<ul class=\"ssb_list_wrapper\"><li class=\"fb2\" style=\"width:135px\"><iframe src=\"\/\/www.facebook.com\/plugins\/like.php?href=https%3A%2F%2Fwww.caritasne2.org.br%2Fsite%2Fprojeto-manos-unidas-inicia-atividades-no-agreste-pernambucano%2F&amp;layout=button_count&amp;action=like&amp;show_faces=false&amp;share=true&amp;width=135&amp;height=21&amp;appId=307091639398582\" scrolling=\"no\" frameborder=\"0\" style=\"border:none; overflow:hidden;  width:150px; height:21px;\" allowTransparency=\"true\"><\/iframe><\/li><li class=\"twtr\" style=\"width:90px\"><a href=\"https:\/\/twitter.com\/share\" class=\"twitter-share-button\" data-url=\"https:\/\/www.caritasne2.org.br\/site\/projeto-manos-unidas-inicia-atividades-no-agreste-pernambucano\/\">&nbsp;<\/a><script>!function(d,s,id){var js,fjs=d.getElementsByTagName(s)[0],p=\/^http:\/.test(d.location)?'http':'https';if(!d.getElementById(id)){js=d.createElement(s);js.id=id;js.src=p+':\/\/platform.twitter.com\/widgets.js';fjs.parentNode.insertBefore(js,fjs);}}(document, 'script', 'twitter-wjs');<\/script><\/li><li class=\"gplus\" style=\"width:68px\"><div class=\"g-plusone\" data-size=\"medium\" data-href=\"https:\/\/www.caritasne2.org.br\/site\/projeto-manos-unidas-inicia-atividades-no-agreste-pernambucano\/\"><\/div><\/li><li class=\"ssb_linkedin\" style=\"width:64px\"><script src=\"\/\/platform.linkedin.com\/in.js\" type=\"text\/javascript\">lang: en_US<\/script><script type=\"IN\/Share\" data-url=\"https:\/\/www.caritasne2.org.br\/site\/projeto-manos-unidas-inicia-atividades-no-agreste-pernambucano\/\" data-counter=\"right\"><\/script><\/li><\/ul>","protected":false},"author":4,"featured_media":6082,"comment_status":"open","ping_status":"open","sticky":false,"template":"","format":"standard","meta":[],"categories":[21,20,466,259],"tags":[],"_links":{"self":[{"href":"https:\/\/www.caritasne2.org.br\/site\/wp-json\/wp\/v2\/posts\/6081"}],"collection":[{"href":"https:\/\/www.caritasne2.org.br\/site\/wp-json\/wp\/v2\/posts"}],"about":[{"href":"https:\/\/www.caritasne2.org.br\/site\/wp-json\/wp\/v2\/types\/post"}],"author":[{"embeddable":true,"href":"https:\/\/www.caritasne2.org.br\/site\/wp-json\/wp\/v2\/users\/4"}],"replies":[{"embeddable":true,"href":"https:\/\/www.caritasne2.org.br\/site\/wp-json\/wp\/v2\/comments?post=6081"}],"version-history":[{"count":0,"href":"https:\/\/www.caritasne2.org.br\/site\/wp-json\/wp\/v2\/posts\/6081\/revisions"}],"wp:featuredmedia":[{"embeddable":true,"href":"https:\/\/www.caritasne2.org.br\/site\/wp-json\/wp\/v2\/media\/6082"}],"wp:attachment":[{"href":"https:\/\/www.caritasne2.org.br\/site\/wp-json\/wp\/v2\/media?parent=6081"}],"wp:term":[{"taxonomy":"category","embeddable":true,"href":"https:\/\/www.caritasne2.org.br\/site\/wp-json\/wp\/v2\/categories?post=6081"},{"taxonomy":"post_tag","embeddable":true,"href":"https:\/\/www.caritasne2.org.br\/site\/wp-json\/wp\/v2\/tags?post=6081"}],"curies":[{"name":"wp","href":"https:\/\/api.w.org\/{rel}","templated":true}]}}